{"id":126842,"date":"2020-05-31T23:11:52","date_gmt":"2020-06-01T04:11:52","guid":{"rendered":"http:\/\/visionpeninsular.com\/mid\/?p=126842"},"modified":"2020-06-01T06:31:58","modified_gmt":"2020-06-01T11:31:58","slug":"50o-aniversario-de-la-declaracion-de-la-virgen-de-izamal-como-patrona-de-yucatan","status":"publish","type":"post","link":"https:\/\/visionpeninsular.com\/mid\/50o-aniversario-de-la-declaracion-de-la-virgen-de-izamal-como-patrona-de-yucatan\/","title":{"rendered":"50\u00ba.  Aniversario de la declaraci\u00f3n de la Virgen de Izamal como Patrona de Yucat\u00e1n"},"content":{"rendered":"\n<p>La ciudad de Izamal, conocida como la \u201cCiudad de los Cerros\u201d debido a las cinco grandes pir\u00e1mides mayas ah\u00ed encontradas, tambi\u00e9n es conocida &nbsp;como la \u201cCiudad de las Tres Culturas\u201d por sus fuertes ra\u00edces hist\u00f3ricas provenientes de la era prehisp\u00e1nica, la colonial y la del M\u00e9xico contempor\u00e1neo.<\/p>\n\n\n\n<p>Izamal fue un lugar importante para la civilizaci\u00f3n maya. Posteriormente, en el siglo XVI, los conquistadores espa\u00f1oles construyeron una iglesia en la c\u00faspide de una gran pir\u00e1mide, as\u00ed como un convento franciscano llamado San Antonio de Padua, el segundo m\u00e1s grande del mundo.<\/p>\n\n\n\n<figure class=\"wp-block-image size-large\"><img loading=\"lazy\" width=\"259\" height=\"194\" src=\"http:\/\/visionpeninsular.com\/mid\/wp-content\/uploads\/2020\/05\/convento.jpg\" alt=\"\" class=\"wp-image-126844\"\/><\/figure>\n\n\n\n<p>Fray Diego de Landa, arrepentido por haber quemado los c\u00f3dices mayas, mand\u00f3 hacer a Guatemala un par de estatuas gemelas de la Virgen, una para Izamal y otra para M\u00e9rida. La Virgen de Izamal fue conocida por sus m\u00faltiples milagros, incluyendo ponerse mucho m\u00e1s pesada al intentar transportarla a Valladolid, pero principalmente por los viajes que hizo a M\u00e9rida, liber\u00e1ndola de varias epidemias y plagas de langostas. El 16 de abril de 1829 un fuego devastador destruy\u00f3 a la Virgen de Izamal, incitando a que su gente pidiera a M\u00e9rida donar su estatua, la otra gemela del par original. El deseo fue concedido, y fue llevada a Izamal desde M\u00e9rida en una procesi\u00f3n solemne. A\u00fan reside en la peque\u00f1a capilla Camar\u00edn, detr\u00e1s de la iglesia.<\/p>\n\n\n\n<p>Izamal sigue siendo al d\u00eda de hoy un lugar de peregrinaciones religiosas para la congregaci\u00f3n cat\u00f3lica, debido a que la modesta estatua de Nuestra Se\u00f1ora de Izamal (la Inmaculada Concepci\u00f3n) ha sido proclamada Patrona de Yucat\u00e1n, y es celebrada el 8 de diciembre con una gran fiesta, con muchas actividades que toman lugar desde una semana antes.<\/p>\n\n\n\n<p>Este 31 de mayo de 2020, se cumplen 50 a\u00f1os &nbsp;de la Declaraci\u00f3n Pontificia de Nuestra Se\u00f1ora de Izamal como <strong><em>CELESTIAL PATRONA DE LA ARQUIDI\u00d3CESIS DE YUCAT\u00c1N<\/em><\/strong>.<\/p>\n\n\n\n<p>EL 31 de mayo de 1970&nbsp; el Arzobispo &nbsp;de Yucat\u00e1n,&nbsp; Dr. Manuel Castro Ruiz, celebr\u00f3 la misa en el atrio del Convento Franciscano como uno de los actos conmemorativos de la Cruzada Nacional de la Oraci\u00f3n en Familia, &nbsp;misma fecha en que la imagen de la Virgen de la Concepci\u00f3n fue trasladada a la ciudad de M\u00e9rida donde se le declar\u00f3 <strong><em>CELESTIAL PATRONA PRINCIPAL DE LA ARQUIDI\u00d3CESIS DE YUCAT\u00c1N.<\/em><\/strong><\/p>\n\n\n\n<p>Asimismo, el 31 de mayo, o el fin de semana m\u00e1s cercano a esta fecha, Izamal le da la bienvenida a la peregrinaci\u00f3n del Arzobispo de Yucat\u00e1n, quien cumple su promesa de asistir a\u00f1o con a\u00f1o a honrar a la Patrona de Yucat\u00e1n; y el 22 de agosto es la celebraci\u00f3n anual del aniversario de la primera coronaci\u00f3n a la Virgen, realizada en 1949.<\/p>\n<div class='share-to-whatsapp-wrapper'><div class='share-on-whsp'>Share on: <\/div><a data-text='50\u00ba.  Aniversario de la declaraci\u00f3n de la Virgen de Izamal como Patrona de Yucat\u00e1n' data-link='https:\/\/visionpeninsular.com\/mid\/50o-aniversario-de-la-declaracion-de-la-virgen-de-izamal-como-patrona-de-yucatan\/' class='whatsapp-button whatsapp-share'>WhatsApp<\/a><div class='clear '><\/div><\/div>","protected":false},"excerpt":{"rendered":"<p>La ciudad de Izamal, conocida como la \u201cCiudad de los Cerros\u201d debido a las cinco grandes pir\u00e1mides mayas ah\u00ed encontradas, tambi\u00e9n es conocida &nbsp;como la \u201cCiudad de las Tres Culturas\u201d por sus fuertes ra\u00edces hist\u00f3ricas provenientes de la era prehisp\u00e1nica, la colonial y la del M\u00e9xico contempor\u00e1neo. Izamal fue un lugar importante para la civilizaci\u00f3n &hellip;<\/p>\n","protected":false},"author":5,"featured_media":126843,"comment_status":"open","ping_status":"open","sticky":false,"template":"","format":"standard","meta":{"_mi_skip_tracking":false},"categories":[50,37],"tags":[21455,21453,21454],"_links":{"self":[{"href":"https:\/\/visionpeninsular.com\/mid\/wp-json\/wp\/v2\/posts\/126842"}],"collection":[{"href":"https:\/\/visionpeninsular.com\/mid\/wp-json\/wp\/v2\/posts"}],"about":[{"href":"https:\/\/visionpeninsular.com\/mid\/wp-json\/wp\/v2\/types\/post"}],"author":[{"embeddable":true,"href":"https:\/\/visionpeninsular.com\/mid\/wp-json\/wp\/v2\/users\/5"}],"replies":[{"embeddable":true,"href":"https:\/\/visionpeninsular.com\/mid\/wp-json\/wp\/v2\/comments?post=126842"}],"version-history":[{"count":2,"href":"https:\/\/visionpeninsular.com\/mid\/wp-json\/wp\/v2\/posts\/126842\/revisions"}],"predecessor-version":[{"id":126848,"href":"https:\/\/visionpeninsular.com\/mid\/wp-json\/wp\/v2\/posts\/126842\/revisions\/126848"}],"wp:featuredmedia":[{"embeddable":true,"href":"https:\/\/visionpeninsular.com\/mid\/wp-json\/wp\/v2\/media\/126843"}],"wp:attachment":[{"href":"https:\/\/visionpeninsular.com\/mid\/wp-json\/wp\/v2\/media?parent=126842"}],"wp:term":[{"taxonomy":"category","embeddable":true,"href":"https:\/\/visionpeninsular.com\/mid\/wp-json\/wp\/v2\/categories?post=126842"},{"taxonomy":"post_tag","embeddable":true,"href":"https:\/\/visionpeninsular.com\/mid\/wp-json\/wp\/v2\/tags?post=126842"}],"curies":[{"name":"wp","href":"https:\/\/api.w.org\/{rel}","templated":true}]}}