{"id":126704,"date":"2020-05-30T13:37:27","date_gmt":"2020-05-30T18:37:27","guid":{"rendered":"http:\/\/visionpeninsular.com\/mid\/?p=126704"},"modified":"2020-05-30T13:37:58","modified_gmt":"2020-05-30T18:37:58","slug":"urge-ue-a-trump-a-repensar-sobre-ruptura-con-la-oms","status":"publish","type":"post","link":"https:\/\/visionpeninsular.com\/mid\/urge-ue-a-trump-a-repensar-sobre-ruptura-con-la-oms\/","title":{"rendered":"Urge UE a Trump a repensar sobre ruptura con la OMS"},"content":{"rendered":"\n<p>La <strong>Uni\u00f3n Europea (UE)<\/strong> pidi\u00f3 hoy a <strong>Estados Unidos<\/strong> que<strong> &#8220;reconsidere&#8221;<\/strong> su <strong>decisi\u00f3n<\/strong> de<strong> cortar<\/strong> los lazos con la <strong>OMS<\/strong>, ya que la<strong> &#8220;solidaridad mundial&#8221;<\/strong> y la <strong>&#8220;cooperaci\u00f3n multilateral&#8221; <\/strong>ser\u00e1n la<strong> \u00fanica manera<\/strong> de <strong>ganar<\/strong> la batalla a la <strong>pandemia<\/strong>, que sigue <strong>avanzando<\/strong> en pa\u00edses como <strong>Brasil<\/strong>.<\/p>\n\n\n\n<blockquote class=\"wp-block-quote\"><p>&#8220;La cooperaci\u00f3n y solidaridad mundiales mediante esfuerzos multilaterales son los \u00fanicos medios eficaces y viables de ganar esta batalla que libra el mundo&#8221;, dijeron en un comunicado conjunto la presidenta de la Comisi\u00f3n Europea, Ursula von der Leyen, y el responsable de la diplomacia de la Uni\u00f3n Europea (UE), Josep Borrell.<\/p><\/blockquote>\n\n\n\n<p>La manera en que la <strong>Organizaci\u00f3n Mundial de la Salud (OMS)<\/strong> ha<strong> gestionado<\/strong> esta <strong>pandemia<\/strong> ha sido objeto de <strong>cr\u00edticas<\/strong> de <strong>Estados Unidos<\/strong> desde hace semanas.<\/p>\n\n\n\n<div class=\"wp-block-image\"><figure class=\"aligncenter size-large is-resized\"><img loading=\"lazy\" src=\"http:\/\/visionpeninsular.com\/mid\/wp-content\/uploads\/2020\/05\/INSUMOS-COVID-ONU-1.jpg\" alt=\"\" class=\"wp-image-126709\" width=\"371\" height=\"267\" srcset=\"https:\/\/visionpeninsular.com\/mid\/wp-content\/uploads\/2020\/05\/INSUMOS-COVID-ONU-1.jpg 480w, https:\/\/visionpeninsular.com\/mid\/wp-content\/uploads\/2020\/05\/INSUMOS-COVID-ONU-1-300x216.jpg 300w\" sizes=\"(max-width: 371px) 100vw, 371px\" \/><\/figure><\/div>\n\n\n\n<p>A los comentarios negativos de Washington sigui\u00f3 su decisi\u00f3n de reducir la contribuci\u00f3n financiera a la organizaci\u00f3n y finalmente, el viernes, <a href=\"https:\/\/www.excelsior.com.mx\/global\/eu-rompe-relacion-con-la-oms-por-enganar-al-mundo-anuncia-trump\/1385036\" target=\"_blank\" rel=\"noreferrer noopener\">Trump anunci\u00f3 que cortaba sus lazos con la agencia de salud de la ONU<\/a>.<\/p>\n\n\n\n<blockquote class=\"wp-block-quote\"><p>&#8220;La OMS tiene que seguir estando en condiciones de dirigir la respuesta internacional a las pandemias actuales y futuras. Para ello, la participaci\u00f3n y el apoyo de todos son necesarios e indispensables&#8221;, agregaron Von der Leyen y Borrell.<\/p><\/blockquote>\n\n\n\n<blockquote class=\"wp-block-quote\"><p>&#8220;Instamos a Estados Unidos a que reconsidere la decisi\u00f3n anunciada&#8221;, pidieron, explicando que la UE sigue apoyando a la OMS y ha entregado ya fondos suplementarios.<\/p><\/blockquote>\n\n\n\n<p>Desde el comienzo de la epidemia, Trump reproch\u00f3 a la OMS que era demasiado indulgente con China. Estados Unidos, primer donante de la OMS, &#8220;redirigir\u00e1 estos fondos financieros a otras necesidades de salud p\u00fablica urgentes y globales que lo merezcan&#8221;, seg\u00fan su presidente.<\/p>\n\n\n\n<h3>Pierden los m\u00e1s pobres<\/h3>\n\n\n\n<p>Estados Unidos aportaba el 15% del total de presupuesto de la OMS, que maneja una cantidad de dinero &#8220;muy similar a la de un hospital de talla media en un pa\u00eds desarrollado&#8221;, seg\u00fan su director general, Tedros Adhanom Ghebreyesus.<\/p>\n\n\n\n<p>En total, la organizaci\u00f3n da trabajo a 7 mil personas en todo el mundo.<\/p>\n\n\n\n<p>La decisi\u00f3n de Trump pondr\u00e1 sin duda en peligro programas sanitarios en los pa\u00edses m\u00e1s pobres del mundo, manifestaron expertos.<\/p>\n\n\n\n<p>Es una decisi\u00f3n &#8220;loca y aterradora&#8221;, la defini\u00f3 Richard Horton, redactor-jefe de la prestigiosa revista m\u00e9dica brit\u00e1nica<em> The Lancet.<\/em><\/p>\n\n\n\n<div class=\"wp-block-image\"><figure class=\"aligncenter size-large is-resized\"><img loading=\"lazy\" src=\"http:\/\/visionpeninsular.com\/mid\/wp-content\/uploads\/2020\/05\/COVID-Y-POBRES.png\" alt=\"\" class=\"wp-image-126710\" width=\"358\" height=\"180\" srcset=\"https:\/\/visionpeninsular.com\/mid\/wp-content\/uploads\/2020\/05\/COVID-Y-POBRES.png 585w, https:\/\/visionpeninsular.com\/mid\/wp-content\/uploads\/2020\/05\/COVID-Y-POBRES-300x151.png 300w\" sizes=\"(max-width: 358px) 100vw, 358px\" \/><\/figure><\/div>\n\n\n\n<p>La contribuci\u00f3n estadounidense se destina esencialmente a \u00c1frica y Medio Oriente. Cerca de un tercio de estas contribuciones cofinancia las operaciones de lucha contra las urgencias sanitarias, y el resto es dedicado a los programas de erradicaci\u00f3n de la poliomielitis, a la mejora del acceso a los servicios de salud y a la prevenci\u00f3n y la lucha contra las epidemias.<\/p>\n\n\n\n<p>La decisi\u00f3n de Estados Unidos se produce en un momento en que la pandemia no da tregua en el pa\u00eds.<\/p>\n\n\n\n<p>El viernes registr\u00f3 mil 225 nuevas muertes por coronavirus y en total, el Covid-19 ya se ha cobrado m\u00e1s de 102 mil vidas, aunque las cifras reales podr\u00edan ser muy superiores. (EXCELSIOR)<\/p>\n<div class='share-to-whatsapp-wrapper'><div class='share-on-whsp'>Share on: <\/div><a data-text='Urge UE a Trump a repensar sobre ruptura con la OMS' data-link='https:\/\/visionpeninsular.com\/mid\/urge-ue-a-trump-a-repensar-sobre-ruptura-con-la-oms\/' class='whatsapp-button whatsapp-share'>WhatsApp<\/a><div class='clear '><\/div><\/div>","protected":false},"excerpt":{"rendered":"<p>La Uni\u00f3n Europea (UE) pidi\u00f3 hoy a Estados Unidos que &#8220;reconsidere&#8221; su decisi\u00f3n de cortar los lazos con la OMS, ya que la &#8220;solidaridad mundial&#8221; y la &#8220;cooperaci\u00f3n multilateral&#8221; ser\u00e1n la \u00fanica manera de ganar la batalla a la pandemia, que sigue avanzando en pa\u00edses como Brasil. &#8220;La cooperaci\u00f3n y solidaridad mundiales mediante esfuerzos multilaterales &hellip;<\/p>\n","protected":false},"author":10,"featured_media":126707,"comment_status":"open","ping_status":"open","sticky":false,"template":"","format":"standard","meta":{"_mi_skip_tracking":false},"categories":[19441,37],"tags":[],"_links":{"self":[{"href":"https:\/\/visionpeninsular.com\/mid\/wp-json\/wp\/v2\/posts\/126704"}],"collection":[{"href":"https:\/\/visionpeninsular.com\/mid\/wp-json\/wp\/v2\/posts"}],"about":[{"href":"https:\/\/visionpeninsular.com\/mid\/wp-json\/wp\/v2\/types\/post"}],"author":[{"embeddable":true,"href":"https:\/\/visionpeninsular.com\/mid\/wp-json\/wp\/v2\/users\/10"}],"replies":[{"embeddable":true,"href":"https:\/\/visionpeninsular.com\/mid\/wp-json\/wp\/v2\/comments?post=126704"}],"version-history":[{"count":1,"href":"https:\/\/visionpeninsular.com\/mid\/wp-json\/wp\/v2\/posts\/126704\/revisions"}],"predecessor-version":[{"id":126711,"href":"https:\/\/visionpeninsular.com\/mid\/wp-json\/wp\/v2\/posts\/126704\/revisions\/126711"}],"wp:featuredmedia":[{"embeddable":true,"href":"https:\/\/visionpeninsular.com\/mid\/wp-json\/wp\/v2\/media\/126707"}],"wp:attachment":[{"href":"https:\/\/visionpeninsular.com\/mid\/wp-json\/wp\/v2\/media?parent=126704"}],"wp:term":[{"taxonomy":"category","embeddable":true,"href":"https:\/\/visionpeninsular.com\/mid\/wp-json\/wp\/v2\/categories?post=126704"},{"taxonomy":"post_tag","embeddable":true,"href":"https:\/\/visionpeninsular.com\/mid\/wp-json\/wp\/v2\/tags?post=126704"}],"curies":[{"name":"wp","href":"https:\/\/api.w.org\/{rel}","templated":true}]}}