{"id":126684,"date":"2020-05-30T11:45:10","date_gmt":"2020-05-30T16:45:10","guid":{"rendered":"http:\/\/visionpeninsular.com\/mid\/?p=126684"},"modified":"2020-05-30T11:47:04","modified_gmt":"2020-05-30T16:47:04","slug":"suspension-temporal-del-rastro-de-merida-detectan-covid-19-en-17-trabajadores","status":"publish","type":"post","link":"https:\/\/visionpeninsular.com\/mid\/suspension-temporal-del-rastro-de-merida-detectan-covid-19-en-17-trabajadores\/","title":{"rendered":"Suspensi\u00f3n temporal del rastro de M\u00e9rida; detectan COVID-19  en 17 trabajadores"},"content":{"rendered":"\n<p>La administraci\u00f3n del Rastro Municipal, de acuerdo con el Ayuntamiento de M\u00e9rida decidieron la suspensi\u00f3n temporal &nbsp;durante 14 d\u00edas, &nbsp;las actividades del mencionado centro de trabajo, con el objetivo de proteger la salud de sus trabajadores a partir del lunes 1 de junio.<\/p>\n\n\n\n<p>La administraci\u00f3n del Rastro Municipal destac\u00f3 el car\u00e1cter preventivo de esta medida y asegur\u00f3 que el abasto de carne en la ciudad est\u00e1 garantizado y no representa riesgo alguno para los consumidores.<\/p>\n\n\n\n<p>Desde el inicio de la contingencia sanitaria y siguiendo las indicaciones giradas por la administraci\u00f3n municipal, el Rastro Municipal activ\u00f3 los protocolos de prevenci\u00f3n mediante filtros sanitarios en los accesos y la determinaci\u00f3n de que el 7% de los colaboradores permaneciera en sus casas debido a que formaban parte de la poblaci\u00f3n vulnerable por diabetes, hipertensi\u00f3n, embarazo o edad.<\/p>\n\n\n\n<p>Asimismo, la administraci\u00f3n del Rastro con apoyo del Ayuntamiento adquiri\u00f3 implementos de trabajo para la protecci\u00f3n de sus trabajadores, como cubrebocas, guantes, googles, caretas y gel antibacterial, y estableci\u00f3 el filtro sanitario con medici\u00f3n de temperatura e instal\u00f3 un t\u00fanel sanitizante y lavamanos, as\u00ed como tapetes sanitarios en las distintas zonas de acceso.<\/p>\n\n\n\n<p>Las &nbsp;\u00e1reas comunes se acondicionaron &nbsp;con equipos de ozono para mejorar la calidad del aire y se procedi\u00f3 a la diaria desinfecci\u00f3n y sanitizaci\u00f3n del edificio y &nbsp;el personal se dividi\u00f3 en diferentes turnos para realizar las labores necesarias en los procesos de rastro.<\/p>\n\n\n\n<p>Adicionalmente, el pasado lunes se realizaron pruebas aleatorias en coordinaci\u00f3n con los Servicios de Salud de Yucat\u00e1n (SSY) sobre una muestra de 35 trabajadores de los cuales 17 dieron positivo a coronavirus.<\/p>\n\n\n\n<p>De ese resultado, se determin\u00f3 la medida de suspensi\u00f3n temporal en las instalaciones.<\/p>\n\n\n\n<p>En el Rastro Municipal trabajan 140 personas en total, las actividades se reanudar\u00e1n luego de 14 d\u00edas.<\/p>\n<div class='share-to-whatsapp-wrapper'><div class='share-on-whsp'>Share on: <\/div><a data-text='Suspensi\u00f3n temporal del rastro de M\u00e9rida; detectan COVID-19  en 17 trabajadores' data-link='https:\/\/visionpeninsular.com\/mid\/suspension-temporal-del-rastro-de-merida-detectan-covid-19-en-17-trabajadores\/' class='whatsapp-button whatsapp-share'>WhatsApp<\/a><div class='clear '><\/div><\/div>","protected":false},"excerpt":{"rendered":"<p>La administraci\u00f3n del Rastro Municipal, de acuerdo con el Ayuntamiento de M\u00e9rida decidieron la suspensi\u00f3n temporal &nbsp;durante 14 d\u00edas, &nbsp;las actividades del mencionado centro de trabajo, con el objetivo de proteger la salud de sus trabajadores a partir del lunes 1 de junio. La administraci\u00f3n del Rastro Municipal destac\u00f3 el car\u00e1cter preventivo de esta medida &hellip;<\/p>\n","protected":false},"author":5,"featured_media":126685,"comment_status":"open","ping_status":"open","sticky":false,"template":"","format":"standard","meta":{"_mi_skip_tracking":false},"categories":[50,37],"tags":[13587,21436],"_links":{"self":[{"href":"https:\/\/visionpeninsular.com\/mid\/wp-json\/wp\/v2\/posts\/126684"}],"collection":[{"href":"https:\/\/visionpeninsular.com\/mid\/wp-json\/wp\/v2\/posts"}],"about":[{"href":"https:\/\/visionpeninsular.com\/mid\/wp-json\/wp\/v2\/types\/post"}],"author":[{"embeddable":true,"href":"https:\/\/visionpeninsular.com\/mid\/wp-json\/wp\/v2\/users\/5"}],"replies":[{"embeddable":true,"href":"https:\/\/visionpeninsular.com\/mid\/wp-json\/wp\/v2\/comments?post=126684"}],"version-history":[{"count":1,"href":"https:\/\/visionpeninsular.com\/mid\/wp-json\/wp\/v2\/posts\/126684\/revisions"}],"predecessor-version":[{"id":126686,"href":"https:\/\/visionpeninsular.com\/mid\/wp-json\/wp\/v2\/posts\/126684\/revisions\/126686"}],"wp:featuredmedia":[{"embeddable":true,"href":"https:\/\/visionpeninsular.com\/mid\/wp-json\/wp\/v2\/media\/126685"}],"wp:attachment":[{"href":"https:\/\/visionpeninsular.com\/mid\/wp-json\/wp\/v2\/media?parent=126684"}],"wp:term":[{"taxonomy":"category","embeddable":true,"href":"https:\/\/visionpeninsular.com\/mid\/wp-json\/wp\/v2\/categories?post=126684"},{"taxonomy":"post_tag","embeddable":true,"href":"https:\/\/visionpeninsular.com\/mid\/wp-json\/wp\/v2\/tags?post=126684"}],"curies":[{"name":"wp","href":"https:\/\/api.w.org\/{rel}","templated":true}]}}