{"id":126680,"date":"2020-05-30T11:21:06","date_gmt":"2020-05-30T16:21:06","guid":{"rendered":"http:\/\/visionpeninsular.com\/mid\/?p=126680"},"modified":"2020-05-30T11:22:07","modified_gmt":"2020-05-30T16:22:07","slug":"renan-barrera-propondra-al-cabildo-extension-de-descuento-en-el-isai","status":"publish","type":"post","link":"https:\/\/visionpeninsular.com\/mid\/renan-barrera-propondra-al-cabildo-extension-de-descuento-en-el-isai\/","title":{"rendered":"Ren\u00e1n Barrera propondr\u00e1 al Cabildo extensi\u00f3n de descuento en el ISAI"},"content":{"rendered":"\n<p>El Ayuntamiento de M\u00e9rida solidario con los diferentes sectores de la sociedad<\/p>\n\n\n\n<p>El alcalde Ren\u00e1n Barrera Concha presentar\u00e1 ante el Cabildo la propuesta para que se extienda al mes de junio la bonificaci\u00f3n del 50% del Impuesto sobre Adquisici\u00f3n de Inmuebles (ISAI), ya que ha resultado un factor importante entre las acciones y programas de apoyo que implement\u00f3 el Ayuntamiento para impulsar la reactivaci\u00f3n econ\u00f3mica.<\/p>\n\n\n\n<p>\u2014Es nuestro deber como autoridades facilitar al ciudadano las medidas pertinentes para agilizar la reactivaci\u00f3n de sus actividades \u2014abund\u00f3\u2014. En el caso del descuento al pago del ISAI ha tenido buena respuesta y por eso propondr\u00e9 al Cabildo que podamos extenderlo.<\/p>\n\n\n\n<p>Como informamos, en los \u00faltimos d\u00edas de marzo, el Cabildo aprob\u00f3 la propuesta del alcalde para la bonificaci\u00f3n del 50% durante mayo.<\/p>\n\n\n\n<p>Barrera Concha indic\u00f3 que el Ayuntamiento mantendr\u00e1 diversos apoyos a la ciudadan\u00eda para ayudarla a hacer frente al nuevo panorama econ\u00f3mico que dejar\u00e1 la contingencia por el Covid-19.<\/p>\n\n\n\n<p>\u2014Todos los ciudadanos seguir\u00e1n contando con nuestro apoyo, as\u00ed como el sector comercial que ser\u00e1 clave para esta reactivaci\u00f3n econ\u00f3mica \u2014puntualiz\u00f3.<\/p>\n\n\n\n<p>Barrera Concha tambi\u00e9n reconoci\u00f3 el trabajo y el compromiso de los regidores para analizar y aprobar los diferentes apoyos que el Ayuntamiento ha puesto en marcha.<\/p>\n\n\n\n<p>\u2014En estos momentos tenemos que ser solidarios, unir esfuerzos, para que entre todos podamos lograr la pronta reactivaci\u00f3n de nuestro municipio y que se realice con las mejores condiciones para los diferentes sectores que han resultado muy afectados por la pandemia \u2014abund\u00f3.<\/p>\n\n\n\n<p>Barrera Concha record\u00f3 que, desde el inicio de la pandemia, el Cabildo meridano puso manos a la obra al aprobar un amplio paquete de est\u00edmulos fiscales para beneficio de las y los meridanos, a fin de apoyar la econom\u00eda local.<\/p>\n\n\n\n<p>\u2014Precisamente desde marzo hemos puesto en marcha distintos est\u00edmulos para beneficiar a todos los sectores de la poblaci\u00f3n, desde descuentos en pagos de impuestos hasta apoyos especiales para grupos vulnerables \u2014a\u00f1adi\u00f3.<\/p>\n\n\n\n<p>Destac\u00f3 que las finanzas sanas que mantiene su administraci\u00f3n han permitido ejecutar los diversos apoyos para los contribuyentes y enfatiz\u00f3 que continuar\u00e1n buscando todos los mecanismos al alcance de la autoridad para seguir cumpliendo y satisfacer las necesidades de las familias que hoy viven en la incertidumbre a causa de la pandemia.<\/p>\n\n\n\n<p>Remarc\u00f3 que el descuento o bonificaci\u00f3n en el pago del ISAI ha resultado de gran ayuda, especialmente para el sector comercial, que es uno de los que tendr\u00e1 mayor injerencia en la reactivaci\u00f3n plena del municipio.<\/p>\n\n\n\n<p>\u2014Los ciudadanos pueden confiar en que la autoridad har\u00e1 lo que est\u00e9 en sus manos para lograr que todos juntos salgamos adelante de esta dif\u00edcil situaci\u00f3n en que nos ha colocado la pandemia, tanto de manera individual, como social, ya que los problemas derivados de la pandemia y la paralizaci\u00f3n de actividades de una u otra manera afectan a toda la sociedad \u2013manifest\u00f3.<\/p>\n<div class='share-to-whatsapp-wrapper'><div class='share-on-whsp'>Share on: <\/div><a data-text='Ren\u00e1n Barrera propondr\u00e1 al Cabildo extensi\u00f3n de descuento en el ISAI' data-link='https:\/\/visionpeninsular.com\/mid\/renan-barrera-propondra-al-cabildo-extension-de-descuento-en-el-isai\/' class='whatsapp-button whatsapp-share'>WhatsApp<\/a><div class='clear '><\/div><\/div>","protected":false},"excerpt":{"rendered":"<p>El Ayuntamiento de M\u00e9rida solidario con los diferentes sectores de la sociedad El alcalde Ren\u00e1n Barrera Concha presentar\u00e1 ante el Cabildo la propuesta para que se extienda al mes de junio la bonificaci\u00f3n del 50% del Impuesto sobre Adquisici\u00f3n de Inmuebles (ISAI), ya que ha resultado un factor importante entre las acciones y programas de &hellip;<\/p>\n","protected":false},"author":5,"featured_media":126681,"comment_status":"open","ping_status":"open","sticky":false,"template":"","format":"standard","meta":{"_mi_skip_tracking":false},"categories":[49,37],"tags":[21435,21434],"_links":{"self":[{"href":"https:\/\/visionpeninsular.com\/mid\/wp-json\/wp\/v2\/posts\/126680"}],"collection":[{"href":"https:\/\/visionpeninsular.com\/mid\/wp-json\/wp\/v2\/posts"}],"about":[{"href":"https:\/\/visionpeninsular.com\/mid\/wp-json\/wp\/v2\/types\/post"}],"author":[{"embeddable":true,"href":"https:\/\/visionpeninsular.com\/mid\/wp-json\/wp\/v2\/users\/5"}],"replies":[{"embeddable":true,"href":"https:\/\/visionpeninsular.com\/mid\/wp-json\/wp\/v2\/comments?post=126680"}],"version-history":[{"count":1,"href":"https:\/\/visionpeninsular.com\/mid\/wp-json\/wp\/v2\/posts\/126680\/revisions"}],"predecessor-version":[{"id":126682,"href":"https:\/\/visionpeninsular.com\/mid\/wp-json\/wp\/v2\/posts\/126680\/revisions\/126682"}],"wp:featuredmedia":[{"embeddable":true,"href":"https:\/\/visionpeninsular.com\/mid\/wp-json\/wp\/v2\/media\/126681"}],"wp:attachment":[{"href":"https:\/\/visionpeninsular.com\/mid\/wp-json\/wp\/v2\/media?parent=126680"}],"wp:term":[{"taxonomy":"category","embeddable":true,"href":"https:\/\/visionpeninsular.com\/mid\/wp-json\/wp\/v2\/categories?post=126680"},{"taxonomy":"post_tag","embeddable":true,"href":"https:\/\/visionpeninsular.com\/mid\/wp-json\/wp\/v2\/tags?post=126680"}],"curies":[{"name":"wp","href":"https:\/\/api.w.org\/{rel}","templated":true}]}}