{"id":126245,"date":"2020-05-24T14:55:48","date_gmt":"2020-05-24T19:55:48","guid":{"rendered":"http:\/\/visionpeninsular.com\/mid\/?p=126245"},"modified":"2020-05-24T14:57:16","modified_gmt":"2020-05-24T19:57:16","slug":"aspectos-relevantes-en-las-empresas-con-relacion-al-covid-19","status":"publish","type":"post","link":"https:\/\/visionpeninsular.com\/mid\/aspectos-relevantes-en-las-empresas-con-relacion-al-covid-19\/","title":{"rendered":"Aspectos Relevantes En Las Empresas Con Relaci\u00f3n Al Covid-19"},"content":{"rendered":"\n<p>El pasado martes 19 de mayo, el Colegio de Posgraduados en Derecho de Yucat\u00e1n (CPDY), realiz\u00f3 la tercera parte de su Conversatorio <strong>\u201cRetos Jur\u00eddicos e Institucionales en la Lucha contra el COVID-19 en Yucat\u00e1n<\/strong>\u201d, el cual abordar\u00eda: \u201c<em>Los Aspectos Relevantes en las Empresas\u201d<\/em>.<\/p>\n\n\n\n<p>Para dicho acto acad\u00e9mico se cont\u00f3 con la participaci\u00f3n de diversos especialistas que dieron un enfoque multidisciplinario al tema. El panel lo integraron: La <strong>Mtra. Georgina Guadalupe Herrera \u00c1vila<\/strong>, quien se ha desempe\u00f1ado como subdelegada del Instituto Nacional de Migraci\u00f3n, Ministerio P\u00fablico y Visitadora de la CNDH, siendo ahora catedr\u00e1tico de diferentes casas de estudio en el estado; el <strong>Mtro. \u00d3scar Arturo Pacho <\/strong>Margain, quien cuenta con amplia experiencia en materia aduanera, actualmente dedic\u00e1ndose a la consultor\u00eda en materia de comercio internacional y aduana, as\u00ed como a la c\u00e1tedra en la Universidad An\u00e1huac; finalmente, <strong>el Mtro. Gerardo Carlos Canto Rosado<\/strong>, quien ha ocupado importantes cargos en SEDESOL y la Consejer\u00eda Jur\u00eddica, con m\u00e1s de 10 a\u00f1os de experiencia como servidor p\u00fablico, siendo hoy abogado postulante en materia administrativa y empresarial, as\u00ed como catedr\u00e1tico en la Universidad Modelo y el Instituto de Especializaci\u00f3n para Ejecutivos.<\/p>\n\n\n\n<div class=\"wp-block-image\"><figure class=\"aligncenter size-large is-resized\"><img loading=\"lazy\" src=\"http:\/\/visionpeninsular.com\/mid\/wp-content\/uploads\/2020\/05\/ASPECTOS-EMPRESAS-2.jpg\" alt=\"\" class=\"wp-image-126248\" width=\"391\" height=\"301\" srcset=\"https:\/\/visionpeninsular.com\/mid\/wp-content\/uploads\/2020\/05\/ASPECTOS-EMPRESAS-2.jpg 960w, https:\/\/visionpeninsular.com\/mid\/wp-content\/uploads\/2020\/05\/ASPECTOS-EMPRESAS-2-300x232.jpg 300w, https:\/\/visionpeninsular.com\/mid\/wp-content\/uploads\/2020\/05\/ASPECTOS-EMPRESAS-2-768x593.jpg 768w\" sizes=\"(max-width: 391px) 100vw, 391px\" \/><\/figure><\/div>\n\n\n\n<p>El Panel fue moderado por el <em>Dr. \u00c1ngel Daniel Torruco Gonz\u00e1lez, Secretario Ejecutivo Nacional de la CONCAAM, Comisionado Regional para el Sureste Mexicano y Am\u00e9rica Central de la OMA, Secretario de Relaciones Internacionales del CPDY y actual Director de Servicios Acad\u00e9micos y Escolares en la Universidad Vizcaya de las Am\u00e9ricas.<\/em><\/p>\n\n\n\n<p>Se comenz\u00f3 el panel con una profunda introducci\u00f3n de todos los retos que ha implicado el COVID-19 para la sociedad mundial, desde su nacimiento hasta el r\u00e1pido crecimiento que ha tenido. Se cit\u00f3 el n\u00famero de fallecidos e infectados y se compar\u00f3 con la poblaci\u00f3n de varios estados y ciudades de M\u00e9xico.<\/p>\n\n\n\n<div class=\"wp-block-image\"><figure class=\"aligncenter size-large\"><img loading=\"lazy\" width=\"206\" height=\"366\" src=\"http:\/\/visionpeninsular.com\/mid\/wp-content\/uploads\/2020\/05\/torruco-angel-2-1.jpg\" alt=\"\" class=\"wp-image-126250\" srcset=\"https:\/\/visionpeninsular.com\/mid\/wp-content\/uploads\/2020\/05\/torruco-angel-2-1.jpg 206w, https:\/\/visionpeninsular.com\/mid\/wp-content\/uploads\/2020\/05\/torruco-angel-2-1-169x300.jpg 169w\" sizes=\"(max-width: 206px) 100vw, 206px\" \/><\/figure><\/div>\n\n\n\n<p><em>El Mtro. \u00d3scar Pacho <\/em>habl\u00f3 sobre las facultades extraordinarias que implicar\u00eda la pandemia, la importancia de abrir nuestras fronteras a productos que ahora son de imperiosa necesidad, pero sin descuidar el comercio local. <em>La Mtra. Georgina Herrera<\/em> remarc\u00f3 la clasificaci\u00f3n de empresas realizada por el gobierno, en esenciales y no esenciales. Abord\u00f3 la importancia de cumplir con la carga fiscal, pero de la posibilidad real que tuvo el gobierno de brindar facilidades de pago, para apoyar a las empresas.<\/p>\n\n\n\n<p><em>El Mtro. Gerardo Canto<\/em> mencion\u00f3 importantes datos duros de la OIT, retom\u00f3 la importancia de recuperar la econom\u00eda y abord\u00f3 las diferentes etapas del acuerdo nacional, siendo \u00e9stas por regiones.<\/p>\n\n\n\n<div class=\"wp-block-image\"><figure class=\"aligncenter size-large is-resized\"><img loading=\"lazy\" src=\"http:\/\/visionpeninsular.com\/mid\/wp-content\/uploads\/2020\/05\/ASPECTOS-EMPRESAS-1.jpg\" alt=\"\" class=\"wp-image-126251\" width=\"365\" height=\"227\" srcset=\"https:\/\/visionpeninsular.com\/mid\/wp-content\/uploads\/2020\/05\/ASPECTOS-EMPRESAS-1.jpg 960w, https:\/\/visionpeninsular.com\/mid\/wp-content\/uploads\/2020\/05\/ASPECTOS-EMPRESAS-1-300x188.jpg 300w, https:\/\/visionpeninsular.com\/mid\/wp-content\/uploads\/2020\/05\/ASPECTOS-EMPRESAS-1-768x480.jpg 768w\" sizes=\"(max-width: 365px) 100vw, 365px\" \/><\/figure><\/div>\n\n\n\n<p>A trav\u00e9s de sus tres intervenciones y de las preguntas intercaladas del p\u00fablico, los ponentes concluyeron que era importante reactivar la econom\u00eda, con un enfoque especial en las PYMES. Mencionaron que era importante, no necesariamente dar descuentos fiscales a las empresas, pero si facilidades de pago, para que \u00e9stas pudieran cumplir con sus obligaciones fiscales, sin ahogar su econom\u00eda y verse forzadas a cerrar o a despedir personal. El plan de reactivaci\u00f3n econ\u00f3mica deb\u00eda ser un proyecto integral que escuchara a todas las voces.<\/p>\n\n\n\n<p>Ante lo anterior, el Presidente del CPDY, el <strong>Dr. Jimmy Humberto Mart\u00ednez Rodr\u00edguez<\/strong>, remarc\u00f3 la importancia de la realizaci\u00f3n de estos ejercicios acad\u00e9micos, con la amplia participaci\u00f3n de los juristas del estado. Cabe resaltar que durante las intervenciones se cont\u00f3 con la participaci\u00f3n de m\u00e1s de 50 abogados que escucharon atentos las propuestas y el an\u00e1lisis cr\u00edtico que de ellas devino.<\/p>\n\n\n\n<div class=\"wp-block-image\"><figure class=\"aligncenter size-large is-resized\"><img loading=\"lazy\" src=\"https:\/\/i1.wp.com\/visionpeninsular.com\/mid\/wp-content\/uploads\/2020\/05\/jimmy-en-zoom-1.png?fit=618%2C824\" alt=\"\" class=\"wp-image-126247\" width=\"251\" height=\"334\" srcset=\"https:\/\/visionpeninsular.com\/mid\/wp-content\/uploads\/2020\/05\/jimmy-en-zoom-1.png 960w, https:\/\/visionpeninsular.com\/mid\/wp-content\/uploads\/2020\/05\/jimmy-en-zoom-1-225x300.png 225w, https:\/\/visionpeninsular.com\/mid\/wp-content\/uploads\/2020\/05\/jimmy-en-zoom-1-768x1024.png 768w\" sizes=\"(max-width: 251px) 100vw, 251px\" \/><\/figure><\/div>\n\n\n\n<p>El Dr. Jimmy Mart\u00ednez igualmente anunci\u00f3 que, por el gran impacto que est\u00e1n teniendo estas actividades, el Colegio tom\u00f3 la decisi\u00f3n de ampliarlas, ya no a solo a cuatro actividades sino a diez, para beneficio de los abogados yucatecos.<\/p>\n<div class='share-to-whatsapp-wrapper'><div class='share-on-whsp'>Share on: <\/div><a data-text='Aspectos Relevantes En Las Empresas Con Relaci\u00f3n Al Covid-19' data-link='https:\/\/visionpeninsular.com\/mid\/aspectos-relevantes-en-las-empresas-con-relacion-al-covid-19\/' class='whatsapp-button whatsapp-share'>WhatsApp<\/a><div class='clear '><\/div><\/div>","protected":false},"excerpt":{"rendered":"<p>El pasado martes 19 de mayo, el Colegio de Posgraduados en Derecho de Yucat\u00e1n (CPDY), realiz\u00f3 la tercera parte de su Conversatorio \u201cRetos Jur\u00eddicos e Institucionales en la Lucha contra el COVID-19 en Yucat\u00e1n\u201d, el cual abordar\u00eda: \u201cLos Aspectos Relevantes en las Empresas\u201d. Para dicho acto acad\u00e9mico se cont\u00f3 con la participaci\u00f3n de diversos especialistas &hellip;<\/p>\n","protected":false},"author":10,"featured_media":126252,"comment_status":"open","ping_status":"open","sticky":false,"template":"","format":"standard","meta":{"_mi_skip_tracking":false},"categories":[20706,37],"tags":[21317],"_links":{"self":[{"href":"https:\/\/visionpeninsular.com\/mid\/wp-json\/wp\/v2\/posts\/126245"}],"collection":[{"href":"https:\/\/visionpeninsular.com\/mid\/wp-json\/wp\/v2\/posts"}],"about":[{"href":"https:\/\/visionpeninsular.com\/mid\/wp-json\/wp\/v2\/types\/post"}],"author":[{"embeddable":true,"href":"https:\/\/visionpeninsular.com\/mid\/wp-json\/wp\/v2\/users\/10"}],"replies":[{"embeddable":true,"href":"https:\/\/visionpeninsular.com\/mid\/wp-json\/wp\/v2\/comments?post=126245"}],"version-history":[{"count":2,"href":"https:\/\/visionpeninsular.com\/mid\/wp-json\/wp\/v2\/posts\/126245\/revisions"}],"predecessor-version":[{"id":126254,"href":"https:\/\/visionpeninsular.com\/mid\/wp-json\/wp\/v2\/posts\/126245\/revisions\/126254"}],"wp:featuredmedia":[{"embeddable":true,"href":"https:\/\/visionpeninsular.com\/mid\/wp-json\/wp\/v2\/media\/126252"}],"wp:attachment":[{"href":"https:\/\/visionpeninsular.com\/mid\/wp-json\/wp\/v2\/media?parent=126245"}],"wp:term":[{"taxonomy":"category","embeddable":true,"href":"https:\/\/visionpeninsular.com\/mid\/wp-json\/wp\/v2\/categories?post=126245"},{"taxonomy":"post_tag","embeddable":true,"href":"https:\/\/visionpeninsular.com\/mid\/wp-json\/wp\/v2\/tags?post=126245"}],"curies":[{"name":"wp","href":"https:\/\/api.w.org\/{rel}","templated":true}]}}