{"id":12622,"date":"2016-09-17T08:06:54","date_gmt":"2016-09-17T13:06:54","guid":{"rendered":"http:\/\/visionpeninsular.com\/mid\/?p=12622"},"modified":"2016-09-17T08:06:54","modified_gmt":"2016-09-17T13:06:54","slug":"xv-legislatura-tras-quintana-roo-parejo-impulsaran-zona-maya","status":"publish","type":"post","link":"https:\/\/visionpeninsular.com\/mid\/xv-legislatura-tras-quintana-roo-parejo-impulsaran-zona-maya\/","title":{"rendered":"XV Legislatura tras un Quintana Roo m\u00e1s parejo &#8211; Impulsar\u00e1n Zona Maya"},"content":{"rendered":"<p>El Diputado Local Jos\u00e9 Esquivel Vargas indic\u00f3 que el centro de Quintana Roo tras el abandono de los \u00faltimos Gobiernos, requiere de un impulso real a la econom\u00eda y acciones concretas que brinden una mejor calidad de vida para los ciudadanos pues la zona maya no es de conflicto sino es una con un alto potencial, refiri\u00f3 el tambi\u00e9n secretario de la Comisi\u00f3n de Desarrollo Ind\u00edgena de la XV Legislatura. <\/p>\n<p>El primer paso ser\u00e1 analizar el decreto de Felipe Carrillo Puerto como la capital de la Cultura Maya de Quintana Roo para saber que conlleva ese decret\u00f3 y modificar lo que as\u00ed se considere tendr\u00eda un beneficio real para esta zona del Estado. <\/p>\n<p>\u201cLa distinci\u00f3n que tuvo la ciudad de Felipe Carrillo Puerto, no ha causado ni un solo beneficio a la comunidad, todo sigue igual, olvidado; solamente fue un momento pol\u00edtico donde todos aplaudieron\u201d, abund\u00f3 el Legislado. <\/p>\n<p>En el marco de esta revisi\u00f3n, tambi\u00e9n ser\u00e1 sometido a an\u00e1lisis el decreto que se\u00f1ala a la Reserva de la Bi\u00f3sfera Sian Ka&#8217;an como \u00e1rea protegida ya que el 99% de esta zona se encuentra en la jurisdicci\u00f3n de Felipe Carrillo Puerto y aparentemente esta siendo motivo de bloqueo a su desarrollo econ\u00f3mico cuando debe ser impulsor. <\/p>\n<p>Entre las primeras acciones que pretenden llevar a cabo est\u00e1 el impulso de los apicultores, haci\u00e9ndoles llegar recursos y vigilando que \u00e9ste sea invertido dando seguimiento hasta lograr que la derrama econ\u00f3mica se concrete en esta zona. <\/p>\n<p>Hay que impulsar tambi\u00e9n el sector tur\u00edstico de la zona requiere de mayor impulso, en Tihosuco, Tepich y Muyil. <\/p>\n<p>Concluy\u00f3 que la \u00fanica forma de equilibrar econ\u00f3micamente el norte, centro y sur de la entidad, ser\u00e1 creando oportunidades para todos, manteniendo una gran inversi\u00f3n econ\u00f3mica para todos los sectores. <\/p>\n<div class='share-to-whatsapp-wrapper'><div class='share-on-whsp'>Share on: <\/div><a data-text='XV Legislatura tras un Quintana Roo m\u00e1s parejo - Impulsar\u00e1n Zona Maya' data-link='https:\/\/visionpeninsular.com\/mid\/xv-legislatura-tras-quintana-roo-parejo-impulsaran-zona-maya\/' class='whatsapp-button whatsapp-share'>WhatsApp<\/a><div class='clear '><\/div><\/div>","protected":false},"excerpt":{"rendered":"<p>El Diputado Local Jos\u00e9 Esquivel Vargas indic\u00f3 que el centro de Quintana Roo tras el abandono de los \u00faltimos Gobiernos, requiere de un impulso real a la econom\u00eda y acciones concretas que brinden una mejor calidad de vida para los ciudadanos pues la zona maya no es de conflicto sino es una con un alto &hellip;<\/p>\n","protected":false},"author":1,"featured_media":12623,"comment_status":"open","ping_status":"open","sticky":false,"template":"","format":"standard","meta":{"_mi_skip_tracking":false},"categories":[47],"tags":[288,2284],"_links":{"self":[{"href":"https:\/\/visionpeninsular.com\/mid\/wp-json\/wp\/v2\/posts\/12622"}],"collection":[{"href":"https:\/\/visionpeninsular.com\/mid\/wp-json\/wp\/v2\/posts"}],"about":[{"href":"https:\/\/visionpeninsular.com\/mid\/wp-json\/wp\/v2\/types\/post"}],"author":[{"embeddable":true,"href":"https:\/\/visionpeninsular.com\/mid\/wp-json\/wp\/v2\/users\/1"}],"replies":[{"embeddable":true,"href":"https:\/\/visionpeninsular.com\/mid\/wp-json\/wp\/v2\/comments?post=12622"}],"version-history":[{"count":1,"href":"https:\/\/visionpeninsular.com\/mid\/wp-json\/wp\/v2\/posts\/12622\/revisions"}],"predecessor-version":[{"id":12624,"href":"https:\/\/visionpeninsular.com\/mid\/wp-json\/wp\/v2\/posts\/12622\/revisions\/12624"}],"wp:featuredmedia":[{"embeddable":true,"href":"https:\/\/visionpeninsular.com\/mid\/wp-json\/wp\/v2\/media\/12623"}],"wp:attachment":[{"href":"https:\/\/visionpeninsular.com\/mid\/wp-json\/wp\/v2\/media?parent=12622"}],"wp:term":[{"taxonomy":"category","embeddable":true,"href":"https:\/\/visionpeninsular.com\/mid\/wp-json\/wp\/v2\/categories?post=12622"},{"taxonomy":"post_tag","embeddable":true,"href":"https:\/\/visionpeninsular.com\/mid\/wp-json\/wp\/v2\/tags?post=12622"}],"curies":[{"name":"wp","href":"https:\/\/api.w.org\/{rel}","templated":true}]}}