{"id":126171,"date":"2020-05-23T13:49:52","date_gmt":"2020-05-23T18:49:52","guid":{"rendered":"http:\/\/visionpeninsular.com\/mid\/?p=126171"},"modified":"2020-05-23T13:50:02","modified_gmt":"2020-05-23T18:50:02","slug":"interes-superior-del-menor-ante-el-covid19-tema-de-proximo-conversatorio-on-line","status":"publish","type":"post","link":"https:\/\/visionpeninsular.com\/mid\/interes-superior-del-menor-ante-el-covid19-tema-de-proximo-conversatorio-on-line\/","title":{"rendered":"\u201cInter\u00e9s Superior del Menor ante el Covid19\u201d, tema de pr\u00f3ximo conversatorio on-line"},"content":{"rendered":"\n<p>El pr\u00f3ximo lunes 25 de mayo v\u00eda Zoom, se llevar\u00e1 a cabo el conversatorio <strong>Los Retos sobre el Inter\u00e9s Superior del Menor Frente al COVID 19<\/strong>, el cual contar\u00e1 con la presencia como Moderador del Doctor Rodrigo Ortiz Eljure, Vicepresidente Regional de la Confederaci\u00f3n Nacional de Colegios y Asociaciones de Abogados de M\u00e9xico (CONCAAM) y Postgraduado del A\u00f1o 2020<\/p>\n\n\n\n<div class=\"wp-block-image\"><figure class=\"aligncenter size-large is-resized\"><img loading=\"lazy\" src=\"http:\/\/visionpeninsular.com\/mid\/wp-content\/uploads\/2020\/05\/postgraduado-del-a\u00f1o-rodrigo.jpg\" alt=\"\" class=\"wp-image-126176\" width=\"256\" height=\"455\" srcset=\"https:\/\/visionpeninsular.com\/mid\/wp-content\/uploads\/2020\/05\/postgraduado-del-a\u00f1o-rodrigo.jpg 540w, https:\/\/visionpeninsular.com\/mid\/wp-content\/uploads\/2020\/05\/postgraduado-del-a\u00f1o-rodrigo-169x300.jpg 169w\" sizes=\"(max-width: 256px) 100vw, 256px\" \/><\/figure><\/div>\n\n\n\n<p>Las ponencias dar\u00e1n inicio a partir de las 19 horas siguiendo el siguiente programa:<\/p>\n\n\n\n<p><strong>Dra. Hilda P\u00e9rez Carbajal y Campuzan<\/strong>o- Profesora Investigadora de la Facultad de Derecho de la UNAM<\/p>\n\n\n\n<p><strong>Dr. Ricardo Rodr\u00edguez Morales<\/strong> Secretario de Acuerdos del Poder Judicial del Estado.<\/p>\n\n\n\n<p><strong>Dr. Edgar Escalante Centeno<\/strong>&#8211; Abogado Postulante<\/p>\n\n\n\n<div class=\"wp-block-image\"><figure class=\"aligncenter size-large is-resized\"><img loading=\"lazy\" src=\"https:\/\/i0.wp.com\/visionpeninsular.com\/mid\/wp-content\/uploads\/2020\/05\/conversatorio-covid19.png?fit=618%2C477\" alt=\"\" class=\"wp-image-126177\" width=\"405\" height=\"312\"\/><\/figure><\/div>\n\n\n\n<p><strong>Los Retos sobre el Inter\u00e9s Superior del Menor Frente al COVID 19, <\/strong>es la quinta parte del conversatorio on-line con enfoque multidisciplinario, RETOS JURIDICOS E INSTITUCIONALES EN LA LUCHA CONTRA EN COVID19 EN YUCATAN.<\/p>\n\n\n\n<p>El objetivo del conversatorio es ofrecer al participante una visi\u00f3n integral sobre el Derecho establecido para enfrentar la pandemia del COVID-19 en Yucat\u00e1n, a fin de garantizar el orden y la paz.<\/p>\n\n\n\n<div class=\"wp-block-image\"><figure class=\"aligncenter size-large is-resized\"><img loading=\"lazy\" src=\"http:\/\/visionpeninsular.com\/mid\/wp-content\/uploads\/2020\/05\/CPDY-LOGO-1.jpg\" alt=\"\" class=\"wp-image-126174\" width=\"266\" height=\"220\" srcset=\"https:\/\/visionpeninsular.com\/mid\/wp-content\/uploads\/2020\/05\/CPDY-LOGO-1.jpg 960w, https:\/\/visionpeninsular.com\/mid\/wp-content\/uploads\/2020\/05\/CPDY-LOGO-1-300x249.jpg 300w, https:\/\/visionpeninsular.com\/mid\/wp-content\/uploads\/2020\/05\/CPDY-LOGO-1-768x638.jpg 768w\" sizes=\"(max-width: 266px) 100vw, 266px\" \/><\/figure><\/div>\n\n\n\n<p>El evento es organizado por el Colegio de Postgraduados en Derecho de Yucat\u00e1n AC (CDPY), que preside el Abogado Jimmy Humberto Rodr\u00edguez Mart\u00ednez, instituci\u00f3n que se ha consolidado como <strong>un Organismo Orientador del Poder P\u00fablico.<\/strong><\/p>\n<div class='share-to-whatsapp-wrapper'><div class='share-on-whsp'>Share on: <\/div><a data-text='\u201cInter\u00e9s Superior del Menor ante el Covid19\u201d, tema de pr\u00f3ximo conversatorio on-line' data-link='https:\/\/visionpeninsular.com\/mid\/interes-superior-del-menor-ante-el-covid19-tema-de-proximo-conversatorio-on-line\/' class='whatsapp-button whatsapp-share'>WhatsApp<\/a><div class='clear '><\/div><\/div>","protected":false},"excerpt":{"rendered":"<p>El pr\u00f3ximo lunes 25 de mayo v\u00eda Zoom, se llevar\u00e1 a cabo el conversatorio Los Retos sobre el Inter\u00e9s Superior del Menor Frente al COVID 19, el cual contar\u00e1 con la presencia como Moderador del Doctor Rodrigo Ortiz Eljure, Vicepresidente Regional de la Confederaci\u00f3n Nacional de Colegios y Asociaciones de Abogados de M\u00e9xico (CONCAAM) y &hellip;<\/p>\n","protected":false},"author":10,"featured_media":126178,"comment_status":"open","ping_status":"open","sticky":false,"template":"","format":"standard","meta":{"_mi_skip_tracking":false},"categories":[20706,37],"tags":[21317],"_links":{"self":[{"href":"https:\/\/visionpeninsular.com\/mid\/wp-json\/wp\/v2\/posts\/126171"}],"collection":[{"href":"https:\/\/visionpeninsular.com\/mid\/wp-json\/wp\/v2\/posts"}],"about":[{"href":"https:\/\/visionpeninsular.com\/mid\/wp-json\/wp\/v2\/types\/post"}],"author":[{"embeddable":true,"href":"https:\/\/visionpeninsular.com\/mid\/wp-json\/wp\/v2\/users\/10"}],"replies":[{"embeddable":true,"href":"https:\/\/visionpeninsular.com\/mid\/wp-json\/wp\/v2\/comments?post=126171"}],"version-history":[{"count":1,"href":"https:\/\/visionpeninsular.com\/mid\/wp-json\/wp\/v2\/posts\/126171\/revisions"}],"predecessor-version":[{"id":126181,"href":"https:\/\/visionpeninsular.com\/mid\/wp-json\/wp\/v2\/posts\/126171\/revisions\/126181"}],"wp:featuredmedia":[{"embeddable":true,"href":"https:\/\/visionpeninsular.com\/mid\/wp-json\/wp\/v2\/media\/126178"}],"wp:attachment":[{"href":"https:\/\/visionpeninsular.com\/mid\/wp-json\/wp\/v2\/media?parent=126171"}],"wp:term":[{"taxonomy":"category","embeddable":true,"href":"https:\/\/visionpeninsular.com\/mid\/wp-json\/wp\/v2\/categories?post=126171"},{"taxonomy":"post_tag","embeddable":true,"href":"https:\/\/visionpeninsular.com\/mid\/wp-json\/wp\/v2\/tags?post=126171"}],"curies":[{"name":"wp","href":"https:\/\/api.w.org\/{rel}","templated":true}]}}