{"id":126116,"date":"2020-05-23T00:04:17","date_gmt":"2020-05-23T05:04:17","guid":{"rendered":"http:\/\/visionpeninsular.com\/mid\/?p=126116"},"modified":"2020-05-23T00:04:24","modified_gmt":"2020-05-23T05:04:24","slug":"covid-peninsula-testigos-graficos-de-la-pandemia-en-el-sur-de-mexico","status":"publish","type":"post","link":"https:\/\/visionpeninsular.com\/mid\/covid-peninsula-testigos-graficos-de-la-pandemia-en-el-sur-de-mexico\/","title":{"rendered":"Covid Pen\u00ednsula, testigos gr\u00e1ficos de la pandemia en el sur de M\u00e9xico"},"content":{"rendered":"\n<p>El fotoperiodismo cumple una funci\u00f3n muy importante dentro de cada sociedad. Informa, transmite y da voz a las historias de cada acontecimiento en todo el mundo. <\/p>\n\n\n\n<p>Desde que Gerda Taro junto con Robert Capa iniciaron cubriendo los acontecimientos de la guerra civil espa\u00f1ola fueron los iniciadores de este estilo gr\u00e1fico y visual de principios del siglo pasado y que transcurre los \u00faltimos ganadores de este a\u00f1o de los prestigiosos premios Pulitzer y Wolrd Press Photo.<\/p>\n\n\n\n<div class=\"wp-block-image\"><figure class=\"aligncenter size-large is-resized\"><img loading=\"lazy\" src=\"https:\/\/i0.wp.com\/visionpeninsular.com\/mid\/wp-content\/uploads\/2020\/05\/Victoria-Gonzalez-1.jpg?fit=618%2C412\" alt=\"\" class=\"wp-image-126118\" width=\"393\" height=\"261\" srcset=\"https:\/\/visionpeninsular.com\/mid\/wp-content\/uploads\/2020\/05\/Victoria-Gonzalez-1.jpg 2551w, https:\/\/visionpeninsular.com\/mid\/wp-content\/uploads\/2020\/05\/Victoria-Gonzalez-1-300x200.jpg 300w, https:\/\/visionpeninsular.com\/mid\/wp-content\/uploads\/2020\/05\/Victoria-Gonzalez-1-1024x682.jpg 1024w, https:\/\/visionpeninsular.com\/mid\/wp-content\/uploads\/2020\/05\/Victoria-Gonzalez-1-768x512.jpg 768w, https:\/\/visionpeninsular.com\/mid\/wp-content\/uploads\/2020\/05\/Victoria-Gonzalez-1-1536x1024.jpg 1536w, https:\/\/visionpeninsular.com\/mid\/wp-content\/uploads\/2020\/05\/Victoria-Gonzalez-1-2048x1365.jpg 2048w, https:\/\/visionpeninsular.com\/mid\/wp-content\/uploads\/2020\/05\/Victoria-Gonzalez-1-310x205.jpg 310w\" sizes=\"(max-width: 393px) 100vw, 393px\" \/><\/figure><\/div>\n\n\n\n<p>Ahora mismo en todo el mundo se vive un suceso hist\u00f3rico de magnitudes catastr\u00f3ficas en cuando a salud y econom\u00eda, conforme pasa el tiempo los cambios de h\u00e1bitos de la sociedad, personal m\u00e9dico combatiendo el virus , el confinamiento y mucho m\u00e1s merecen darse a conocer buscando ser retratadas ya que los reportajes gr\u00e1ficos son esenciales en todo contexto informativo.<\/p>\n\n\n\n<div class=\"wp-block-image\"><figure class=\"aligncenter size-large is-resized\"><img loading=\"lazy\" src=\"https:\/\/i2.wp.com\/visionpeninsular.com\/mid\/wp-content\/uploads\/2020\/05\/Amilcar-Rodriguez.jpg?fit=618%2C412\" alt=\"\" class=\"wp-image-126119\" width=\"394\" height=\"262\" srcset=\"https:\/\/visionpeninsular.com\/mid\/wp-content\/uploads\/2020\/05\/Amilcar-Rodriguez.jpg 2551w, https:\/\/visionpeninsular.com\/mid\/wp-content\/uploads\/2020\/05\/Amilcar-Rodriguez-300x200.jpg 300w, https:\/\/visionpeninsular.com\/mid\/wp-content\/uploads\/2020\/05\/Amilcar-Rodriguez-1024x683.jpg 1024w, https:\/\/visionpeninsular.com\/mid\/wp-content\/uploads\/2020\/05\/Amilcar-Rodriguez-768x512.jpg 768w, https:\/\/visionpeninsular.com\/mid\/wp-content\/uploads\/2020\/05\/Amilcar-Rodriguez-1536x1024.jpg 1536w, https:\/\/visionpeninsular.com\/mid\/wp-content\/uploads\/2020\/05\/Amilcar-Rodriguez-2048x1366.jpg 2048w, https:\/\/visionpeninsular.com\/mid\/wp-content\/uploads\/2020\/05\/Amilcar-Rodriguez-310x205.jpg 310w\" sizes=\"(max-width: 394px) 100vw, 394px\" \/><\/figure><\/div>\n\n\n\n<p>El Covid-19 y su impacto en la Pen\u00ednsula ha quedado grabado en una serie de im\u00e1genes, que un grupo de fotoperiodistas ha recopilado desde el inicio de la epidemia en Campeche, Yucat\u00e1n y Quintana Roo.<\/p>\n\n\n\n<p>11 miradas a trav\u00e9s de la lente de igual n\u00famero de profesionales de la lente que hoy se identifican como Covid Pen\u00ednsula en&nbsp; Instagram y Facebook.&nbsp;<\/p>\n\n\n\n<div class=\"wp-block-image\"><figure class=\"aligncenter size-large is-resized\"><img loading=\"lazy\" src=\"https:\/\/i0.wp.com\/visionpeninsular.com\/mid\/wp-content\/uploads\/2020\/05\/Martin-Zetina-2.jpg?fit=618%2C412\" alt=\"\" class=\"wp-image-126123\" width=\"366\" height=\"243\" srcset=\"https:\/\/visionpeninsular.com\/mid\/wp-content\/uploads\/2020\/05\/Martin-Zetina-2.jpg 2551w, https:\/\/visionpeninsular.com\/mid\/wp-content\/uploads\/2020\/05\/Martin-Zetina-2-300x200.jpg 300w, https:\/\/visionpeninsular.com\/mid\/wp-content\/uploads\/2020\/05\/Martin-Zetina-2-1024x683.jpg 1024w, https:\/\/visionpeninsular.com\/mid\/wp-content\/uploads\/2020\/05\/Martin-Zetina-2-768x512.jpg 768w, https:\/\/visionpeninsular.com\/mid\/wp-content\/uploads\/2020\/05\/Martin-Zetina-2-1536x1024.jpg 1536w, https:\/\/visionpeninsular.com\/mid\/wp-content\/uploads\/2020\/05\/Martin-Zetina-2-2048x1366.jpg 2048w, https:\/\/visionpeninsular.com\/mid\/wp-content\/uploads\/2020\/05\/Martin-Zetina-2-310x205.jpg 310w\" sizes=\"(max-width: 366px) 100vw, 366px\" \/><\/figure><\/div>\n\n\n\n<p>Un trabajo de todos los d\u00edas para dar cobertura a los hechos noticiosos derivados de la contingencia sanitaria por el Coronavirus.&nbsp;<\/p>\n\n\n\n<p>Participan reporteros gr\u00e1ficos de los estados de Campeche, Yucat\u00e1n y Quintana Roo. Los fotoperiodistas son: Victoria Gonz\u00e1lez, Hugo Borges, Am\u00edlcar Rodr\u00edguez, Luis Payan, Lorenzo Hern\u00e1ndez, Cuauht\u00e9moc Moreno, Elizabeth Ruiz, Fabi\u00e1n Acu\u00f1a, Sof\u00eda Vital, Michel Balam, Martin Zetina y Leslie Santos.&nbsp;<\/p>\n\n\n\n<div class=\"wp-block-image\"><figure class=\"aligncenter size-large is-resized\"><img loading=\"lazy\" src=\"https:\/\/i0.wp.com\/visionpeninsular.com\/mid\/wp-content\/uploads\/2020\/05\/Lorenzo-Hernandez.jpg?fit=618%2C412\" alt=\"\" class=\"wp-image-126124\" width=\"389\" height=\"259\" srcset=\"https:\/\/visionpeninsular.com\/mid\/wp-content\/uploads\/2020\/05\/Lorenzo-Hernandez.jpg 2551w, https:\/\/visionpeninsular.com\/mid\/wp-content\/uploads\/2020\/05\/Lorenzo-Hernandez-300x200.jpg 300w, https:\/\/visionpeninsular.com\/mid\/wp-content\/uploads\/2020\/05\/Lorenzo-Hernandez-1024x683.jpg 1024w, https:\/\/visionpeninsular.com\/mid\/wp-content\/uploads\/2020\/05\/Lorenzo-Hernandez-768x512.jpg 768w, https:\/\/visionpeninsular.com\/mid\/wp-content\/uploads\/2020\/05\/Lorenzo-Hernandez-1536x1024.jpg 1536w, https:\/\/visionpeninsular.com\/mid\/wp-content\/uploads\/2020\/05\/Lorenzo-Hernandez-2048x1366.jpg 2048w, https:\/\/visionpeninsular.com\/mid\/wp-content\/uploads\/2020\/05\/Lorenzo-Hernandez-310x205.jpg 310w\" sizes=\"(max-width: 389px) 100vw, 389px\" \/><\/figure><\/div>\n\n\n\n<p><em>Las im\u00e1genes se encuentran como @covidpeninsula en Instagram y CovidPeninsula en Facebook.<\/em><\/p>\n<div class='share-to-whatsapp-wrapper'><div class='share-on-whsp'>Share on: <\/div><a data-text='Covid Pen\u00ednsula, testigos gr\u00e1ficos de la pandemia en el sur de M\u00e9xico' data-link='https:\/\/visionpeninsular.com\/mid\/covid-peninsula-testigos-graficos-de-la-pandemia-en-el-sur-de-mexico\/' class='whatsapp-button whatsapp-share'>WhatsApp<\/a><div class='clear '><\/div><\/div>","protected":false},"excerpt":{"rendered":"<p>El fotoperiodismo cumple una funci\u00f3n muy importante dentro de cada sociedad. Informa, transmite y da voz a las historias de cada acontecimiento en todo el mundo. Desde que Gerda Taro junto con Robert Capa iniciaron cubriendo los acontecimientos de la guerra civil espa\u00f1ola fueron los iniciadores de este estilo gr\u00e1fico y visual de principios del &hellip;<\/p>\n","protected":false},"author":10,"featured_media":126125,"comment_status":"open","ping_status":"open","sticky":false,"template":"","format":"standard","meta":{"_mi_skip_tracking":false},"categories":[49,37],"tags":[21305],"_links":{"self":[{"href":"https:\/\/visionpeninsular.com\/mid\/wp-json\/wp\/v2\/posts\/126116"}],"collection":[{"href":"https:\/\/visionpeninsular.com\/mid\/wp-json\/wp\/v2\/posts"}],"about":[{"href":"https:\/\/visionpeninsular.com\/mid\/wp-json\/wp\/v2\/types\/post"}],"author":[{"embeddable":true,"href":"https:\/\/visionpeninsular.com\/mid\/wp-json\/wp\/v2\/users\/10"}],"replies":[{"embeddable":true,"href":"https:\/\/visionpeninsular.com\/mid\/wp-json\/wp\/v2\/comments?post=126116"}],"version-history":[{"count":1,"href":"https:\/\/visionpeninsular.com\/mid\/wp-json\/wp\/v2\/posts\/126116\/revisions"}],"predecessor-version":[{"id":126126,"href":"https:\/\/visionpeninsular.com\/mid\/wp-json\/wp\/v2\/posts\/126116\/revisions\/126126"}],"wp:featuredmedia":[{"embeddable":true,"href":"https:\/\/visionpeninsular.com\/mid\/wp-json\/wp\/v2\/media\/126125"}],"wp:attachment":[{"href":"https:\/\/visionpeninsular.com\/mid\/wp-json\/wp\/v2\/media?parent=126116"}],"wp:term":[{"taxonomy":"category","embeddable":true,"href":"https:\/\/visionpeninsular.com\/mid\/wp-json\/wp\/v2\/categories?post=126116"},{"taxonomy":"post_tag","embeddable":true,"href":"https:\/\/visionpeninsular.com\/mid\/wp-json\/wp\/v2\/tags?post=126116"}],"curies":[{"name":"wp","href":"https:\/\/api.w.org\/{rel}","templated":true}]}}