{"id":125679,"date":"2020-05-17T12:42:36","date_gmt":"2020-05-17T17:42:36","guid":{"rendered":"http:\/\/visionpeninsular.com\/mid\/?p=125679"},"modified":"2020-05-17T12:42:50","modified_gmt":"2020-05-17T17:42:50","slug":"la-reactivacion-economica-de-yucatan-se-realizara-de-manera-escalonada-responsable-oportuna-y-condicionada","status":"publish","type":"post","link":"https:\/\/visionpeninsular.com\/mid\/la-reactivacion-economica-de-yucatan-se-realizara-de-manera-escalonada-responsable-oportuna-y-condicionada\/","title":{"rendered":"La reactivaci\u00f3n econ\u00f3mica de Yucat\u00e1n se realizar\u00e1 de manera escalonada, responsable, oportuna y condicionada"},"content":{"rendered":"\n<p><em>-El Gobierno del Estado reitera que se siguen modelos de experiencias exitosas en otros pa\u00edses, priorizando en todo momento la salud de los yucatecos.<\/em><\/p>\n\n\n\n<p><em>-Se est\u00e1 trabajando en un Plan para la reapertura responsable y escalonada de la econom\u00eda del estado, en el que se evite la propagaci\u00f3n del coronavirus.<\/em><\/p>\n\n\n\n<p>La reactivaci\u00f3n econ\u00f3mica de Yucat\u00e1n promovida por el Gobierno del Estado tiene como prioridad la salud de todos los yucatecos. Por esa raz\u00f3n, se est\u00e1 realizando de manera escalonada, responsable oportuna y condicionada, siguiendo las experiencias m\u00e1s positivas de otros pa\u00edses y priorizando las actividades que representen menor riesgo de contagio para la poblaci\u00f3n yucateca.<\/p>\n\n\n\n<p>Como anunci\u00f3 el Gobernador Mauricio Vila Dosal, las directrices de los expertos en salud p\u00fablica son enriquecidas por diversas voces de la sociedad en un Plan Estatal para la reapertura escalonada de la econom\u00eda del estado, para lo cual se realizan mesas de trabajo con la participaci\u00f3n de representantes de organismos empresariales, patronales, sindicales, universidades y organismos de la sociedad civil.<\/p>\n\n\n\n<figure class=\"wp-block-image size-large\"><img loading=\"lazy\" width=\"1024\" height=\"524\" src=\"http:\/\/visionpeninsular.com\/mid\/wp-content\/uploads\/2020\/05\/WhatsApp-Image-2020-05-16-at-8.13.01-PM-1024x524.jpeg\" alt=\"\" class=\"wp-image-125683\" srcset=\"https:\/\/visionpeninsular.com\/mid\/wp-content\/uploads\/2020\/05\/WhatsApp-Image-2020-05-16-at-8.13.01-PM-1024x524.jpeg 1024w, https:\/\/visionpeninsular.com\/mid\/wp-content\/uploads\/2020\/05\/WhatsApp-Image-2020-05-16-at-8.13.01-PM-300x154.jpeg 300w, https:\/\/visionpeninsular.com\/mid\/wp-content\/uploads\/2020\/05\/WhatsApp-Image-2020-05-16-at-8.13.01-PM-768x393.jpeg 768w, https:\/\/visionpeninsular.com\/mid\/wp-content\/uploads\/2020\/05\/WhatsApp-Image-2020-05-16-at-8.13.01-PM.jpeg 1280w\" sizes=\"(max-width: 1024px) 100vw, 1024px\" \/><\/figure>\n\n\n\n<p>En Yucat\u00e1n, la reactivaci\u00f3n econ\u00f3mica parte de tres principios claros:<\/p>\n\n\n\n<p>1. Proteger la salud de las y los Yucatecos<\/p>\n\n\n\n<p>2. Apertura gradual de las actividades econ\u00f3micas considerando el riesgo de contagio y la importancia en la econom\u00eda.<\/p>\n\n\n\n<p>3. Un nuevo orden bajo esquemas de monitoreo y protocolos sanitarios que permitan controlar los contagios en esta nueva etapa de reapertura.<\/p>\n\n\n\n<p>Para proteger la salud de las y los yucatecos, el grupo de expertos en la materia y la autoridad estatal de Salud, determinaron 7 indicadores, 4 de ellos que permitir\u00e1n dar seguimiento a la capacidad del sistema de salud y 3 para seguir el comportamiento de los casos de contagio. En este sentido los indicadores ser\u00e1n el \u201csem\u00e1foro\u201d que permitir\u00e1 pensar en una apertura gradual de la econom\u00eda.<\/p>\n\n\n\n<figure class=\"wp-block-image size-large\"><img loading=\"lazy\" width=\"1024\" height=\"493\" src=\"http:\/\/visionpeninsular.com\/mid\/wp-content\/uploads\/2020\/05\/WhatsApp-Image-2020-05-16-at-8.13.01-PM-1-1024x493.jpeg\" alt=\"\" class=\"wp-image-125684\" srcset=\"https:\/\/visionpeninsular.com\/mid\/wp-content\/uploads\/2020\/05\/WhatsApp-Image-2020-05-16-at-8.13.01-PM-1-1024x493.jpeg 1024w, https:\/\/visionpeninsular.com\/mid\/wp-content\/uploads\/2020\/05\/WhatsApp-Image-2020-05-16-at-8.13.01-PM-1-300x144.jpeg 300w, https:\/\/visionpeninsular.com\/mid\/wp-content\/uploads\/2020\/05\/WhatsApp-Image-2020-05-16-at-8.13.01-PM-1-768x370.jpeg 768w, https:\/\/visionpeninsular.com\/mid\/wp-content\/uploads\/2020\/05\/WhatsApp-Image-2020-05-16-at-8.13.01-PM-1.jpeg 1280w\" sizes=\"(max-width: 1024px) 100vw, 1024px\" \/><\/figure>\n\n\n\n<p>En lo que respecta a la apertura gradual de las actividades econ\u00f3micas se consideran dos elementos:<\/p>\n\n\n\n<p>1. El riesgo de contagio de cada actividad.<\/p>\n\n\n\n<p>2. El impacto econ\u00f3mico de la actividad considerando los empleos que se generan y la participaci\u00f3n en la econom\u00eda estatal.<\/p>\n\n\n\n<p>En cuanto al riesgo de contagio de las actividades se analizan 21 criterios t\u00e9cnicos para 3 medidas de riesgo:<\/p>\n\n\n\n<p>1. La exposici\u00f3n de la poblaci\u00f3n, es decir, los niveles de riesgo de acuerdo a la cantidad de personas que interact\u00faan en una actividad y a la capacidad de controlar el ambiente en que se hacen las actividades<\/p>\n\n\n\n<p>2. La exposici\u00f3n al contagio que existe dada la forma de operar tradicional (riesgo intr\u00ednseco de contagio)<\/p>\n\n\n\n<p>3. La habilidad para salvaguardar la salud de la gente, que se refiere a la capacidad de mitigar los riesgos de salud en las interacciones de empleados, en las operaciones y en el ambiente de trabajo.<\/p>\n\n\n\n<p>Una vez que se ha analizado el riesgo de contagio y el impacto en la econom\u00eda de las actividades se dise\u00f1ar\u00e1n \u201colas\u201d de reapertura priorizando aquellas actividades con menor riesgo de contagio y posteriormente su impacto en la econom\u00eda del estado.<\/p>\n\n\n\n<p>Resulta importante se\u00f1alar que, antes de reanudar sus operaciones, los sectores deben contar con protocolos de higiene y prevenci\u00f3n para la mitigaci\u00f3n de riesgos de contagio, los cuales deber\u00e1n ser implementados de forma estricta y validados por los especialistas de salud del Gobierno del Estado.<\/p>\n\n\n\n<p>Protegiendo la salud, se protege igual a la econom\u00eda.<\/p>\n\n\n\n<p>En ese sentido, el Gobierno del Estado reitera que las caracter\u00edsticas de la reapertura de las actividades econ\u00f3micas en Yucat\u00e1n es que ser\u00e1 escalonada, es decir, no se van abrir todos los negocios de golpe, sino por sectores o actividades econ\u00f3micas; de manera responsable, pues solo se dar\u00e1 en los negocios que hayan cumplido con todos los protocolos de higiene y prevenci\u00f3n que se establezcan para cada giro; y oportuna, pues cada nuevo giro ir\u00e1 abriendo cuando las condiciones lo permitan y solo si, los yucatecos seguimos siendo responsables con las medidas sanitarias.<\/p>\n\n\n\n<p>Tambi\u00e9n, ser\u00e1 condicionada pues depender\u00e1 de que el n\u00famero de casos que se reportan diariamente se mantenga en los m\u00ednimos posibles para que el n\u00famero de hospitalizados por el Coronavirus no rebase nuestra capacidad hospitalaria. Si se baja la guardia en la salud, como se ha visto en otros pa\u00edses o estados, se afectar\u00e1 la econom\u00eda.<\/p>\n\n\n\n<p>A manera de ejemplo, durante la primera mesa para el desarrollo del Plan Estatal de reapertura econ\u00f3mica, el Gobernador Mauricio Vila anunci\u00f3 que, a partir del lunes 18 de mayo, las empresas dedicadas a la fabricaci\u00f3n de piezas para el sector aeroespacial, aeron\u00e1utico y automotriz en Yucat\u00e1n comenzar\u00e1n a operar de nueva cuenta.<\/p>\n\n\n\n<p>Para ello, ya se tienen listos los protocolos de higiene y prevenci\u00f3n para reanudar actividad, siempre anteponiendo la salud de sus colaboradores y poblaci\u00f3n en general.<\/p>\n\n\n\n<p>Asimismo, Vila Dosal precis\u00f3 que, del 18 al 31 de mayo, se realizar\u00e1 la planeaci\u00f3n del protocolo sanitario y la capacitaci\u00f3n de estrictas medidas de higiene y prevenci\u00f3n para que el 1 de junio la industria de la construcci\u00f3n pueda volver a sus operaciones, todos condicionados a estrictas medidas de higiene y prevenci\u00f3n de contagios.<\/p>\n\n\n\n<p>El Gobierno del Estado reitera que se encuentra consciente de la importancia que la econom\u00eda tiene para garantizar el ingreso de las familias del estado, pero la salud de los yucatecos tiene prioridad sobre cualquier otro tema, por lo que se est\u00e1 trabajando en la reapertura de actividades de manera paulatina, responsable y escalonada.<\/p>\n\n\n\n<p>En ese sentido, indica que a trav\u00e9s de los canales oficiales continuar\u00e1 informando oportunamente conforme las condiciones de salud p\u00fablica y avances en los protocolos de salud en empresas se vayan dando para que la ciudadan\u00eda conozca el modelo de reapertura econ\u00f3mica que m\u00e1s le conviene a Yucat\u00e1n.<\/p>\n<div class='share-to-whatsapp-wrapper'><div class='share-on-whsp'>Share on: <\/div><a data-text='La reactivaci\u00f3n econ\u00f3mica de Yucat\u00e1n se realizar\u00e1 de manera escalonada, responsable, oportuna y condicionada' data-link='https:\/\/visionpeninsular.com\/mid\/la-reactivacion-economica-de-yucatan-se-realizara-de-manera-escalonada-responsable-oportuna-y-condicionada\/' class='whatsapp-button whatsapp-share'>WhatsApp<\/a><div class='clear '><\/div><\/div>","protected":false},"excerpt":{"rendered":"<p>-El Gobierno del Estado reitera que se siguen modelos de experiencias exitosas en otros pa\u00edses, priorizando en todo momento la salud de los yucatecos. -Se est\u00e1 trabajando en un Plan para la reapertura responsable y escalonada de la econom\u00eda del estado, en el que se evite la propagaci\u00f3n del coronavirus. La reactivaci\u00f3n econ\u00f3mica de Yucat\u00e1n &hellip;<\/p>\n","protected":false},"author":5,"featured_media":125682,"comment_status":"open","ping_status":"open","sticky":false,"template":"","format":"standard","meta":{"_mi_skip_tracking":false},"categories":[49,37],"tags":[185,21193,21192],"_links":{"self":[{"href":"https:\/\/visionpeninsular.com\/mid\/wp-json\/wp\/v2\/posts\/125679"}],"collection":[{"href":"https:\/\/visionpeninsular.com\/mid\/wp-json\/wp\/v2\/posts"}],"about":[{"href":"https:\/\/visionpeninsular.com\/mid\/wp-json\/wp\/v2\/types\/post"}],"author":[{"embeddable":true,"href":"https:\/\/visionpeninsular.com\/mid\/wp-json\/wp\/v2\/users\/5"}],"replies":[{"embeddable":true,"href":"https:\/\/visionpeninsular.com\/mid\/wp-json\/wp\/v2\/comments?post=125679"}],"version-history":[{"count":1,"href":"https:\/\/visionpeninsular.com\/mid\/wp-json\/wp\/v2\/posts\/125679\/revisions"}],"predecessor-version":[{"id":125685,"href":"https:\/\/visionpeninsular.com\/mid\/wp-json\/wp\/v2\/posts\/125679\/revisions\/125685"}],"wp:featuredmedia":[{"embeddable":true,"href":"https:\/\/visionpeninsular.com\/mid\/wp-json\/wp\/v2\/media\/125682"}],"wp:attachment":[{"href":"https:\/\/visionpeninsular.com\/mid\/wp-json\/wp\/v2\/media?parent=125679"}],"wp:term":[{"taxonomy":"category","embeddable":true,"href":"https:\/\/visionpeninsular.com\/mid\/wp-json\/wp\/v2\/categories?post=125679"},{"taxonomy":"post_tag","embeddable":true,"href":"https:\/\/visionpeninsular.com\/mid\/wp-json\/wp\/v2\/tags?post=125679"}],"curies":[{"name":"wp","href":"https:\/\/api.w.org\/{rel}","templated":true}]}}