{"id":12566,"date":"2016-09-16T09:24:44","date_gmt":"2016-09-16T14:24:44","guid":{"rendered":"http:\/\/visionpeninsular.com\/mid\/?p=12566"},"modified":"2016-09-16T09:34:17","modified_gmt":"2016-09-16T14:34:17","slug":"borge-reprime-protesta-de-jovenes-en-grito-independencia","status":"publish","type":"post","link":"https:\/\/visionpeninsular.com\/mid\/borge-reprime-protesta-de-jovenes-en-grito-independencia\/","title":{"rendered":"En un acto m\u00e1s de represi\u00f3n, Borge manda acallar protesta juvenil en Grito de Independencia"},"content":{"rendered":"<p>Como se hab\u00eda informado, \u00e9l \u00faltimo Grito de Independencia de Roberto Borge como Gobernador de Quintana Roo tuvo lugar en medio de un m\u00e1ximo control de seguridad y de represi\u00f3n a las expresiones ciudadanas, pues polic\u00edas detuvieron de manera ilegal a j\u00f3venes que se apostaban en la Plaza de la Reforma para protestar contra del mandatario. <\/p>\n<p>Mientras la Polic\u00eda con total uso de la fuerza desapareci\u00f3 del evento a este grupo de j\u00f3venes que luego aparecieron abandonados en la madrugada, ellos solo portaban pancartas y su voz inconforme contra el gobierno opresor de Borge. <\/p>\n<p>Siendo precisamente de estas protestas de lo que al parecer huy\u00f3 de dar el Grito desde el recinto en Chetumal, donde hubieron varios gritos contra el Gobierno de Borge.<\/p>\n<p>Y es que durante el evento, Roberto Borge ten\u00eda motivos para gritar m\u00e1s que la conmemoraci\u00f3n de Independencia del Pa\u00eds, sino por la aprobaci\u00f3n un\u00e1nime de los integrantes del Congreso Local para dar marcha atr\u00e1s a parte del llamado Paquete de la Impunidad. <\/p>\n<p>Entre los detenidos, se encontraban Gabriel Kumul Salazar y Marbella Ake Us. Gabriel es hermano de Leonardo Kumul Salazar, secretario jur\u00eddico de la Comisi\u00f3n Internacional de Derechos Humanos, una ONG en Canc\u00fan.<\/p>\n<div class='share-to-whatsapp-wrapper'><div class='share-on-whsp'>Share on: <\/div><a data-text='En un acto m\u00e1s de represi\u00f3n, Borge manda acallar protesta juvenil en Grito de Independencia' data-link='https:\/\/visionpeninsular.com\/mid\/borge-reprime-protesta-de-jovenes-en-grito-independencia\/' class='whatsapp-button whatsapp-share'>WhatsApp<\/a><div class='clear '><\/div><\/div>","protected":false},"excerpt":{"rendered":"<p>Como se hab\u00eda informado, \u00e9l \u00faltimo Grito de Independencia de Roberto Borge como Gobernador de Quintana Roo tuvo lugar en medio de un m\u00e1ximo control de seguridad y de represi\u00f3n a las expresiones ciudadanas, pues polic\u00edas detuvieron de manera ilegal a j\u00f3venes que se apostaban en la Plaza de la Reforma para protestar contra del &hellip;<\/p>\n","protected":false},"author":1,"featured_media":12567,"comment_status":"open","ping_status":"open","sticky":false,"template":"","format":"standard","meta":{"_mi_skip_tracking":false},"categories":[47],"tags":[2782,2783],"_links":{"self":[{"href":"https:\/\/visionpeninsular.com\/mid\/wp-json\/wp\/v2\/posts\/12566"}],"collection":[{"href":"https:\/\/visionpeninsular.com\/mid\/wp-json\/wp\/v2\/posts"}],"about":[{"href":"https:\/\/visionpeninsular.com\/mid\/wp-json\/wp\/v2\/types\/post"}],"author":[{"embeddable":true,"href":"https:\/\/visionpeninsular.com\/mid\/wp-json\/wp\/v2\/users\/1"}],"replies":[{"embeddable":true,"href":"https:\/\/visionpeninsular.com\/mid\/wp-json\/wp\/v2\/comments?post=12566"}],"version-history":[{"count":2,"href":"https:\/\/visionpeninsular.com\/mid\/wp-json\/wp\/v2\/posts\/12566\/revisions"}],"predecessor-version":[{"id":12574,"href":"https:\/\/visionpeninsular.com\/mid\/wp-json\/wp\/v2\/posts\/12566\/revisions\/12574"}],"wp:featuredmedia":[{"embeddable":true,"href":"https:\/\/visionpeninsular.com\/mid\/wp-json\/wp\/v2\/media\/12567"}],"wp:attachment":[{"href":"https:\/\/visionpeninsular.com\/mid\/wp-json\/wp\/v2\/media?parent=12566"}],"wp:term":[{"taxonomy":"category","embeddable":true,"href":"https:\/\/visionpeninsular.com\/mid\/wp-json\/wp\/v2\/categories?post=12566"},{"taxonomy":"post_tag","embeddable":true,"href":"https:\/\/visionpeninsular.com\/mid\/wp-json\/wp\/v2\/tags?post=12566"}],"curies":[{"name":"wp","href":"https:\/\/api.w.org\/{rel}","templated":true}]}}