{"id":125438,"date":"2020-05-14T10:21:06","date_gmt":"2020-05-14T15:21:06","guid":{"rendered":"http:\/\/visionpeninsular.com\/mid\/?p=125438"},"modified":"2020-05-14T10:21:16","modified_gmt":"2020-05-14T15:21:16","slug":"empresas-yucatecas-anticipan-vuelta-a-sus-labores-pese-a-la-fase-3-de-covid-19","status":"publish","type":"post","link":"https:\/\/visionpeninsular.com\/mid\/empresas-yucatecas-anticipan-vuelta-a-sus-labores-pese-a-la-fase-3-de-covid-19\/","title":{"rendered":"Empresas yucatecas anticipan  vuelta a sus labores, pese a la Fase 3 de COVID-19"},"content":{"rendered":"\n<p>A pesar que el gobernador Mauricio Vila Dosal declar\u00f3 que Yucat\u00e1n todav\u00eda se encuentra en la curva ascendente de casos de Covid-19 y se espera que el pico de la pandemia ocurra en los siguientes d\u00edas por estar en la Fase 3 de la pandemia, empresas catalogadas como <em>no esenciales <\/em>ya est\u00e1nanticipando el regreso a la normalidad de sus labores.<\/p>\n\n\n\n<p>Reportes ciudadanos han dado a conocer que la empresa ORMEX, dedicada a maquilar productos de ortodoncia, reanud\u00f3 sus labores esta semana con algunos empleados, quienes ingresan a la empresa, que se ubica en &nbsp;la calle 21 de Ciudad Industrial, sobre la carretera M\u00e9rida-Um\u00e1n, en grupos de manera paulatina y los grupos ingresar\u00edan cada semana, de acuerdo a lo que reportan los usuarios. La empresa cuenta con una plantilla de alrededor de 250 empleados.<\/p>\n\n\n\n<p>Esto significa que Yucat\u00e1n no est\u00e1 en las condiciones de reactivar actividades, como s\u00ed lo estar\u00edan en junio otros estados donde el pico ya se registr\u00f3 hace una semana o d\u00edas.<\/p>\n<div class='share-to-whatsapp-wrapper'><div class='share-on-whsp'>Share on: <\/div><a data-text='Empresas yucatecas anticipan  vuelta a sus labores, pese a la Fase 3 de COVID-19' data-link='https:\/\/visionpeninsular.com\/mid\/empresas-yucatecas-anticipan-vuelta-a-sus-labores-pese-a-la-fase-3-de-covid-19\/' class='whatsapp-button whatsapp-share'>WhatsApp<\/a><div class='clear '><\/div><\/div>","protected":false},"excerpt":{"rendered":"<p>A pesar que el gobernador Mauricio Vila Dosal declar\u00f3 que Yucat\u00e1n todav\u00eda se encuentra en la curva ascendente de casos de Covid-19 y se espera que el pico de la pandemia ocurra en los siguientes d\u00edas por estar en la Fase 3 de la pandemia, empresas catalogadas como no esenciales ya est\u00e1nanticipando el regreso a &hellip;<\/p>\n","protected":false},"author":5,"featured_media":125439,"comment_status":"open","ping_status":"open","sticky":false,"template":"","format":"standard","meta":{"_mi_skip_tracking":false},"categories":[50,37],"tags":[21117,21119,21118],"_links":{"self":[{"href":"https:\/\/visionpeninsular.com\/mid\/wp-json\/wp\/v2\/posts\/125438"}],"collection":[{"href":"https:\/\/visionpeninsular.com\/mid\/wp-json\/wp\/v2\/posts"}],"about":[{"href":"https:\/\/visionpeninsular.com\/mid\/wp-json\/wp\/v2\/types\/post"}],"author":[{"embeddable":true,"href":"https:\/\/visionpeninsular.com\/mid\/wp-json\/wp\/v2\/users\/5"}],"replies":[{"embeddable":true,"href":"https:\/\/visionpeninsular.com\/mid\/wp-json\/wp\/v2\/comments?post=125438"}],"version-history":[{"count":1,"href":"https:\/\/visionpeninsular.com\/mid\/wp-json\/wp\/v2\/posts\/125438\/revisions"}],"predecessor-version":[{"id":125440,"href":"https:\/\/visionpeninsular.com\/mid\/wp-json\/wp\/v2\/posts\/125438\/revisions\/125440"}],"wp:featuredmedia":[{"embeddable":true,"href":"https:\/\/visionpeninsular.com\/mid\/wp-json\/wp\/v2\/media\/125439"}],"wp:attachment":[{"href":"https:\/\/visionpeninsular.com\/mid\/wp-json\/wp\/v2\/media?parent=125438"}],"wp:term":[{"taxonomy":"category","embeddable":true,"href":"https:\/\/visionpeninsular.com\/mid\/wp-json\/wp\/v2\/categories?post=125438"},{"taxonomy":"post_tag","embeddable":true,"href":"https:\/\/visionpeninsular.com\/mid\/wp-json\/wp\/v2\/tags?post=125438"}],"curies":[{"name":"wp","href":"https:\/\/api.w.org\/{rel}","templated":true}]}}