{"id":125401,"date":"2020-05-13T12:24:03","date_gmt":"2020-05-13T17:24:03","guid":{"rendered":"http:\/\/visionpeninsular.com\/mid\/?p=125401"},"modified":"2020-05-13T12:24:15","modified_gmt":"2020-05-13T17:24:15","slug":"ocho-y-doce-anos-de-prision-a-banda-de-ladrones","status":"publish","type":"post","link":"https:\/\/visionpeninsular.com\/mid\/ocho-y-doce-anos-de-prision-a-banda-de-ladrones\/","title":{"rendered":"Ocho y doce a\u00f1os de prisi\u00f3n a banda de ladrones"},"content":{"rendered":"\n<p>Tras ser encontrados penalmente responsables del delito de robo calificado cometido en pandilla, se realiz\u00f3 la individualizaci\u00f3n de las penas, sentenciando a 12 a\u00f1os de prisi\u00f3n a W.C.B., Y.Y.F.C. Y A.N.V.Z., y a ocho a\u00f1os y tres meses de la misma pena privativa de la libertad a S.R.M y W.A.C.B.<\/p>\n\n\n\n<p>En la audiencia celebrada en el Centro de Justicia Oral de M\u00e9rida, el Tribunal Primero de Juicio Oral otorg\u00f3 las penas solicitadas por la Fiscal\u00eda General del Estado y adem\u00e1s brindo 400 d\u00edas de multa a W.C.B., Y.Y.F.C. y A.N.V.Z., mientras que. S.R.M. y W.A.C.B. deber\u00e1n cubrir 200 d\u00edas de multa.<\/p>\n\n\n\n<p>Como se recordar\u00e1, de la informaci\u00f3n reunida en la carpeta administrativa del juicio oral n\u00famero 55\/2020, los hechos ocurrieron en el mes de septiembre del a\u00f1o 2017, en el citado complejo residencial, donde ingresaron a diversas propiedades y se apoderaron de dinero en efectivo, alhajas y otros bienes, por lo que se realizaron las denuncias correspondientes que derivaron en la presente resoluci\u00f3n judicial.<\/p>\n\n\n\n<p>Adem\u00e1s de las penas de prisi\u00f3n y la multa, los cinco sentenciados se les neg\u00f3 el beneficio de sustituci\u00f3n de sanciones, recibir\u00e1n amonestaci\u00f3n p\u00fablica y les fueron suspendidos sus derechos pol\u00edticos.<\/p>\n\n\n\n<p>Tras ser encontrados penalmente responsables del delito de robo calificado cometido en pandilla, este d\u00eda se realiz\u00f3 la individualizaci\u00f3n de las penas, sentenciando a 12 a\u00f1os de prisi\u00f3n a W.C.B., Y.Y.F.C. Y A.N.V.Z., y a ocho a\u00f1os y tres meses de la misma pena privativa de la libertad a S.R.M y W.A.C.B.<\/p>\n\n\n\n<p>En la audiencia celebrada en el Centro de Justicia Oral de M\u00e9rida, el Tribunal Primero de Juicio Oral otorg\u00f3 las penas solicitadas por la Fiscal\u00eda General del Estado y adem\u00e1s brindo 400 d\u00edas de multa a W.C.B., Y.Y.F.C. y A.N.V.Z., mientras que. S.R.M. y W.A.C.B. deber\u00e1n cubrir 200 d\u00edas de multa.<\/p>\n\n\n\n<p>Como se recordar\u00e1, de la informaci\u00f3n reunida en la carpeta administrativa del juicio oral n\u00famero 55\/2020, los hechos ocurrieron en el mes de septiembre del a\u00f1o 2017, en el citado complejo residencial, donde ingresaron a diversas propiedades y se apoderaron de dinero en efectivo, alhajas y otros bienes, por lo que se realizaron las denuncias correspondientes que derivaron en la presente resoluci\u00f3n judicial.<\/p>\n\n\n\n<p>Adem\u00e1s de las penas de prisi\u00f3n y la multa, los cinco sentenciados se les neg\u00f3 el beneficio de sustituci\u00f3n de sanciones, recibir\u00e1n amonestaci\u00f3n p\u00fablica y les fueron suspendidos sus derechos pol\u00edticos.<\/p>\n\n\n\n<p>Bolet\u00edn de FGE<\/p>\n<div class='share-to-whatsapp-wrapper'><div class='share-on-whsp'>Share on: <\/div><a data-text='Ocho y doce a\u00f1os de prisi\u00f3n a banda de ladrones' data-link='https:\/\/visionpeninsular.com\/mid\/ocho-y-doce-anos-de-prision-a-banda-de-ladrones\/' class='whatsapp-button whatsapp-share'>WhatsApp<\/a><div class='clear '><\/div><\/div>","protected":false},"excerpt":{"rendered":"<p>Tras ser encontrados penalmente responsables del delito de robo calificado cometido en pandilla, se realiz\u00f3 la individualizaci\u00f3n de las penas, sentenciando a 12 a\u00f1os de prisi\u00f3n a W.C.B., Y.Y.F.C. Y A.N.V.Z., y a ocho a\u00f1os y tres meses de la misma pena privativa de la libertad a S.R.M y W.A.C.B. En la audiencia celebrada en &hellip;<\/p>\n","protected":false},"author":5,"featured_media":125402,"comment_status":"open","ping_status":"open","sticky":false,"template":"","format":"standard","meta":{"_mi_skip_tracking":false},"categories":[50,37],"tags":[21108,21107],"_links":{"self":[{"href":"https:\/\/visionpeninsular.com\/mid\/wp-json\/wp\/v2\/posts\/125401"}],"collection":[{"href":"https:\/\/visionpeninsular.com\/mid\/wp-json\/wp\/v2\/posts"}],"about":[{"href":"https:\/\/visionpeninsular.com\/mid\/wp-json\/wp\/v2\/types\/post"}],"author":[{"embeddable":true,"href":"https:\/\/visionpeninsular.com\/mid\/wp-json\/wp\/v2\/users\/5"}],"replies":[{"embeddable":true,"href":"https:\/\/visionpeninsular.com\/mid\/wp-json\/wp\/v2\/comments?post=125401"}],"version-history":[{"count":1,"href":"https:\/\/visionpeninsular.com\/mid\/wp-json\/wp\/v2\/posts\/125401\/revisions"}],"predecessor-version":[{"id":125403,"href":"https:\/\/visionpeninsular.com\/mid\/wp-json\/wp\/v2\/posts\/125401\/revisions\/125403"}],"wp:featuredmedia":[{"embeddable":true,"href":"https:\/\/visionpeninsular.com\/mid\/wp-json\/wp\/v2\/media\/125402"}],"wp:attachment":[{"href":"https:\/\/visionpeninsular.com\/mid\/wp-json\/wp\/v2\/media?parent=125401"}],"wp:term":[{"taxonomy":"category","embeddable":true,"href":"https:\/\/visionpeninsular.com\/mid\/wp-json\/wp\/v2\/categories?post=125401"},{"taxonomy":"post_tag","embeddable":true,"href":"https:\/\/visionpeninsular.com\/mid\/wp-json\/wp\/v2\/tags?post=125401"}],"curies":[{"name":"wp","href":"https:\/\/api.w.org\/{rel}","templated":true}]}}