{"id":125397,"date":"2020-05-13T12:14:27","date_gmt":"2020-05-13T17:14:27","guid":{"rendered":"http:\/\/visionpeninsular.com\/mid\/?p=125397"},"modified":"2020-05-13T12:14:48","modified_gmt":"2020-05-13T17:14:48","slug":"cada-estado-decidira-si-reactiva-o-no-sus-actividades-economicas-vila","status":"publish","type":"post","link":"https:\/\/visionpeninsular.com\/mid\/cada-estado-decidira-si-reactiva-o-no-sus-actividades-economicas-vila\/","title":{"rendered":"Cada estado decidir\u00e1 si reactiva o no sus actividades econ\u00f3micas: Vila"},"content":{"rendered":"\n<p>El gobernador de Yucat\u00e1n, Mauricio Vila Dosal asegur\u00f3 que ser\u00e1n las autoridades de salud estatal las que tendr\u00e1n la \u00faltima palabra con respecto a la reactivaci\u00f3n de la Nueva Normalidad en el pa\u00eds.<\/p>\n\n\n\n<p>Mediante una reuni\u00f3n virtual entre miembros del gabinete federal y gobernadores de M\u00e9xico se present\u00f3 el plan de regreso a la Nueva Normalidad el cual consiste en tres etapas.<\/p>\n\n\n\n<p>Gobierno de M\u00e9xico<\/p>\n\n\n\n<figure class=\"wp-block-image size-large\"><img loading=\"lazy\" width=\"360\" height=\"202\" src=\"http:\/\/visionpeninsular.com\/mid\/wp-content\/uploads\/2020\/05\/tres-etapas.jpg\" alt=\"\" class=\"wp-image-125399\" srcset=\"https:\/\/visionpeninsular.com\/mid\/wp-content\/uploads\/2020\/05\/tres-etapas.jpg 360w, https:\/\/visionpeninsular.com\/mid\/wp-content\/uploads\/2020\/05\/tres-etapas-300x168.jpg 300w\" sizes=\"(max-width: 360px) 100vw, 360px\" \/><\/figure>\n\n\n\n<p>\u2714<\/p>\n\n\n\n<p>@GobiernoMX<\/p>\n\n\n\n<p>El plan de regreso a la #NuevaNormalidad consistir\u00e1 en 3 etapas:<\/p>\n\n\n\n<p>-18 de mayo. Reapertura de Municipios de la Esperanza (sin contagios)<\/p>\n\n\n\n<p>-18 al 31 de mayo. Preparaci\u00f3n para reapertura con protocolos sanitarios<\/p>\n\n\n\n<p>&#8211; 1 de junio. Implementaci\u00f3n de sistema de sem\u00e1foro por regiones<\/p>\n\n\n\n<p>Vila Dosal asegur\u00f3 que el estado a\u00fan no vive las mismas etapas de la pandemia como en la Ciudad de M\u00e9xico que tiene m\u00e1s de 10 mil casos acumulados.<\/p>\n\n\n\n<p>\u201cCada estado tiene condiciones diferentes, muchos ya pasaron sus \u2018picos\u2019 en semanas pasadas y otros todav\u00eda se preparan para enfrentar el mayor n\u00famero de contagios, como es el caso de Yucat\u00e1n\u201d, afirm\u00f3.<\/p>\n\n\n\n<p>A partir de esto, cada estado tomar\u00e1 sus propias decisiones para que la reactivaci\u00f3n econ\u00f3mica se vaya dando de forma gradual.<\/p>\n\n\n\n<p>Esta ma\u00f1ana durante la conferencia de prensa del presidente Andr\u00e9s Manuel L\u00f3pez Obrador la secretaria de Econom\u00eda, Graciela M\u00e1rquez, present\u00f3 el Sem\u00e1foro de reactivaci\u00f3n de las actividades econ\u00f3micas, sociales y educativas.<\/p>\n\n\n\n<p>Respecto al color de dicho Sem\u00e1foro Vila Dosal asegur\u00f3 que ser\u00e1 la Secretar\u00eda de Salud federal encabezada por Hugo L\u00f3pez-Gatell la que se encargar\u00e1 de fijar, una vez a la semana, el color.<\/p>\n\n\n\n<p>\u201cA pesar del esfuerzo que estamos haciendo es muy probable que Yucat\u00e1n arranque de color rojo el pr\u00f3ximo lunes 18 de mayo, esto debido a que a\u00fan no llegamos al \u2018pico\u2019 de contagios\u201d afirm\u00f3.<\/p>\n\n\n\n<p>Coment\u00f3 que antes de establecer un color, ya sea rojo, naranja, amarillo o verde, los gobernadores deber\u00e1n tener un acercamiento con las autoridades de salud federal para tomar las decisiones en conjunto.<\/p>\n\n\n\n<p>Para finalizar asegur\u00f3 que no ve viable reactivar las actividades comerciales y tur\u00edsticas la pr\u00f3xima semana en el estado. Eso s\u00ed, ya planean estrategias con el sector empresarial y social para cuando el estado est\u00e9 listo para la reactivaci\u00f3n de la econom\u00eda.<\/p>\n<div class='share-to-whatsapp-wrapper'><div class='share-on-whsp'>Share on: <\/div><a data-text='Cada estado decidir\u00e1 si reactiva o no sus actividades econ\u00f3micas: Vila' data-link='https:\/\/visionpeninsular.com\/mid\/cada-estado-decidira-si-reactiva-o-no-sus-actividades-economicas-vila\/' class='whatsapp-button whatsapp-share'>WhatsApp<\/a><div class='clear '><\/div><\/div>","protected":false},"excerpt":{"rendered":"<p>El gobernador de Yucat\u00e1n, Mauricio Vila Dosal asegur\u00f3 que ser\u00e1n las autoridades de salud estatal las que tendr\u00e1n la \u00faltima palabra con respecto a la reactivaci\u00f3n de la Nueva Normalidad en el pa\u00eds. Mediante una reuni\u00f3n virtual entre miembros del gabinete federal y gobernadores de M\u00e9xico se present\u00f3 el plan de regreso a la Nueva &hellip;<\/p>\n","protected":false},"author":5,"featured_media":125398,"comment_status":"open","ping_status":"open","sticky":false,"template":"","format":"standard","meta":{"_mi_skip_tracking":false},"categories":[49,37],"tags":[21105,185,3861,21104,21106],"_links":{"self":[{"href":"https:\/\/visionpeninsular.com\/mid\/wp-json\/wp\/v2\/posts\/125397"}],"collection":[{"href":"https:\/\/visionpeninsular.com\/mid\/wp-json\/wp\/v2\/posts"}],"about":[{"href":"https:\/\/visionpeninsular.com\/mid\/wp-json\/wp\/v2\/types\/post"}],"author":[{"embeddable":true,"href":"https:\/\/visionpeninsular.com\/mid\/wp-json\/wp\/v2\/users\/5"}],"replies":[{"embeddable":true,"href":"https:\/\/visionpeninsular.com\/mid\/wp-json\/wp\/v2\/comments?post=125397"}],"version-history":[{"count":1,"href":"https:\/\/visionpeninsular.com\/mid\/wp-json\/wp\/v2\/posts\/125397\/revisions"}],"predecessor-version":[{"id":125400,"href":"https:\/\/visionpeninsular.com\/mid\/wp-json\/wp\/v2\/posts\/125397\/revisions\/125400"}],"wp:featuredmedia":[{"embeddable":true,"href":"https:\/\/visionpeninsular.com\/mid\/wp-json\/wp\/v2\/media\/125398"}],"wp:attachment":[{"href":"https:\/\/visionpeninsular.com\/mid\/wp-json\/wp\/v2\/media?parent=125397"}],"wp:term":[{"taxonomy":"category","embeddable":true,"href":"https:\/\/visionpeninsular.com\/mid\/wp-json\/wp\/v2\/categories?post=125397"},{"taxonomy":"post_tag","embeddable":true,"href":"https:\/\/visionpeninsular.com\/mid\/wp-json\/wp\/v2\/tags?post=125397"}],"curies":[{"name":"wp","href":"https:\/\/api.w.org\/{rel}","templated":true}]}}