{"id":125360,"date":"2020-05-12T19:17:25","date_gmt":"2020-05-13T00:17:25","guid":{"rendered":"http:\/\/visionpeninsular.com\/mid\/?p=125360"},"modified":"2020-05-12T19:17:38","modified_gmt":"2020-05-13T00:17:38","slug":"renan-barrera-considera-aun-lejano-el-regreso-a-las-aulas","status":"publish","type":"post","link":"https:\/\/visionpeninsular.com\/mid\/renan-barrera-considera-aun-lejano-el-regreso-a-las-aulas\/","title":{"rendered":"Ren\u00e1n Barrera considera a\u00fan lejano el regreso a las aulas"},"content":{"rendered":"\n<p>El presidente municipal de M\u00e9rida, Ren\u00e1n Barrera Concha, declar\u00f3 durante un encuentro virtual con medios de comunicaci\u00f3n, que por las circunstancias actuales ocasionadas por la pandemia de COVID-19 el regreso a clases &nbsp;est\u00e1 muy lejano y se\u00f1al\u00f3 que ser\u00eda hasta el pr\u00f3ximo ciclo escolar cuando los estudiantes regresen a las aulas.<\/p>\n\n\n\n<p>El alcalde &nbsp;meridano record\u00f3 que dicha disposici\u00f3n est\u00e1 sujeta a decisiones tanto estatales como federales, aunque calcul\u00f3 que en la primera quincena de junio se podr\u00edan levantar algunas de las medidas de aislamiento social.<\/p>\n\n\n\n<p>Acerca de &nbsp;la movilidad en la ciudad capital, Barrera Concha se\u00f1al\u00f3 que esta se mantiene en un 65% y dijo que los \u201cpicos\u201d que se han apreciado durante los dos meses de confinamiento se debieron a las festividades del D\u00eda del Ni\u00f1o y D\u00eda de las Madres.<\/p>\n\n\n\n<p>\u201cHan sido momentos aislados, es normal que de repente haya d\u00edas at\u00edpicos en los que la gente vuelva a salir, pero en t\u00e9rminos generales estamos en un 65% en la disminuci\u00f3n en la movilidad y eso se nota en las cifras que se han estado manejando\u201d, explic\u00f3.<\/p>\n\n\n\n<p>Asimismo, revel\u00f3 que nueve trabajadores del Ayuntamiento se han contagiado de coronavirus. Se\u00f1al\u00f3 tambi\u00e9n que se han recibido denuncias de negocios que trabajan a puerta cerrada.<\/p>\n\n\n\n<p>\u201cEl hecho de que haya una cortina abajo no significa que no haya gente adentro y en ese sentido s\u00ed hemos recibido varias denuncias, tenemos alrededor, especialmente los jueves y domingo, entre 15 y 20 llamadas de este tipo en diferentes puntos de la ciudad\u201d, detall\u00f3.<\/p>\n\n\n\n<p>Sobre el personal de su administraci\u00f3n que ha contra\u00eddo la enfermedad, el alcalde precis\u00f3 que todos han superado al coronavirus sin mayor dificultad.<\/p>\n<div class='share-to-whatsapp-wrapper'><div class='share-on-whsp'>Share on: <\/div><a data-text='Ren\u00e1n Barrera considera a\u00fan lejano el regreso a las aulas' data-link='https:\/\/visionpeninsular.com\/mid\/renan-barrera-considera-aun-lejano-el-regreso-a-las-aulas\/' class='whatsapp-button whatsapp-share'>WhatsApp<\/a><div class='clear '><\/div><\/div>","protected":false},"excerpt":{"rendered":"<p>El presidente municipal de M\u00e9rida, Ren\u00e1n Barrera Concha, declar\u00f3 durante un encuentro virtual con medios de comunicaci\u00f3n, que por las circunstancias actuales ocasionadas por la pandemia de COVID-19 el regreso a clases &nbsp;est\u00e1 muy lejano y se\u00f1al\u00f3 que ser\u00eda hasta el pr\u00f3ximo ciclo escolar cuando los estudiantes regresen a las aulas. El alcalde &nbsp;meridano record\u00f3 &hellip;<\/p>\n","protected":false},"author":5,"featured_media":125361,"comment_status":"open","ping_status":"open","sticky":false,"template":"","format":"standard","meta":{"_mi_skip_tracking":false},"categories":[49,37],"tags":[21091,5338],"_links":{"self":[{"href":"https:\/\/visionpeninsular.com\/mid\/wp-json\/wp\/v2\/posts\/125360"}],"collection":[{"href":"https:\/\/visionpeninsular.com\/mid\/wp-json\/wp\/v2\/posts"}],"about":[{"href":"https:\/\/visionpeninsular.com\/mid\/wp-json\/wp\/v2\/types\/post"}],"author":[{"embeddable":true,"href":"https:\/\/visionpeninsular.com\/mid\/wp-json\/wp\/v2\/users\/5"}],"replies":[{"embeddable":true,"href":"https:\/\/visionpeninsular.com\/mid\/wp-json\/wp\/v2\/comments?post=125360"}],"version-history":[{"count":1,"href":"https:\/\/visionpeninsular.com\/mid\/wp-json\/wp\/v2\/posts\/125360\/revisions"}],"predecessor-version":[{"id":125362,"href":"https:\/\/visionpeninsular.com\/mid\/wp-json\/wp\/v2\/posts\/125360\/revisions\/125362"}],"wp:featuredmedia":[{"embeddable":true,"href":"https:\/\/visionpeninsular.com\/mid\/wp-json\/wp\/v2\/media\/125361"}],"wp:attachment":[{"href":"https:\/\/visionpeninsular.com\/mid\/wp-json\/wp\/v2\/media?parent=125360"}],"wp:term":[{"taxonomy":"category","embeddable":true,"href":"https:\/\/visionpeninsular.com\/mid\/wp-json\/wp\/v2\/categories?post=125360"},{"taxonomy":"post_tag","embeddable":true,"href":"https:\/\/visionpeninsular.com\/mid\/wp-json\/wp\/v2\/tags?post=125360"}],"curies":[{"name":"wp","href":"https:\/\/api.w.org\/{rel}","templated":true}]}}