{"id":125346,"date":"2020-05-12T18:01:26","date_gmt":"2020-05-12T23:01:26","guid":{"rendered":"http:\/\/visionpeninsular.com\/mid\/?p=125346"},"modified":"2020-05-12T18:01:35","modified_gmt":"2020-05-12T23:01:35","slug":"inician-preparativos-para-la-reapertura-economica-de-yucatan","status":"publish","type":"post","link":"https:\/\/visionpeninsular.com\/mid\/inician-preparativos-para-la-reapertura-economica-de-yucatan\/","title":{"rendered":"Inician preparativos para la reapertura econ\u00f3mica de Yucat\u00e1n"},"content":{"rendered":"\n<p><em>El Gobernador Mauricio Vila Dosal anuncia preparativos para pr\u00f3xima reapertura econ\u00f3mica en Yucat\u00e1n<\/em><\/p>\n\n\n\n<p><em>-Vila Dosal presidir\u00e1 a partir de ma\u00f1ana la primera de varias mesas de trabajo para el desarrollo del plan de reactivaci\u00f3n.<\/em><\/p>\n\n\n\n<p><em>-Las mesas se llevar\u00e1n a cabo con representantes de organismos empresariales, patronales, sindicales, universidades y organismos de la sociedad civil.<\/em><\/p>\n\n\n\n<p><em>-La reapertura estar\u00e1 condicionada a que el n\u00famero de casos de Coronavirus se mantengan en los m\u00ednimos posibles, para que el n\u00famero de hospitalizados no rebase nuestra capacidad hospitalaria instalada, entre otros factores condicionantes.<\/em><\/p>\n\n\n\n<p>El Gobernador Mauricio Vila Dosal anunci\u00f3 que ya ha empezado a trabajar en el desarrollo de un Plan Estatal para la apertura responsable y gradual de la econom\u00eda de Yucat\u00e1n que, aunque no tiene una fecha exacta, los preparativos ya se alistan para estar dispuestos para cuando la situaci\u00f3n lo permita, sin poner en riesgo la salud de los yucatecos.<\/p>\n\n\n\n<p>El Gobernador precis\u00f3 que, as\u00ed como de manera anticipada se realizaron los preparativos para proteger oportunamente la salud de los yucatecos y conscientes de que el tema del ingreso familiar es, junto con la salud, de la mayor importancia para todos los yucatecos, tambi\u00e9n se prepara este Plan para reanudar la actividad econ\u00f3mica en todo el estado.<\/p>\n\n\n\n<p>Hay que mencionar que la urgencia de reactivar los empleos es para evitar que sean miles m\u00e1s los que se pierdan debido a la inactividad econ\u00f3mica generada por el Coronavirus, pues de acuerdo con pron\u00f3sticos de firmas especializadas en finanzas, tanto nacionales como internacionales, y bancos se estima que la ca\u00edda del Producto Interno Bruto (PIB) de Yucat\u00e1n se ubique entre un 7 y 13%.<\/p>\n\n\n\n<p>Esto significar\u00e1 la p\u00e9rdida de hasta 80,000 empleos, en donde los m\u00e1s afectados ser\u00edan los sectores de la manufactura, comercio y construcci\u00f3n. Con base en las estimaciones, cada ca\u00edda del 1% representa 2,600 millones de pesos, es decir, se estar\u00eda hablando de p\u00e9rdidas de hasta por 33,800 millones de pesos.<\/p>\n\n\n\n<p>Es por ello que Vila Dosal se\u00f1al\u00f3 que trabaja en la reanudaci\u00f3n de las actividades econ\u00f3micas mediante el Plan Estatal y para el cual se ha convocado para el d\u00eda de ma\u00f1ana a la primera de una serie de mesas de trabajo, las cuales tendr\u00e1n lugar con los representantes de organismos empresariales, patronales, sindicales, universidades y organismos de la sociedad civil.<\/p>\n\n\n\n<p>El Gobernador explic\u00f3 que con la realizaci\u00f3n de estas mesas de trabajo, el Gobierno estatal da por iniciada la fase de desarrollo de los preparativos necesarios que permitir\u00e1n realizar una apertura responsable y gradual de los negocios que hoy no est\u00e1n operando, de tal manera que la reapertura no signifique poner en riesgo la salud de los yucatecos y que se inicie la reactivaci\u00f3n del empleo de manera segura para todos.<\/p>\n\n\n\n<p>Estas mesas de consulta tendr\u00e1n como finalidad escuchar, intercambiar e identificar los mejores protocolos de higiene y prevenci\u00f3n, criterios de apertura y operaci\u00f3n de negocios para que se garantice la protecci\u00f3n a la salud de todos los ciudadanos, directivos, empleados y clientes de la manera m\u00e1s segura posible para que la reapertura no exponga a nuevos contagios a los yucatecos, precis\u00f3 Vila Dosal.<\/p>\n\n\n\n<p>\u201cEs importante recalcar que a\u00fan no se cuenta con fecha concreta para la reapertura, pues depende de c\u00f3mo evolucione el Coronavirus los pr\u00f3ximos d\u00edas y semanas, pero cuando se llegue a anunciar la reapertura de la econom\u00eda, \u00e9sta ser\u00e1 escalonada, es decir, no se van a abrir todos los negocios de golpe, si no por sectores\u201d, explic\u00f3.<\/p>\n\n\n\n<p>&#8220;Ser\u00e1 totalmente responsable pues solo se dar\u00e1 en los negocios que hayan cumplido con todos los protocolos de higiene y prevenci\u00f3n que se establezcan para cada giro, empezando por los negocios que representen menos riesgos para la salud&#8221;, manifest\u00f3 Vila Dosal.<\/p>\n\n\n\n<p>&#8220;Tambi\u00e9n ser\u00e1 oportuna, pues se anunciar\u00e1 cuando las condiciones lo permitan y solo si hoy, ma\u00f1ana y los d\u00edas por venir continuamos siendo responsables con las medidas de higiene y prevenci\u00f3n, pues en cualquier caso la reapertura estar\u00e1 condicionada en su momento a que el n\u00famero de casos que se reportan diariamente se mantengan en los m\u00ednimos posibles para que el n\u00famero de hospitalizados por el Coronavirus no rebase nuestra capacidad hospitalaria instalada&#8221;, agreg\u00f3 el Gobernador.<\/p>\n\n\n\n<p>Finalmente, Vila Dosal precis\u00f3 que Gobierno del Estado a trav\u00e9s de los canales oficiales continuar\u00e1 informando oportunamente conforme las condiciones de salud p\u00fablica y avances en los protocolos de salud en empresas se vayan dando para que la ciudadan\u00eda conozca el modelo de reapertura econ\u00f3mica que m\u00e1s le conviene a Yucat\u00e1n.<\/p>\n<div class='share-to-whatsapp-wrapper'><div class='share-on-whsp'>Share on: <\/div><a data-text='Inician preparativos para la reapertura econ\u00f3mica de Yucat\u00e1n' data-link='https:\/\/visionpeninsular.com\/mid\/inician-preparativos-para-la-reapertura-economica-de-yucatan\/' class='whatsapp-button whatsapp-share'>WhatsApp<\/a><div class='clear '><\/div><\/div>","protected":false},"excerpt":{"rendered":"<p>El Gobernador Mauricio Vila Dosal anuncia preparativos para pr\u00f3xima reapertura econ\u00f3mica en Yucat\u00e1n -Vila Dosal presidir\u00e1 a partir de ma\u00f1ana la primera de varias mesas de trabajo para el desarrollo del plan de reactivaci\u00f3n. -Las mesas se llevar\u00e1n a cabo con representantes de organismos empresariales, patronales, sindicales, universidades y organismos de la sociedad civil. -La &hellip;<\/p>\n","protected":false},"author":5,"featured_media":125347,"comment_status":"open","ping_status":"open","sticky":false,"template":"","format":"standard","meta":{"_mi_skip_tracking":false},"categories":[49,37],"tags":[185,3861,21082],"_links":{"self":[{"href":"https:\/\/visionpeninsular.com\/mid\/wp-json\/wp\/v2\/posts\/125346"}],"collection":[{"href":"https:\/\/visionpeninsular.com\/mid\/wp-json\/wp\/v2\/posts"}],"about":[{"href":"https:\/\/visionpeninsular.com\/mid\/wp-json\/wp\/v2\/types\/post"}],"author":[{"embeddable":true,"href":"https:\/\/visionpeninsular.com\/mid\/wp-json\/wp\/v2\/users\/5"}],"replies":[{"embeddable":true,"href":"https:\/\/visionpeninsular.com\/mid\/wp-json\/wp\/v2\/comments?post=125346"}],"version-history":[{"count":1,"href":"https:\/\/visionpeninsular.com\/mid\/wp-json\/wp\/v2\/posts\/125346\/revisions"}],"predecessor-version":[{"id":125348,"href":"https:\/\/visionpeninsular.com\/mid\/wp-json\/wp\/v2\/posts\/125346\/revisions\/125348"}],"wp:featuredmedia":[{"embeddable":true,"href":"https:\/\/visionpeninsular.com\/mid\/wp-json\/wp\/v2\/media\/125347"}],"wp:attachment":[{"href":"https:\/\/visionpeninsular.com\/mid\/wp-json\/wp\/v2\/media?parent=125346"}],"wp:term":[{"taxonomy":"category","embeddable":true,"href":"https:\/\/visionpeninsular.com\/mid\/wp-json\/wp\/v2\/categories?post=125346"},{"taxonomy":"post_tag","embeddable":true,"href":"https:\/\/visionpeninsular.com\/mid\/wp-json\/wp\/v2\/tags?post=125346"}],"curies":[{"name":"wp","href":"https:\/\/api.w.org\/{rel}","templated":true}]}}