{"id":125254,"date":"2020-05-11T17:54:37","date_gmt":"2020-05-11T22:54:37","guid":{"rendered":"http:\/\/visionpeninsular.com\/mid\/?p=125254"},"modified":"2020-05-11T17:54:45","modified_gmt":"2020-05-11T22:54:45","slug":"en-operaciones-ruta-de-la-salud-para-facilitar-la-movilidad-de-personal-hospitalario","status":"publish","type":"post","link":"https:\/\/visionpeninsular.com\/mid\/en-operaciones-ruta-de-la-salud-para-facilitar-la-movilidad-de-personal-hospitalario\/","title":{"rendered":"En operaciones \u201cRuta de la Salud\u201d, para facilitar la movilidad de personal hospitalario"},"content":{"rendered":"\n<p><em>La \u201cRuta por la Salud\u201d comenz\u00f3 operaciones para facilitar la movilidad de personal m\u00e9dico hospitalario durante la contingencia por Coronavirus<\/em><\/p>\n\n\n\n<p><em>&#8211; Se implement\u00f3 un sistema de transporte con rutas especiales y unidades destinadas solo para transportar a trabajadores de la salud que laboran en hospitales p\u00fablicos y privados<\/em><\/p>\n\n\n\n<figure class=\"wp-block-image size-large\"><img loading=\"lazy\" width=\"1024\" height=\"682\" src=\"http:\/\/visionpeninsular.com\/mid\/wp-content\/uploads\/2020\/05\/WhatsApp-Image-2020-05-11-at-5.20.01-PM-1-1024x682.jpeg\" alt=\"\" class=\"wp-image-125257\" srcset=\"https:\/\/visionpeninsular.com\/mid\/wp-content\/uploads\/2020\/05\/WhatsApp-Image-2020-05-11-at-5.20.01-PM-1-1024x682.jpeg 1024w, https:\/\/visionpeninsular.com\/mid\/wp-content\/uploads\/2020\/05\/WhatsApp-Image-2020-05-11-at-5.20.01-PM-1-300x200.jpeg 300w, https:\/\/visionpeninsular.com\/mid\/wp-content\/uploads\/2020\/05\/WhatsApp-Image-2020-05-11-at-5.20.01-PM-1-768x512.jpeg 768w, https:\/\/visionpeninsular.com\/mid\/wp-content\/uploads\/2020\/05\/WhatsApp-Image-2020-05-11-at-5.20.01-PM-1-310x205.jpeg 310w, https:\/\/visionpeninsular.com\/mid\/wp-content\/uploads\/2020\/05\/WhatsApp-Image-2020-05-11-at-5.20.01-PM-1.jpeg 1280w\" sizes=\"(max-width: 1024px) 100vw, 1024px\" \/><\/figure>\n\n\n\n<p><em>&#8211; Por instrucciones del Gobernador Mauricio Vila Dosal, este servicio de transporte de autobuses en M\u00e9rida se otorgar\u00e1 sin ning\u00fan costo siempre y cuando muestren su identificaci\u00f3n como colaborador de alg\u00fan nosocomio.<\/em><\/p>\n\n\n\n<figure class=\"wp-block-image size-large\"><img loading=\"lazy\" width=\"1024\" height=\"682\" src=\"http:\/\/visionpeninsular.com\/mid\/wp-content\/uploads\/2020\/05\/WhatsApp-Image-2020-05-11-at-5.20.01-PM-1024x682.jpeg\" alt=\"\" class=\"wp-image-125258\" srcset=\"https:\/\/visionpeninsular.com\/mid\/wp-content\/uploads\/2020\/05\/WhatsApp-Image-2020-05-11-at-5.20.01-PM-1024x682.jpeg 1024w, https:\/\/visionpeninsular.com\/mid\/wp-content\/uploads\/2020\/05\/WhatsApp-Image-2020-05-11-at-5.20.01-PM-300x200.jpeg 300w, https:\/\/visionpeninsular.com\/mid\/wp-content\/uploads\/2020\/05\/WhatsApp-Image-2020-05-11-at-5.20.01-PM-768x511.jpeg 768w, https:\/\/visionpeninsular.com\/mid\/wp-content\/uploads\/2020\/05\/WhatsApp-Image-2020-05-11-at-5.20.01-PM-310x205.jpeg 310w, https:\/\/visionpeninsular.com\/mid\/wp-content\/uploads\/2020\/05\/WhatsApp-Image-2020-05-11-at-5.20.01-PM.jpeg 1280w\" sizes=\"(max-width: 1024px) 100vw, 1024px\" \/><\/figure>\n\n\n\n<p>Mar\u00eda Guadalupe Sol\u00eds Manzanero es enfermera general y durante la semana realiza el recorrido en transporte p\u00fablico desde su domicilio, ubicado en el oriente de M\u00e9rida, hasta el Hospital General &#8220;Dr. Agust\u00edn O\u2019Hor\u00e1n&#8221;, donde labora, y ese trayecto le toma por lo menos una hora.<\/p>\n\n\n\n<figure class=\"wp-block-image size-large\"><img loading=\"lazy\" width=\"1024\" height=\"682\" src=\"http:\/\/visionpeninsular.com\/mid\/wp-content\/uploads\/2020\/05\/WhatsApp-Image-2020-05-11-at-5.20.00-PM-3-1024x682.jpeg\" alt=\"\" class=\"wp-image-125259\" srcset=\"https:\/\/visionpeninsular.com\/mid\/wp-content\/uploads\/2020\/05\/WhatsApp-Image-2020-05-11-at-5.20.00-PM-3-1024x682.jpeg 1024w, https:\/\/visionpeninsular.com\/mid\/wp-content\/uploads\/2020\/05\/WhatsApp-Image-2020-05-11-at-5.20.00-PM-3-300x200.jpeg 300w, https:\/\/visionpeninsular.com\/mid\/wp-content\/uploads\/2020\/05\/WhatsApp-Image-2020-05-11-at-5.20.00-PM-3-768x511.jpeg 768w, https:\/\/visionpeninsular.com\/mid\/wp-content\/uploads\/2020\/05\/WhatsApp-Image-2020-05-11-at-5.20.00-PM-3-310x205.jpeg 310w, https:\/\/visionpeninsular.com\/mid\/wp-content\/uploads\/2020\/05\/WhatsApp-Image-2020-05-11-at-5.20.00-PM-3.jpeg 1280w\" sizes=\"(max-width: 1024px) 100vw, 1024px\" \/><\/figure>\n\n\n\n<p>El d\u00eda de hoy, la ayudante m\u00e9dica abord\u00f3 el cami\u00f3n de la ruta 37-69 Perif\u00e9rico-CTM sobre la calle 69 de la colonia Miraflores para dirigirse al centro de M\u00e9rida. Al abordar el autob\u00fas, la mujer mostr\u00f3 su identificaci\u00f3n como enfermera al conductor, quien siguiendo las indicaciones del Gobernador Mauricio Vila Dosal de otorgar este servicio de forma gratuita a colaboradores de hospitales, le concedi\u00f3 el acceso.<\/p>\n\n\n\n<figure class=\"wp-block-image size-large\"><img loading=\"lazy\" width=\"1024\" height=\"682\" src=\"http:\/\/visionpeninsular.com\/mid\/wp-content\/uploads\/2020\/05\/WhatsApp-Image-2020-05-11-at-5.20.00-PM-2-1024x682.jpeg\" alt=\"\" class=\"wp-image-125260\" srcset=\"https:\/\/visionpeninsular.com\/mid\/wp-content\/uploads\/2020\/05\/WhatsApp-Image-2020-05-11-at-5.20.00-PM-2-1024x682.jpeg 1024w, https:\/\/visionpeninsular.com\/mid\/wp-content\/uploads\/2020\/05\/WhatsApp-Image-2020-05-11-at-5.20.00-PM-2-300x200.jpeg 300w, https:\/\/visionpeninsular.com\/mid\/wp-content\/uploads\/2020\/05\/WhatsApp-Image-2020-05-11-at-5.20.00-PM-2-768x511.jpeg 768w, https:\/\/visionpeninsular.com\/mid\/wp-content\/uploads\/2020\/05\/WhatsApp-Image-2020-05-11-at-5.20.00-PM-2-310x205.jpeg 310w, https:\/\/visionpeninsular.com\/mid\/wp-content\/uploads\/2020\/05\/WhatsApp-Image-2020-05-11-at-5.20.00-PM-2.jpeg 1280w\" sizes=\"(max-width: 1024px) 100vw, 1024px\" \/><\/figure>\n\n\n\n<p>Al llegar al paradero de la mencionada ruta en la calle 58 por 65 y 67 del Centro Hist\u00f3rico, Mar\u00eda Guadalupe descendi\u00f3 de la unidad para caminar algunas cuadras y dirigirse a la esquina de la calle 62 x 57 en el primer cuadro de la ciudad. Luego de unos minutos de espera, la mujer abord\u00f3 el cami\u00f3n de la \u201cRuta de la Salud\u201d, proveniente del parque de La Mejorada, que la transport\u00f3 a su lugar de trabajo en Hospital &#8220;Dr. Agust\u00edn O\u00b4Hor\u00e1n&#8221;, sin ning\u00fan costo.<\/p>\n\n\n\n<figure class=\"wp-block-image size-large\"><img loading=\"lazy\" width=\"1024\" height=\"682\" src=\"http:\/\/visionpeninsular.com\/mid\/wp-content\/uploads\/2020\/05\/WhatsApp-Image-2020-05-11-at-5.20.00-PM-1-1024x682.jpeg\" alt=\"\" class=\"wp-image-125261\" srcset=\"https:\/\/visionpeninsular.com\/mid\/wp-content\/uploads\/2020\/05\/WhatsApp-Image-2020-05-11-at-5.20.00-PM-1-1024x682.jpeg 1024w, https:\/\/visionpeninsular.com\/mid\/wp-content\/uploads\/2020\/05\/WhatsApp-Image-2020-05-11-at-5.20.00-PM-1-300x200.jpeg 300w, https:\/\/visionpeninsular.com\/mid\/wp-content\/uploads\/2020\/05\/WhatsApp-Image-2020-05-11-at-5.20.00-PM-1-768x511.jpeg 768w, https:\/\/visionpeninsular.com\/mid\/wp-content\/uploads\/2020\/05\/WhatsApp-Image-2020-05-11-at-5.20.00-PM-1-310x205.jpeg 310w, https:\/\/visionpeninsular.com\/mid\/wp-content\/uploads\/2020\/05\/WhatsApp-Image-2020-05-11-at-5.20.00-PM-1.jpeg 1280w\" sizes=\"(max-width: 1024px) 100vw, 1024px\" \/><\/figure>\n\n\n\n<p>Para ella y debido a la contingencia por Coronavirus, este traslado ha significado retrasos e incluso incertidumbre a causa de la reducci\u00f3n de lugares disponibles en el servicio de transporte p\u00fablico y la discriminaci\u00f3n por parte de algunos ciudadanos.<\/p>\n\n\n\n<figure class=\"wp-block-image size-large\"><img loading=\"lazy\" width=\"1024\" height=\"682\" src=\"http:\/\/visionpeninsular.com\/mid\/wp-content\/uploads\/2020\/05\/WhatsApp-Image-2020-05-11-at-5.20.00-PM-1024x682.jpeg\" alt=\"\" class=\"wp-image-125262\" srcset=\"https:\/\/visionpeninsular.com\/mid\/wp-content\/uploads\/2020\/05\/WhatsApp-Image-2020-05-11-at-5.20.00-PM-1024x682.jpeg 1024w, https:\/\/visionpeninsular.com\/mid\/wp-content\/uploads\/2020\/05\/WhatsApp-Image-2020-05-11-at-5.20.00-PM-300x200.jpeg 300w, https:\/\/visionpeninsular.com\/mid\/wp-content\/uploads\/2020\/05\/WhatsApp-Image-2020-05-11-at-5.20.00-PM-768x511.jpeg 768w, https:\/\/visionpeninsular.com\/mid\/wp-content\/uploads\/2020\/05\/WhatsApp-Image-2020-05-11-at-5.20.00-PM-310x205.jpeg 310w, https:\/\/visionpeninsular.com\/mid\/wp-content\/uploads\/2020\/05\/WhatsApp-Image-2020-05-11-at-5.20.00-PM.jpeg 1280w\" sizes=\"(max-width: 1024px) 100vw, 1024px\" \/><\/figure>\n\n\n\n<p>\u201cHay mucha demanda de las personas que todav\u00eda van al trabajo. Llega un momento en que no puedo abordar, cuando la combi solo lleva seis personas, m\u00e1ximo siete, por las medidas sanitarias. En los camiones solo los asientos junto a las ventanillas pueden ser ocupados y eso deja a mucha gente esperando a que pase otro para que puedan llevarte. Eso crea un poquito m\u00e1s de complicaciones para nosotros como personal de salud para encontrar un cami\u00f3n e irnos al centro de trabajo\u201d asegur\u00f3.<\/p>\n\n\n\n<figure class=\"wp-block-image size-large\"><img loading=\"lazy\" width=\"1024\" height=\"682\" src=\"http:\/\/visionpeninsular.com\/mid\/wp-content\/uploads\/2020\/05\/WhatsApp-Image-2020-05-11-at-5.19.52-PM-1024x682.jpeg\" alt=\"\" class=\"wp-image-125263\" srcset=\"https:\/\/visionpeninsular.com\/mid\/wp-content\/uploads\/2020\/05\/WhatsApp-Image-2020-05-11-at-5.19.52-PM-1024x682.jpeg 1024w, https:\/\/visionpeninsular.com\/mid\/wp-content\/uploads\/2020\/05\/WhatsApp-Image-2020-05-11-at-5.19.52-PM-300x200.jpeg 300w, https:\/\/visionpeninsular.com\/mid\/wp-content\/uploads\/2020\/05\/WhatsApp-Image-2020-05-11-at-5.19.52-PM-768x511.jpeg 768w, https:\/\/visionpeninsular.com\/mid\/wp-content\/uploads\/2020\/05\/WhatsApp-Image-2020-05-11-at-5.19.52-PM-310x205.jpeg 310w, https:\/\/visionpeninsular.com\/mid\/wp-content\/uploads\/2020\/05\/WhatsApp-Image-2020-05-11-at-5.19.52-PM.jpeg 1280w\" sizes=\"(max-width: 1024px) 100vw, 1024px\" \/><\/figure>\n\n\n\n<p>Como respuesta a esta situaci\u00f3n que, al igual que Mar\u00eda Guadalupe, atraviesan otros integrantes del personal m\u00e9dico hospitalario en la capital yucateca, el Gobierno del Estado en conjunto con las autoridades municipales de M\u00e9rida, implementaron el programa &#8220;Ruta de la Salud&#8221; para apoyar y reconocer la labor de m\u00e9dicos y profesionales de la salud ante la contingencia sanitaria.<\/p>\n\n\n\n<p>Este nuevo servicio de transporte comenz\u00f3 a funcionar hoy lunes y se trata de 23 circuitos interconectados que realizan recorridos que cubrir\u00e1n los hospitales de la capital yucateca con unidades bien identificadas bajo el nombre de \u201cRuta de la Salud\u201d. Adem\u00e1s, por instrucciones del Gobernador Mauricio Vila Dosal, el personal de salud podr\u00e1 acceder al servicio sin ning\u00fan costo, mostrando su identificaci\u00f3n como colaborador en alg\u00fan nosocomio.<\/p>\n\n\n\n<p>Para Sol\u00eds Manzanero, estos autobuses que prestar\u00e1n servicio todos los d\u00edas de 5 de la ma\u00f1ana a 10 de la noche, traer\u00e1n muchos beneficios ya que son una \u201cmuy buena idea porque nos favorece como personal de la salud, ya que no nos sentiremos agredidos, el tiempo de espera se reducir\u00e1 porque es un cami\u00f3n exclusivo para el personal que nos lleva a nuestro trabajo y la comodidad m\u00e1s que nada\u201d, relat\u00f3.<\/p>\n\n\n\n<p>La enfermera del Hospital O\u00b4Hor\u00e1n relat\u00f3 que sus compa\u00f1eras y compa\u00f1eros de trabajo han sido v\u00edctimas de actos discriminatorios en la calle y en el transporte p\u00fablico debido al miedo y a la falta de conocimiento. A pesar de ello, se siente optimista y considera que esta situaci\u00f3n cambiar\u00e1.<\/p>\n\n\n\n<p>\u201cLes han tirado cloro, caf\u00e9, agua y al subirse al transporte p\u00fablico, los otros pasajeros muestran rechazo, insinuando que mis compa\u00f1eros tienen una enfermedad contagiosa. Es una pena que nosotros somos los que ayudamos a salir de esta contingencia y las personas, por desgracia, no lo ven as\u00ed. Yo creo que es miedo, pero si tomamos las medidas que el Gobierno del Estado y la Secretar\u00eda de Salud de Yucat\u00e1n est\u00e1n promoviendo en la televisi\u00f3n, internet y radio, yo creo que todo esto va a disminuir\u201d, asever\u00f3.<\/p>\n\n\n\n<p>Mar\u00eda Guadalupe agradeci\u00f3 las acciones del Gobierno del Estado para apoyar la movilidad de m\u00e9dicos y enfermeros que laboran el hospitales p\u00fablicos y privados ya que de esta forma contribuyen a reducir o eliminar las complicaciones de transportarse a sus lugares de trabajo.<\/p>\n\n\n\n<p>\u201cHacer una ruta espec\u00edfica para el personal nos ayuda mucho, tomando en cuenta que somos la parte operativa de esta lucha contra el Coronavirus, as\u00ed que muchas gracias\u201d finaliz\u00f3.<\/p>\n\n\n\n<p>Este apoyo se realiza como una forma de retribuirles todo el esfuerzo y sacrificio que, todos los d\u00edas, m\u00e9dicos y enfermeras ponen en sus centros laborales para cuidar de la salud de los yucatecos ante la actual pandemia por el Coronavirus.<\/p>\n\n\n\n<p>Para conocer las zonas y calles por donde circulan las unidades de la \u201cRuta de la Salud\u201d, se recomienda visitar el sitio http:\/\/www.yucatan.gob.mx\/rutadelasalud\/ en donde se podr\u00e1n consultar los diferentes recorridos.<\/p>\n<div class='share-to-whatsapp-wrapper'><div class='share-on-whsp'>Share on: <\/div><a data-text='En operaciones \u201cRuta de la Salud\u201d, para facilitar la movilidad de personal hospitalario' data-link='https:\/\/visionpeninsular.com\/mid\/en-operaciones-ruta-de-la-salud-para-facilitar-la-movilidad-de-personal-hospitalario\/' class='whatsapp-button whatsapp-share'>WhatsApp<\/a><div class='clear '><\/div><\/div>","protected":false},"excerpt":{"rendered":"<p>La \u201cRuta por la Salud\u201d comenz\u00f3 operaciones para facilitar la movilidad de personal m\u00e9dico hospitalario durante la contingencia por Coronavirus &#8211; Se implement\u00f3 un sistema de transporte con rutas especiales y unidades destinadas solo para transportar a trabajadores de la salud que laboran en hospitales p\u00fablicos y privados &#8211; Por instrucciones del Gobernador Mauricio Vila &hellip;<\/p>\n","protected":false},"author":5,"featured_media":125256,"comment_status":"open","ping_status":"open","sticky":false,"template":"","format":"standard","meta":{"_mi_skip_tracking":false},"categories":[49,37],"tags":[21052,21053],"_links":{"self":[{"href":"https:\/\/visionpeninsular.com\/mid\/wp-json\/wp\/v2\/posts\/125254"}],"collection":[{"href":"https:\/\/visionpeninsular.com\/mid\/wp-json\/wp\/v2\/posts"}],"about":[{"href":"https:\/\/visionpeninsular.com\/mid\/wp-json\/wp\/v2\/types\/post"}],"author":[{"embeddable":true,"href":"https:\/\/visionpeninsular.com\/mid\/wp-json\/wp\/v2\/users\/5"}],"replies":[{"embeddable":true,"href":"https:\/\/visionpeninsular.com\/mid\/wp-json\/wp\/v2\/comments?post=125254"}],"version-history":[{"count":1,"href":"https:\/\/visionpeninsular.com\/mid\/wp-json\/wp\/v2\/posts\/125254\/revisions"}],"predecessor-version":[{"id":125264,"href":"https:\/\/visionpeninsular.com\/mid\/wp-json\/wp\/v2\/posts\/125254\/revisions\/125264"}],"wp:featuredmedia":[{"embeddable":true,"href":"https:\/\/visionpeninsular.com\/mid\/wp-json\/wp\/v2\/media\/125256"}],"wp:attachment":[{"href":"https:\/\/visionpeninsular.com\/mid\/wp-json\/wp\/v2\/media?parent=125254"}],"wp:term":[{"taxonomy":"category","embeddable":true,"href":"https:\/\/visionpeninsular.com\/mid\/wp-json\/wp\/v2\/categories?post=125254"},{"taxonomy":"post_tag","embeddable":true,"href":"https:\/\/visionpeninsular.com\/mid\/wp-json\/wp\/v2\/tags?post=125254"}],"curies":[{"name":"wp","href":"https:\/\/api.w.org\/{rel}","templated":true}]}}