{"id":125104,"date":"2020-05-09T11:26:23","date_gmt":"2020-05-09T16:26:23","guid":{"rendered":"http:\/\/visionpeninsular.com\/mid\/?p=125104"},"modified":"2020-05-09T11:26:33","modified_gmt":"2020-05-09T16:26:33","slug":"si-apoyas-a-amlo-no-compres-en-soriana-uno-de-sus-duenos-encabeza-frente-opositor","status":"publish","type":"post","link":"https:\/\/visionpeninsular.com\/mid\/si-apoyas-a-amlo-no-compres-en-soriana-uno-de-sus-duenos-encabeza-frente-opositor\/","title":{"rendered":"\u00a1Si apoyas a AMLO no compres en Soriana! uno de sus due\u00f1os encabeza Frente Opositor"},"content":{"rendered":"\n<p><em><strong>Pedro Lu\u00eds Mart\u00edn Bringas, uno de los due\u00f1os de la cadena de tiendas Soriana ha publicado un video donde afirma que \u00e9l ser\u00e1 uno de los l\u00edderes del Frente Nacional Anti AMLO, hecho que no ha tardado en generar pol\u00e9mica.<\/strong><\/em><\/p>\n\n\n\n<p>En el clip se ve que el empresario se lamenta por las gestiones del actual Presidente, pero usuarios de la red recuerdan que en el a\u00f1o 2012, esta cadena de supermercados fue de las que entreg\u00f3 monederos electr\u00f3nicos a la gente, todo con el fin de inclinar la balanza a favor de Enrique Pe\u00f1a nieto, el cual se presume hizo fraude electoral para llegar a Los Pinos.<\/p>\n\n\n\n<figure class=\"wp-block-embed-twitter wp-block-embed is-type-rich is-provider-twitter\"><div class=\"wp-block-embed__wrapper\">\n<blockquote class=\"twitter-tweet\" data-width=\"550\" data-dnt=\"true\"><p lang=\"es\" dir=\"ltr\">Un honor contar con el liderazgo  en el Frente Nacional <a href=\"https:\/\/twitter.com\/hashtag\/FRENAAA?src=hash&amp;ref_src=twsrc%5Etfw\">#FRENAAA<\/a> del reconocido empresario Pedro Luis Mart\u00edn Bringas<a href=\"https:\/\/twitter.com\/hashtag\/SomosMexico?src=hash&amp;ref_src=twsrc%5Etfw\">#SomosMexico<\/a><a href=\"https:\/\/twitter.com\/hashtag\/AMLOSeVa55?src=hash&amp;ref_src=twsrc%5Etfw\">#AMLOSeVa55<\/a> <a href=\"https:\/\/t.co\/hYH7T8I7aP\">pic.twitter.com\/hYH7T8I7aP<\/a><\/p>&mdash; FRENAAA Oficial (@OficialFrenaaa) <a href=\"https:\/\/twitter.com\/OficialFrenaaa\/status\/1258549081737031681?ref_src=twsrc%5Etfw\">May 8, 2020<\/a><\/blockquote><script async src=\"https:\/\/platform.twitter.com\/widgets.js\" charset=\"utf-8\"><\/script>\n<\/div><\/figure>\n\n\n\n<p>Por su parte la cadena de tiendas ya emiti\u00f3 un comunicado donde afirma que el video fue hecho a t\u00edtulo personal por el empresario y accionista minoritario y no representa el pensar de la compa\u00f1\u00eda.<\/p>\n\n\n\n<p>Sin embargo mexicanos con cuenta en Twitter no han dudado en pedir un nuevo boicot en contra de las sucursales, y recomiendan no comprar ning\u00fan tipo de producto en la ya de pos s\u00ed infame cadena.(NOTICIA. MX)<\/p>\n<div class='share-to-whatsapp-wrapper'><div class='share-on-whsp'>Share on: <\/div><a data-text='\u00a1Si apoyas a AMLO no compres en Soriana! uno de sus due\u00f1os encabeza Frente Opositor' data-link='https:\/\/visionpeninsular.com\/mid\/si-apoyas-a-amlo-no-compres-en-soriana-uno-de-sus-duenos-encabeza-frente-opositor\/' class='whatsapp-button whatsapp-share'>WhatsApp<\/a><div class='clear '><\/div><\/div>","protected":false},"excerpt":{"rendered":"<p>Pedro Lu\u00eds Mart\u00edn Bringas, uno de los due\u00f1os de la cadena de tiendas Soriana ha publicado un video donde afirma que \u00e9l ser\u00e1 uno de los l\u00edderes del Frente Nacional Anti AMLO, hecho que no ha tardado en generar pol\u00e9mica. En el clip se ve que el empresario se lamenta por las gestiones del actual &hellip;<\/p>\n","protected":false},"author":10,"featured_media":125106,"comment_status":"open","ping_status":"open","sticky":false,"template":"","format":"standard","meta":{"_mi_skip_tracking":false},"categories":[19567],"tags":[2462],"_links":{"self":[{"href":"https:\/\/visionpeninsular.com\/mid\/wp-json\/wp\/v2\/posts\/125104"}],"collection":[{"href":"https:\/\/visionpeninsular.com\/mid\/wp-json\/wp\/v2\/posts"}],"about":[{"href":"https:\/\/visionpeninsular.com\/mid\/wp-json\/wp\/v2\/types\/post"}],"author":[{"embeddable":true,"href":"https:\/\/visionpeninsular.com\/mid\/wp-json\/wp\/v2\/users\/10"}],"replies":[{"embeddable":true,"href":"https:\/\/visionpeninsular.com\/mid\/wp-json\/wp\/v2\/comments?post=125104"}],"version-history":[{"count":1,"href":"https:\/\/visionpeninsular.com\/mid\/wp-json\/wp\/v2\/posts\/125104\/revisions"}],"predecessor-version":[{"id":125109,"href":"https:\/\/visionpeninsular.com\/mid\/wp-json\/wp\/v2\/posts\/125104\/revisions\/125109"}],"wp:featuredmedia":[{"embeddable":true,"href":"https:\/\/visionpeninsular.com\/mid\/wp-json\/wp\/v2\/media\/125106"}],"wp:attachment":[{"href":"https:\/\/visionpeninsular.com\/mid\/wp-json\/wp\/v2\/media?parent=125104"}],"wp:term":[{"taxonomy":"category","embeddable":true,"href":"https:\/\/visionpeninsular.com\/mid\/wp-json\/wp\/v2\/categories?post=125104"},{"taxonomy":"post_tag","embeddable":true,"href":"https:\/\/visionpeninsular.com\/mid\/wp-json\/wp\/v2\/tags?post=125104"}],"curies":[{"name":"wp","href":"https:\/\/api.w.org\/{rel}","templated":true}]}}