{"id":124989,"date":"2020-05-07T15:49:08","date_gmt":"2020-05-07T20:49:08","guid":{"rendered":"http:\/\/visionpeninsular.com\/mid\/?p=124989"},"modified":"2020-05-07T15:49:20","modified_gmt":"2020-05-07T20:49:20","slug":"loret-de-mola-aseguro-que-por-presion-de-lopez-obrador-twitter-suspendio-una-de-sus-cuentas","status":"publish","type":"post","link":"https:\/\/visionpeninsular.com\/mid\/loret-de-mola-aseguro-que-por-presion-de-lopez-obrador-twitter-suspendio-una-de-sus-cuentas\/","title":{"rendered":"Loret de Mola asegur\u00f3 que por presi\u00f3n de L\u00f3pez Obrador, Twitter suspendi\u00f3 una de sus cuentas"},"content":{"rendered":"\n<p>El periodista <strong>Carlos Loret de Mola<\/strong> denunci\u00f3 que la cuenta de uno de los medios donde trabaja fue suspendida moment\u00e1neamente de Twitter por un acto de censura de parte del presidente <strong>L\u00f3pez Obrador<\/strong>.&nbsp;<\/p>\n\n\n\n<p>La cuenta ya fue reactivada, pero Loret mostr\u00f3 una captura de pantalla del momento que no se pod\u00eda acceder.<\/p>\n\n\n\n<p>\u201c<strong>Es la censura del presidente L\u00f3pez Obrador y sus bots. A consecuencia de sus ataques a Twitter, restringieron la cuenta de Latinus, sencillamente hacemos periodismo: hemos documentado falta de insumos, brotes de Covid escondidos por el IMSS y mentiras en cifras oficiales<\/strong>\u201d, escribi\u00f3 el comunicador en su cuenta de la red social.<\/p>\n\n\n\n<div class=\"wp-block-image\"><figure class=\"aligncenter size-large is-resized\"><img loading=\"lazy\" src=\"http:\/\/visionpeninsular.com\/mid\/wp-content\/uploads\/2020\/05\/LORET-DE-MOLA.jpg\" alt=\"\" class=\"wp-image-124991\" width=\"305\" height=\"201\" srcset=\"https:\/\/visionpeninsular.com\/mid\/wp-content\/uploads\/2020\/05\/LORET-DE-MOLA.jpg 1024w, https:\/\/visionpeninsular.com\/mid\/wp-content\/uploads\/2020\/05\/LORET-DE-MOLA-300x198.jpg 300w, https:\/\/visionpeninsular.com\/mid\/wp-content\/uploads\/2020\/05\/LORET-DE-MOLA-768x506.jpg 768w, https:\/\/visionpeninsular.com\/mid\/wp-content\/uploads\/2020\/05\/LORET-DE-MOLA-310x205.jpg 310w\" sizes=\"(max-width: 305px) 100vw, 305px\" \/><\/figure><\/div>\n\n\n\n<p>\u201c<strong>Esto es parte del permanente acoso del presidente L\u00f3pez Obrador a la libertad de expresi\u00f3n<\/strong>. Lleva d\u00edas quej\u00e1ndose contra las que antes eran sus benditas redes sociales, y ahora lanz\u00f3 sus bots de twitter contra LatinUS, para denuncia que se divulgaba contenido malicioso,<strong> hasta que logr\u00f3 que restringieran la cuenta.<\/strong> \u00bfQu\u00e9 se divulgaba? Que los doctores siguen manifest\u00e1ndose por falta de insumos, que el IMSS esconce brotes de Covid en sus hospitales, que las cifras de Lopez-Gatell no cuadran y esconden la realidad\u201d, dijo el periodista al peri\u00f3dico<em> El Universal<\/em>.<\/p>\n\n\n\n<p>Tras la recuperaci\u00f3n de su cuenta de Twitter, Latinus despleg\u00f3 un pronunciamiento en el que indic\u00f3 que la plataforma los restringi\u00f3 por \u201c<strong>m\u00faltiples reportes de actividad inusual. Parece que la \u2018actividad inusual\u2019 es difundir noticias que no le gustan al gobierno<\/strong>&#8220;, indicaron.<\/p>\n\n\n\n<p>Latinus enfatiz\u00f3 que su cuenta fue suspendida: \u201c<strong>Un d\u00eda despu\u00e9s de que el gobierno mexicano exigi\u00f3 a Twitter tomar medidas contra la difusi\u00f3n de lo que el presidente Andr\u00e9s Manuel L\u00f3pez Obrador considera ataques<\/strong>\u201d.<\/p>\n\n\n\n<p>El lunes <strong>Andr\u00e9s Manuel L\u00f3pez Obrador<\/strong> exhort\u00f3 a las compa\u00f1\u00edas <strong>Facebook <\/strong>y <strong>Twitter <\/strong>a que transparenten las transacciones econ\u00f3micas relacionadas con los llamados <strong>bots<\/strong>.<\/p>\n\n\n\n<div class=\"wp-block-image\"><figure class=\"aligncenter size-large is-resized\"><img loading=\"lazy\" src=\"http:\/\/visionpeninsular.com\/mid\/wp-content\/uploads\/2020\/05\/amlo-cara-2.jpg\" alt=\"\" class=\"wp-image-124992\" width=\"286\" height=\"286\" srcset=\"https:\/\/visionpeninsular.com\/mid\/wp-content\/uploads\/2020\/05\/amlo-cara-2.jpg 474w, https:\/\/visionpeninsular.com\/mid\/wp-content\/uploads\/2020\/05\/amlo-cara-2-300x300.jpg 300w, https:\/\/visionpeninsular.com\/mid\/wp-content\/uploads\/2020\/05\/amlo-cara-2-150x150.jpg 150w\" sizes=\"(max-width: 286px) 100vw, 286px\" \/><\/figure><\/div>\n\n\n\n<p>\u201c<strong>Pedirle a Twitter y \u2018Face\u2019 que nos expliquen c\u00f3mo es que venden publicidad para bots, y adem\u00e1s cu\u00e1nto ingresa a las empresas de M\u00e9xico por compra de publicidad\u201d<\/strong>, declar\u00f3 durante la conferencia de prensa celebrada en Palacio Nacional.<\/p>\n\n\n\n<p>Ante esto, la red social public\u00f3 en el transcurso de la tarde que \u201ccomo cada trimestre <strong>Twitter report\u00f3 sus ingresos<\/strong>, producto de los servicios que ofrece la plataforma, con foco en la venta de publicidad. <a rel=\"noreferrer noopener\" href=\"https:\/\/console.on24.com\/eventRegistration\/EventLobbyServlet?target=reg20.jsp&amp;referrer=https%3A%2F%2Ft.co%2F1IkdNefPRA%3Famp%3D1&amp;eventid=2159383&amp;sessionid=1&amp;key=BE92202FE8A06C45F08CEA188D4F8945\u00aeTag=&amp;sourcepage=register\" target=\"_blank\"><em><strong>El reporte desglosa las cifras relevantes para entender c\u00f3mo se generan los ingresos del servicio<\/strong><\/em><\/a>\u201d, junto con un v\u00ednculo que lleva al desglose de los recursos; sin embargo, reiter\u00f3 que \u201c<strong>Twitter no recibe ingresos por automatizaci\u00f3n maliciosa. La automatizaci\u00f3n, o los llamados \u2018bots\u2019, que se utilizan con fines de mala fe est\u00e1n prohibidos en Twitter<\/strong>\u201d.(INFOBAE)<\/p>\n<div class='share-to-whatsapp-wrapper'><div class='share-on-whsp'>Share on: <\/div><a data-text='Loret de Mola asegur\u00f3 que por presi\u00f3n de L\u00f3pez Obrador, Twitter suspendi\u00f3 una de sus cuentas' data-link='https:\/\/visionpeninsular.com\/mid\/loret-de-mola-aseguro-que-por-presion-de-lopez-obrador-twitter-suspendio-una-de-sus-cuentas\/' class='whatsapp-button whatsapp-share'>WhatsApp<\/a><div class='clear '><\/div><\/div>","protected":false},"excerpt":{"rendered":"<p>El periodista Carlos Loret de Mola denunci\u00f3 que la cuenta de uno de los medios donde trabaja fue suspendida moment\u00e1neamente de Twitter por un acto de censura de parte del presidente L\u00f3pez Obrador.&nbsp; La cuenta ya fue reactivada, pero Loret mostr\u00f3 una captura de pantalla del momento que no se pod\u00eda acceder. \u201cEs la censura &hellip;<\/p>\n","protected":false},"author":10,"featured_media":124990,"comment_status":"open","ping_status":"open","sticky":false,"template":"","format":"standard","meta":{"_mi_skip_tracking":false},"categories":[20706],"tags":[1093],"_links":{"self":[{"href":"https:\/\/visionpeninsular.com\/mid\/wp-json\/wp\/v2\/posts\/124989"}],"collection":[{"href":"https:\/\/visionpeninsular.com\/mid\/wp-json\/wp\/v2\/posts"}],"about":[{"href":"https:\/\/visionpeninsular.com\/mid\/wp-json\/wp\/v2\/types\/post"}],"author":[{"embeddable":true,"href":"https:\/\/visionpeninsular.com\/mid\/wp-json\/wp\/v2\/users\/10"}],"replies":[{"embeddable":true,"href":"https:\/\/visionpeninsular.com\/mid\/wp-json\/wp\/v2\/comments?post=124989"}],"version-history":[{"count":1,"href":"https:\/\/visionpeninsular.com\/mid\/wp-json\/wp\/v2\/posts\/124989\/revisions"}],"predecessor-version":[{"id":124993,"href":"https:\/\/visionpeninsular.com\/mid\/wp-json\/wp\/v2\/posts\/124989\/revisions\/124993"}],"wp:featuredmedia":[{"embeddable":true,"href":"https:\/\/visionpeninsular.com\/mid\/wp-json\/wp\/v2\/media\/124990"}],"wp:attachment":[{"href":"https:\/\/visionpeninsular.com\/mid\/wp-json\/wp\/v2\/media?parent=124989"}],"wp:term":[{"taxonomy":"category","embeddable":true,"href":"https:\/\/visionpeninsular.com\/mid\/wp-json\/wp\/v2\/categories?post=124989"},{"taxonomy":"post_tag","embeddable":true,"href":"https:\/\/visionpeninsular.com\/mid\/wp-json\/wp\/v2\/tags?post=124989"}],"curies":[{"name":"wp","href":"https:\/\/api.w.org\/{rel}","templated":true}]}}