{"id":12489,"date":"2016-09-15T07:22:37","date_gmt":"2016-09-15T12:22:37","guid":{"rendered":"http:\/\/visionpeninsular.com\/mid\/?p=12489"},"modified":"2016-09-15T07:42:27","modified_gmt":"2016-09-15T12:42:27","slug":"confunden-a-connacional-chofer-uber-destrozan-multan-vehiculo","status":"publish","type":"post","link":"https:\/\/visionpeninsular.com\/mid\/confunden-a-connacional-chofer-uber-destrozan-multan-vehiculo\/","title":{"rendered":"Confunden a connacional con ch\u00f3fer de Uber &#8211; Destrozan y multan vehiculo"},"content":{"rendered":"<p>Tras iniciar operaciones Uber en Canc\u00fan este mi\u00e9rcoles, el mexico-americano Jos\u00e9 Hern\u00e1ndez fue la primer v\u00edctima de la ir\u00e1 de los taxistas del destino. <\/p>\n<p>Jos\u00e9 Hern\u00e1ndez naci\u00f3 en Chihuahua pero se cr\u00edo en EUA y desde hace cerca de un a\u00f1o vive en Puerto Morelos, y tras acordar una salida a comer con unos amigos chinos hospedados en el Mayan Palace fue perseguido por ser confundido como ch\u00f3fer de Uber.<\/p>\n<p>Relato que tras pasar por la pareja a citado hotel al momento de querer salir tres taxistas les bloquearon el paso y les dijeron que era ilegal que brindar\u00e1 el servicio de Uber y pese a sus reclamos de que se tratan de unos amigos suyos, subiendo cada vez m\u00e1s de tono los reclamos hasta llegar a las amenazas y a que le pinchar\u00e1n las llantas de su veh\u00edculo con una navaja. <\/p>\n<p>Al salir a reclamar la agresi\u00f3n le robaron su celular y su cartera, logrando huir del Hotel, nuevamente son rodeados en Playa del Carmen donde no solo le cerraron el paso, sino que al lograr huir fueron perseguidos y rodeados hasta que la gr\u00fca los remolc\u00f3 est\u00e1ndo ellos dentro del veh\u00edculo. <\/p>\n<p>Tras esto en el corral\u00f3n los enviaron a pagar la multa al SINTRA pero en la dependencia las oficinas estaban cerradas una hora antes, acuso Jos\u00e9 Hern\u00e1ndez. <\/p>\n<p>Ahora tendr\u00e1 que pagar una multa cercana a los 60 mil pesos para poder recuperar su veh\u00edculo. <\/p>\n<div class='share-to-whatsapp-wrapper'><div class='share-on-whsp'>Share on: <\/div><a data-text='Confunden a connacional con ch\u00f3fer de Uber - Destrozan y multan vehiculo' data-link='https:\/\/visionpeninsular.com\/mid\/confunden-a-connacional-chofer-uber-destrozan-multan-vehiculo\/' class='whatsapp-button whatsapp-share'>WhatsApp<\/a><div class='clear '><\/div><\/div>","protected":false},"excerpt":{"rendered":"<p>Tras iniciar operaciones Uber en Canc\u00fan este mi\u00e9rcoles, el mexico-americano Jos\u00e9 Hern\u00e1ndez fue la primer v\u00edctima de la ir\u00e1 de los taxistas del destino. Jos\u00e9 Hern\u00e1ndez naci\u00f3 en Chihuahua pero se cr\u00edo en EUA y desde hace cerca de un a\u00f1o vive en Puerto Morelos, y tras acordar una salida a comer con unos amigos &hellip;<\/p>\n","protected":false},"author":1,"featured_media":12495,"comment_status":"open","ping_status":"open","sticky":false,"template":"","format":"standard","meta":{"_mi_skip_tracking":false},"categories":[48],"tags":[207],"_links":{"self":[{"href":"https:\/\/visionpeninsular.com\/mid\/wp-json\/wp\/v2\/posts\/12489"}],"collection":[{"href":"https:\/\/visionpeninsular.com\/mid\/wp-json\/wp\/v2\/posts"}],"about":[{"href":"https:\/\/visionpeninsular.com\/mid\/wp-json\/wp\/v2\/types\/post"}],"author":[{"embeddable":true,"href":"https:\/\/visionpeninsular.com\/mid\/wp-json\/wp\/v2\/users\/1"}],"replies":[{"embeddable":true,"href":"https:\/\/visionpeninsular.com\/mid\/wp-json\/wp\/v2\/comments?post=12489"}],"version-history":[{"count":1,"href":"https:\/\/visionpeninsular.com\/mid\/wp-json\/wp\/v2\/posts\/12489\/revisions"}],"predecessor-version":[{"id":12491,"href":"https:\/\/visionpeninsular.com\/mid\/wp-json\/wp\/v2\/posts\/12489\/revisions\/12491"}],"wp:featuredmedia":[{"embeddable":true,"href":"https:\/\/visionpeninsular.com\/mid\/wp-json\/wp\/v2\/media\/12495"}],"wp:attachment":[{"href":"https:\/\/visionpeninsular.com\/mid\/wp-json\/wp\/v2\/media?parent=12489"}],"wp:term":[{"taxonomy":"category","embeddable":true,"href":"https:\/\/visionpeninsular.com\/mid\/wp-json\/wp\/v2\/categories?post=12489"},{"taxonomy":"post_tag","embeddable":true,"href":"https:\/\/visionpeninsular.com\/mid\/wp-json\/wp\/v2\/tags?post=12489"}],"curies":[{"name":"wp","href":"https:\/\/api.w.org\/{rel}","templated":true}]}}