{"id":124822,"date":"2020-05-05T10:15:49","date_gmt":"2020-05-05T15:15:49","guid":{"rendered":"http:\/\/visionpeninsular.com\/mid\/?p=124822"},"modified":"2020-05-05T10:15:56","modified_gmt":"2020-05-05T15:15:56","slug":"ampliacion-de-tiempo-para-diseno-de-monumentos-en-glorietas-de-merida","status":"publish","type":"post","link":"https:\/\/visionpeninsular.com\/mid\/ampliacion-de-tiempo-para-diseno-de-monumentos-en-glorietas-de-merida\/","title":{"rendered":"Ampliaci\u00f3n de tiempo para dise\u00f1o de monumentos en glorietas de M\u00e9rida"},"content":{"rendered":"\n<p>El Ayuntamiento de M\u00e9rida ampliar\u00e1 el plazo de recepci\u00f3n de proyectos del Primer Concurso Internacional de Arte P\u00fablico en Glorietas y Espacios P\u00fablicos hasta el pr\u00f3ximo 4 de agosto, debido a&nbsp; la&nbsp; contingencia sanitaria que prevalece en el municipio a causa del COVID-19.<\/p>\n\n\n\n<p>Originalmente, la convocatoria cerraba este 4 de mayo, sin embargo, las direcciones de Cultura, Obras P\u00fablicas y Desarrollo Urbano involucradas en la convocatoria, decidieron ampliar la fecha permitiendo con ello que m\u00e1s creadores conozcan esta iniciativa y participen con propuestas que contribuir\u00e1n a embellecer con arte el espacio p\u00fablico en la ciudad de M\u00e9rida, Yucat\u00e1n.<\/p>\n\n\n\n<p>Desde el lanzamiento de la convocatoria, en septiembre del a\u00f1o pasado, esta ha generado gran inter\u00e9s entre escultores y creadores art\u00edsticos del mundo. Hasta el momento se han recibido alrededor de 75 propuestas, entre estas de artistas del extranjero (Italia, Espa\u00f1a, Luxemburgo, Cuba, Ecuador) y de varios estados de M\u00e9xico, incluyendo creadores locales.<\/p>\n\n\n\n<p>La publicaci\u00f3n del resultado del proceso de selecci\u00f3n de las piezas ganadoras se correr\u00e1 del 4 de junio, como estaba prevista originalmente, al 18 de septiembre de 2020.<\/p>\n\n\n\n<p>La convocatoria busca mejorar la calidad est\u00e9tica y visual del paisaje urbano para el disfrute de los ciudadanos y embellecimiento de la ciudad a trav\u00e9s de intervenciones y acciones art\u00edsticas en el espacio p\u00fablico. Est\u00e1 abierta a todo artista (escultores, arquitectos, urbanistas, entre otros) nacional o extranjero y podr\u00e1 participar con una pieza, sea en acero inoxidable, piedra, bronce, concreto, cer\u00e1mica, tabique o aluminio.<\/p>\n\n\n\n<p>Se seleccionar\u00e1n cuatro obras ganadoras que se ubicar\u00e1n en las glorietas de las colonias Mar\u00eda Luisa y Brisas, Avenida Canek y V\u00eda Montejo (a la salida a Progreso).<\/p>\n\n\n\n<p>Los interesados deber\u00e1n llenar el formato de registro al I Concurso Arte P\u00fablico en Glorietas y Espacios P\u00fablicos, el cual encontrar\u00e1n en la p\u00e1gina del Ayuntamiento: www.merida.gob.mx\/convocatoriascultura.<\/p>\n\n\n\n<p>Respecto al requisito de entregar las maquetas en tiempo y forma, por el momento se pospondr\u00e1 hasta que finalice la contingencia sanitaria y se les avisar\u00e1 a los inscritos la fecha en la que podr\u00e1n realizar el env\u00edo del material antes del cierre de la convocatoria en agosto.<\/p>\n\n\n\n<p>Las dudas sobre las bases y otros detalles del concurso se pueden enviar al correo <a href=\"mailto:cultura@merida.gob.mx\">cultura@merida.gob.mx<\/a>.<\/p>\n<div class='share-to-whatsapp-wrapper'><div class='share-on-whsp'>Share on: <\/div><a data-text='Ampliaci\u00f3n de tiempo para dise\u00f1o de monumentos en glorietas de M\u00e9rida' data-link='https:\/\/visionpeninsular.com\/mid\/ampliacion-de-tiempo-para-diseno-de-monumentos-en-glorietas-de-merida\/' class='whatsapp-button whatsapp-share'>WhatsApp<\/a><div class='clear '><\/div><\/div>","protected":false},"excerpt":{"rendered":"<p>El Ayuntamiento de M\u00e9rida ampliar\u00e1 el plazo de recepci\u00f3n de proyectos del Primer Concurso Internacional de Arte P\u00fablico en Glorietas y Espacios P\u00fablicos hasta el pr\u00f3ximo 4 de agosto, debido a&nbsp; la&nbsp; contingencia sanitaria que prevalece en el municipio a causa del COVID-19. Originalmente, la convocatoria cerraba este 4 de mayo, sin embargo, las direcciones &hellip;<\/p>\n","protected":false},"author":5,"featured_media":124823,"comment_status":"open","ping_status":"open","sticky":false,"template":"","format":"standard","meta":{"_mi_skip_tracking":false},"categories":[50,37],"tags":[13607,20937],"_links":{"self":[{"href":"https:\/\/visionpeninsular.com\/mid\/wp-json\/wp\/v2\/posts\/124822"}],"collection":[{"href":"https:\/\/visionpeninsular.com\/mid\/wp-json\/wp\/v2\/posts"}],"about":[{"href":"https:\/\/visionpeninsular.com\/mid\/wp-json\/wp\/v2\/types\/post"}],"author":[{"embeddable":true,"href":"https:\/\/visionpeninsular.com\/mid\/wp-json\/wp\/v2\/users\/5"}],"replies":[{"embeddable":true,"href":"https:\/\/visionpeninsular.com\/mid\/wp-json\/wp\/v2\/comments?post=124822"}],"version-history":[{"count":1,"href":"https:\/\/visionpeninsular.com\/mid\/wp-json\/wp\/v2\/posts\/124822\/revisions"}],"predecessor-version":[{"id":124824,"href":"https:\/\/visionpeninsular.com\/mid\/wp-json\/wp\/v2\/posts\/124822\/revisions\/124824"}],"wp:featuredmedia":[{"embeddable":true,"href":"https:\/\/visionpeninsular.com\/mid\/wp-json\/wp\/v2\/media\/124823"}],"wp:attachment":[{"href":"https:\/\/visionpeninsular.com\/mid\/wp-json\/wp\/v2\/media?parent=124822"}],"wp:term":[{"taxonomy":"category","embeddable":true,"href":"https:\/\/visionpeninsular.com\/mid\/wp-json\/wp\/v2\/categories?post=124822"},{"taxonomy":"post_tag","embeddable":true,"href":"https:\/\/visionpeninsular.com\/mid\/wp-json\/wp\/v2\/tags?post=124822"}],"curies":[{"name":"wp","href":"https:\/\/api.w.org\/{rel}","templated":true}]}}