{"id":124506,"date":"2020-04-30T20:00:18","date_gmt":"2020-05-01T01:00:18","guid":{"rendered":"http:\/\/visionpeninsular.com\/mid\/?p=124506"},"modified":"2020-04-30T20:00:25","modified_gmt":"2020-05-01T01:00:25","slug":"detenido-sujeto-que-quemo-un-arbol-en-la-plaza-grande","status":"publish","type":"post","link":"https:\/\/visionpeninsular.com\/mid\/detenido-sujeto-que-quemo-un-arbol-en-la-plaza-grande\/","title":{"rendered":"Detenido sujeto que quem\u00f3 un \u00e1rbol en la Plaza Grande"},"content":{"rendered":"\n<p><em>Detienen a sujeto que quem\u00f3 un \u00e1rbol en la Plaza Grande de M\u00e9rida poniendo en peligro a peatones y al patrimonio de la ciudad<\/em><\/p>\n\n\n\n<p>&nbsp;<em>-El detenido cuenta con antecedentes penales por delitos como robo calificado cometido en pandilla, portaci\u00f3n de armas e instrumentos prohibidos, ataques peligrosos cometidos en estado de ebriedad y allanamiento de morada.<\/em><\/p>\n\n\n\n<p>La Fiscal\u00eda General del Estado (FGE) inform\u00f3 que se logr\u00f3 la detenci\u00f3n de Santiago A.F.L. quien, junto a un grupo de personas, realiz\u00f3 actos vand\u00e1licos al quemar un \u00e1rbol en la Plaza Grande de M\u00e9rida, as\u00ed como incitar a la violencia y a que la gente proceda al saqueo de supermercados, hechos que se registraron el pasado 20 de abril.<\/p>\n\n\n\n<p>Cabe mencionar que el ahora detenido cuenta con antecedentes penales por delitos como robo calificado cometido en pandilla, portaci\u00f3n de armas e instrumentos prohibidos, ataques peligrosos cometidos en estado de ebriedad y allanamiento de morada, cometidos en a\u00f1os anteriores.<\/p>\n\n\n\n<p>Hay que recordar que, el pasado 20 de abril Santiago A.F.L., acompa\u00f1ado de un grupo de personas, realiz\u00f3 actos vand\u00e1licos en el Centro Hist\u00f3rico de esta capital, mediante la quema un \u00e1rbol de la Plaza Grande, incit\u00f3 a la gente a proceder al saqueo de supermercados y alter\u00f3 el orden p\u00fablico, bajo el pretexto de exigir apoyos ante la contingencia por el Coronavirus.<\/p>\n\n\n\n<p>Tras darse cumplimiento a la orden de aprehensi\u00f3n solicitada por la FGE y con los datos que obran en la carpeta de investigaci\u00f3n, el ahora detenido ser\u00e1 presentado este d\u00eda ante el Juez de Control correspondiente para deslindar responsabilidades.<\/p>\n\n\n\n<p>El Gobierno del Estado reitera su compromiso de velar por la seguridad de los yucatecos y no permitir que se altere la paz social, por lo que asegur\u00f3 que se aplicar\u00e1 la Ley a quienes tratan de aprovechar la situaci\u00f3n de emergencia sanitaria e intenten violentar el orden y el Estado de Derecho.<\/p>\n<div class='share-to-whatsapp-wrapper'><div class='share-on-whsp'>Share on: <\/div><a data-text='Detenido sujeto que quem\u00f3 un \u00e1rbol en la Plaza Grande' data-link='https:\/\/visionpeninsular.com\/mid\/detenido-sujeto-que-quemo-un-arbol-en-la-plaza-grande\/' class='whatsapp-button whatsapp-share'>WhatsApp<\/a><div class='clear '><\/div><\/div>","protected":false},"excerpt":{"rendered":"<p>Detienen a sujeto que quem\u00f3 un \u00e1rbol en la Plaza Grande de M\u00e9rida poniendo en peligro a peatones y al patrimonio de la ciudad &nbsp;-El detenido cuenta con antecedentes penales por delitos como robo calificado cometido en pandilla, portaci\u00f3n de armas e instrumentos prohibidos, ataques peligrosos cometidos en estado de ebriedad y allanamiento de morada. &hellip;<\/p>\n","protected":false},"author":5,"featured_media":124507,"comment_status":"open","ping_status":"open","sticky":false,"template":"","format":"standard","meta":{"_mi_skip_tracking":false},"categories":[49,37],"tags":[1644],"_links":{"self":[{"href":"https:\/\/visionpeninsular.com\/mid\/wp-json\/wp\/v2\/posts\/124506"}],"collection":[{"href":"https:\/\/visionpeninsular.com\/mid\/wp-json\/wp\/v2\/posts"}],"about":[{"href":"https:\/\/visionpeninsular.com\/mid\/wp-json\/wp\/v2\/types\/post"}],"author":[{"embeddable":true,"href":"https:\/\/visionpeninsular.com\/mid\/wp-json\/wp\/v2\/users\/5"}],"replies":[{"embeddable":true,"href":"https:\/\/visionpeninsular.com\/mid\/wp-json\/wp\/v2\/comments?post=124506"}],"version-history":[{"count":1,"href":"https:\/\/visionpeninsular.com\/mid\/wp-json\/wp\/v2\/posts\/124506\/revisions"}],"predecessor-version":[{"id":124508,"href":"https:\/\/visionpeninsular.com\/mid\/wp-json\/wp\/v2\/posts\/124506\/revisions\/124508"}],"wp:featuredmedia":[{"embeddable":true,"href":"https:\/\/visionpeninsular.com\/mid\/wp-json\/wp\/v2\/media\/124507"}],"wp:attachment":[{"href":"https:\/\/visionpeninsular.com\/mid\/wp-json\/wp\/v2\/media?parent=124506"}],"wp:term":[{"taxonomy":"category","embeddable":true,"href":"https:\/\/visionpeninsular.com\/mid\/wp-json\/wp\/v2\/categories?post=124506"},{"taxonomy":"post_tag","embeddable":true,"href":"https:\/\/visionpeninsular.com\/mid\/wp-json\/wp\/v2\/tags?post=124506"}],"curies":[{"name":"wp","href":"https:\/\/api.w.org\/{rel}","templated":true}]}}