{"id":124406,"date":"2020-04-29T17:21:04","date_gmt":"2020-04-29T22:21:04","guid":{"rendered":"http:\/\/visionpeninsular.com\/mid\/?p=124406"},"modified":"2020-04-29T17:21:20","modified_gmt":"2020-04-29T22:21:20","slug":"lopez-orador-y-los-columnistas","status":"publish","type":"post","link":"https:\/\/visionpeninsular.com\/mid\/lopez-orador-y-los-columnistas\/","title":{"rendered":"L\u00f3pez Orador y los columnistas"},"content":{"rendered":"\n<p>Sergio Aguayo, colaborador de Diario de Yucat\u00e1n<\/p>\n\n\n\n<p>Sergio Aguayo (*)<\/p>\n\n\n\n<p>Fuente: Diario de Yucat\u00e1n<\/p>\n\n\n\n<p>Necesario respeto a la libertad de expresi\u00f3n<\/p>\n\n\n\n<p>El 22 de abril, el Presidente acus\u00f3 a medios y columnistas de no decir \u201cnada bueno del gobierno. Todo malo, todo malo\u201d. Despu\u00e9s profiri\u00f3 un lamento sin sustento: \u201ca nosotros nos defienden creo que tres\u201d.<\/p>\n\n\n\n<p>En realidad, hay docenas de columnistas afines a la 4T escribiendo y hablando en peri\u00f3dicos, radiodifusoras, televisi\u00f3n e internet. Que el presidente los pasara por alto, me llev\u00f3 a analizar las columnas publicadas por 16 de ellos, en cuatro diarios capitalinos. Los eleg\u00ed buscando que reflejaran las principales corrientes de la 4T.<\/p>\n\n\n\n<p>Diez escribieron con pocos adjetivos, cuatro abusaban de ellos y dos, iban y ven\u00edan entre las dos actitudes. Aun cuando abordaron una multitud de temas, me centro en la manera como tratan al presidente y a los medios (la lista completa en mi p\u00e1gina: www.sergioaguayo.org).<\/p>\n\n\n\n<p>El trato al Presidente. Los mesurados ponen distancia con el l\u00edder de la 4T absteni\u00e9ndose de utilizar su nombre (se refieren a \u00e9l como \u201cpresidente\u201d o \u201cjefe del ejecutivo\u201d). No desean, supongo, contribuir al culto a la personalidad. Tambi\u00e9n disienten de sus posturas, proponiendo o defendiendo pol\u00edticas alternas.<\/p>\n\n\n\n<p>Los indignados elogian abiertamente al Presidente, utilizando su nombre completo y ponderan su proyecto que, est\u00e1n convencidos, forma parte de una gran transformaci\u00f3n hist\u00f3rica. Tambi\u00e9n lo exaltan asegurando, por ejemplo, que \u00e9l \u201cno necesita intermediarios\u201d en los medios porque \u201cse comunica de manera directa con la poblaci\u00f3n\u201d.<\/p>\n\n\n\n<p>El trato a medios y columnistas. Los mesurados s\u00ed critican a los \u201cadversarios de la transformaci\u00f3n\u201d pero en ning\u00fan momento se lanzan contra otros columnistas. Y un par de ellos, hasta tienden puentes hacia los adversarios, citando estudios de organismos civiles tachados como \u201cfif\u00eds\u201d en las ma\u00f1aneras.<\/p>\n\n\n\n<p>Los indignados lapidan con adjetivos a los columnistas cr\u00edticos de la 4T y a su l\u00edder: \u201cperversos\u201d, \u201cdeleznables\u201d, \u201cresentidos\u201d, \u201crabiosos\u201d, \u201ccorruptos\u201d, \u201cconjurados\u201d, \u201cmezquinos\u201d, \u201cneoliberales\u201d, \u201cruines\u201d, \u201csoberbios\u201d, \u201creaccionarios\u201d. Los asocian con una conjura urdida para linchar medi\u00e1ticamente al presidente con \u201cinsidias\u201d, \u201cfalsedades\u201d y \u201cfake news\u201d. Una postura, insin\u00faan, para 1) ayudar a un golpe de Estado en gestaci\u00f3n, 2) ganarle a Morena en las elecciones de 2021 y, 3) revocar el mandato del presidente en el 2022.<\/p>\n\n\n\n<p>Sintetizo demasiado los escritos elaborados por mentes entrenadas para conceptualizar y poner por escrito sus ideas. La libertad con la cual expresan opiniones divergentes, con matices de fondo y forma, confirma el respeto del Presidente a la libertad de expresi\u00f3n.<\/p>\n\n\n\n<p>Respeto su derecho a escribir lo que piensan, pero me permito refutar un supuesto utilizado por los indignados. Cuando hablan sobre la existencia de una conjura golpista, deber\u00edan demostrarla. Si as\u00ed lo hicieran, le estar\u00edan brindando un gran servicio al pa\u00eds y lograr\u00edan una gran solidaridad hacia el Presidente (recuerden el rechazo al intento foxista de desaforarlo).<\/p>\n\n\n\n<p>Por otro lado, el Presidente tiene raz\u00f3n al quejarse sobre la magnitud alcanzada por la cr\u00edtica en contra suya y de sus pol\u00edticas. Las motivaciones de cada columnista son diferentes. Algunos tal vez reciban l\u00ednea, pero muchos otros no. En mi caso he ido poniendo distancia, porque aun cuando respaldo algunas de sus pol\u00edticas, disiento, entre otras cosas, de su menosprecio a la sociedad civil y a la academia y de sus descalificaciones a la prensa. Duelen sus condenas, porque pareciera lanzarlas para construir a un enemigo al cual responsabilizar de sus errores y dificultades. Esto ha contribuido a la inquietante polarizaci\u00f3n del pa\u00eds.<\/p>\n\n\n\n<p>Le tengo un profundo afecto a Epigmenio Ibarra y conozco de su compromiso y honestidad. Se extralimit\u00f3 al decirle a Carmen Aristegui que \u201cel due\u00f1o de \u2018Reforma\u2019 ordena a sus editorialistas atacar al Presidente\u201d. Tengo 24 a\u00f1os escribiendo en Grupo Reforma y jam\u00e1s me han tirado o insinuado l\u00ednea. Tampoco me la dieron en \u201cLa Jornada\u201d (1984-1996), ni en Canal 11 donde opino desde 2001 y, mucho menos, en Aristegui Noticias, donde colaboro habitualmente.<\/p>\n\n\n\n<p>En un ambiente tan cargado de ira, debemos preservar el respeto al camino elegido por cada uno de nosotros. Disentir sin agredir. Separar la opini\u00f3n p\u00fablica del afecto privado. \u00a1El respeto a la columna ajena es la paz! (Colabor\u00f3: M\u00f3nica Gabriela Maldonado D\u00edaz).\u2014 Boston, Massachusetts.<\/p>\n\n\n\n<p>Investigador y analista<\/p>\n<div class='share-to-whatsapp-wrapper'><div class='share-on-whsp'>Share on: <\/div><a data-text='L\u00f3pez Orador y los columnistas' data-link='https:\/\/visionpeninsular.com\/mid\/lopez-orador-y-los-columnistas\/' class='whatsapp-button whatsapp-share'>WhatsApp<\/a><div class='clear '><\/div><\/div>","protected":false},"excerpt":{"rendered":"<p>Sergio Aguayo, colaborador de Diario de Yucat\u00e1n Sergio Aguayo (*) Fuente: Diario de Yucat\u00e1n Necesario respeto a la libertad de expresi\u00f3n El 22 de abril, el Presidente acus\u00f3 a medios y columnistas de no decir \u201cnada bueno del gobierno. Todo malo, todo malo\u201d. Despu\u00e9s profiri\u00f3 un lamento sin sustento: \u201ca nosotros nos defienden creo que &hellip;<\/p>\n","protected":false},"author":5,"featured_media":124401,"comment_status":"open","ping_status":"open","sticky":false,"template":"","format":"standard","meta":{"_mi_skip_tracking":false},"categories":[44],"tags":[20803],"_links":{"self":[{"href":"https:\/\/visionpeninsular.com\/mid\/wp-json\/wp\/v2\/posts\/124406"}],"collection":[{"href":"https:\/\/visionpeninsular.com\/mid\/wp-json\/wp\/v2\/posts"}],"about":[{"href":"https:\/\/visionpeninsular.com\/mid\/wp-json\/wp\/v2\/types\/post"}],"author":[{"embeddable":true,"href":"https:\/\/visionpeninsular.com\/mid\/wp-json\/wp\/v2\/users\/5"}],"replies":[{"embeddable":true,"href":"https:\/\/visionpeninsular.com\/mid\/wp-json\/wp\/v2\/comments?post=124406"}],"version-history":[{"count":1,"href":"https:\/\/visionpeninsular.com\/mid\/wp-json\/wp\/v2\/posts\/124406\/revisions"}],"predecessor-version":[{"id":124407,"href":"https:\/\/visionpeninsular.com\/mid\/wp-json\/wp\/v2\/posts\/124406\/revisions\/124407"}],"wp:featuredmedia":[{"embeddable":true,"href":"https:\/\/visionpeninsular.com\/mid\/wp-json\/wp\/v2\/media\/124401"}],"wp:attachment":[{"href":"https:\/\/visionpeninsular.com\/mid\/wp-json\/wp\/v2\/media?parent=124406"}],"wp:term":[{"taxonomy":"category","embeddable":true,"href":"https:\/\/visionpeninsular.com\/mid\/wp-json\/wp\/v2\/categories?post=124406"},{"taxonomy":"post_tag","embeddable":true,"href":"https:\/\/visionpeninsular.com\/mid\/wp-json\/wp\/v2\/tags?post=124406"}],"curies":[{"name":"wp","href":"https:\/\/api.w.org\/{rel}","templated":true}]}}