{"id":124320,"date":"2020-04-28T12:09:30","date_gmt":"2020-04-28T17:09:30","guid":{"rendered":"http:\/\/visionpeninsular.com\/mid\/?p=124320"},"modified":"2020-04-28T12:09:37","modified_gmt":"2020-04-28T17:09:37","slug":"keken-confirma-casos-sospechosos-de-covid-19-entre-sus-empleados","status":"publish","type":"post","link":"https:\/\/visionpeninsular.com\/mid\/keken-confirma-casos-sospechosos-de-covid-19-entre-sus-empleados\/","title":{"rendered":"KEK\u00c9N CONFIRMA CASOS SOSPECHOSOS DE COVID-19 ENTRE SUS EMPLEADOS"},"content":{"rendered":"\n<p>Luego que el d\u00eda de ayer lunes, &nbsp;empleados de la planta Sah\u00e9 de Kek\u00e9n realizaran un paro en demanda de que los directivos de la empresa intervengan ante presuntos casos sospechosos de Covid-19 en dichas instalaciones, ubicadas en el municipio de Tixp\u00e9ual, la empresa emiti\u00f3 un bolet\u00edn en el cual manifiesta seguir los protocolos de prevenci\u00f3n ante la contingencia sanitaria<\/p>\n\n\n\n<p>Cabe mencionar que los manifestantes se\u00f1alaron que hay de 60 a 70 personas que presentan s\u00edntomas de gripe, algunos de ellos con mucha tos, pero los encargados de la planta no han querido aislarlos y los obligan a continuar trabajando, pues les dicen que la producci\u00f3n no puede detenerse.<\/p>\n\n\n\n<p>A continuaci\u00f3n ofrecemos el bolet\u00edn:<\/p>\n\n\n\n<p>Kek\u00e9n intensifica protocolos de prevenci\u00f3n para cuidar la salud de sus colaboradores y abastecer con alimento de calidad a las familias del pa\u00eds.<\/p>\n\n\n\n<p>Kek\u00e9n reitera que la prioridad es el bienestar y la salud de nuestros colaboradores.<\/p>\n\n\n\n<p>Por ello, a diario estamos realizando acciones de sanitizaci\u00f3n profunda de todas las unidades de transporte luego de cada traslado de personal, llevando a cabo tomas de temperatura y aplicaciones de gel antibacterial por usuario. Adem\u00e1s, para cumplir con las normas de sana distancia entre los pasajeros, duplicamos el n\u00famero de camiones para este servicio.<\/p>\n\n\n\n<p>Desde el inicio de la pandemia de Covid-19 se colocaron y activaron filtros sanitarios individuales y se intensific\u00f3 el proceso de sanitizaci\u00f3n, adem\u00e1s, de manera preventiva se contrat\u00f3 a personal m\u00e9dico para atender y cuidar a nuestros colaboradores dentro de nuestras instalaciones.<\/p>\n\n\n\n<p>Gracias a los filtros sanitarios que utilizamos, hemos detectado oportunamente los casos sospechosos. En seguimiento a nuestro protocolo, la persona identificada y aquellas que tuvieron contacto durante la jornada laboral deben regresar a su casa de inmediato a guardar cuarentena, mientras se toman pruebas y se realiza un diagn\u00f3stico claro. En este proceso damos seguimiento al caso hasta conocer su evoluci\u00f3n.<\/p>\n\n\n\n<p>Hemos informado a las autoridades sobre la situaci\u00f3n de cada uno de estos casos. Por la ley de confidencialidad y datos personales, la informaci\u00f3n particular no puede hacerse p\u00fablica. Para prevenir el contagio continuaremos trabajando con las autoridades.<\/p>\n\n\n\n<p>Como parte de la industria de alimentos, Kek\u00e9n ha sido definida por las autoridades como una empresa esencial. Para cumplir con esta tarea, llevar los alimentos a los hogares de las familias mexicanas. Seguiremos trabajando hasta que nos sea posible porque la gente de Yucat\u00e1n y de M\u00e9xico, nos necesita.<\/p>\n\n\n\n<p>En Kek\u00e9n estamos convencidos que la prevenci\u00f3n es la mejor herramienta, que la mejor actitud es cuidarnos entre todos, con el esp\u00edritu de trabajar en equipo para ser solidarios y asegurar que las familias mexicanas cuenten con un alimento de la m\u00e1s alta calidad, sanidad e inocuidad.<\/p>\n<div class='share-to-whatsapp-wrapper'><div class='share-on-whsp'>Share on: <\/div><a data-text='KEK\u00c9N CONFIRMA CASOS SOSPECHOSOS DE COVID-19 ENTRE SUS EMPLEADOS' data-link='https:\/\/visionpeninsular.com\/mid\/keken-confirma-casos-sospechosos-de-covid-19-entre-sus-empleados\/' class='whatsapp-button whatsapp-share'>WhatsApp<\/a><div class='clear '><\/div><\/div>","protected":false},"excerpt":{"rendered":"<p>Luego que el d\u00eda de ayer lunes, &nbsp;empleados de la planta Sah\u00e9 de Kek\u00e9n realizaran un paro en demanda de que los directivos de la empresa intervengan ante presuntos casos sospechosos de Covid-19 en dichas instalaciones, ubicadas en el municipio de Tixp\u00e9ual, la empresa emiti\u00f3 un bolet\u00edn en el cual manifiesta seguir los protocolos de &hellip;<\/p>\n","protected":false},"author":5,"featured_media":124323,"comment_status":"open","ping_status":"open","sticky":false,"template":"","format":"standard","meta":{"_mi_skip_tracking":false},"categories":[50,37],"tags":[20823,8119],"_links":{"self":[{"href":"https:\/\/visionpeninsular.com\/mid\/wp-json\/wp\/v2\/posts\/124320"}],"collection":[{"href":"https:\/\/visionpeninsular.com\/mid\/wp-json\/wp\/v2\/posts"}],"about":[{"href":"https:\/\/visionpeninsular.com\/mid\/wp-json\/wp\/v2\/types\/post"}],"author":[{"embeddable":true,"href":"https:\/\/visionpeninsular.com\/mid\/wp-json\/wp\/v2\/users\/5"}],"replies":[{"embeddable":true,"href":"https:\/\/visionpeninsular.com\/mid\/wp-json\/wp\/v2\/comments?post=124320"}],"version-history":[{"count":1,"href":"https:\/\/visionpeninsular.com\/mid\/wp-json\/wp\/v2\/posts\/124320\/revisions"}],"predecessor-version":[{"id":124324,"href":"https:\/\/visionpeninsular.com\/mid\/wp-json\/wp\/v2\/posts\/124320\/revisions\/124324"}],"wp:featuredmedia":[{"embeddable":true,"href":"https:\/\/visionpeninsular.com\/mid\/wp-json\/wp\/v2\/media\/124323"}],"wp:attachment":[{"href":"https:\/\/visionpeninsular.com\/mid\/wp-json\/wp\/v2\/media?parent=124320"}],"wp:term":[{"taxonomy":"category","embeddable":true,"href":"https:\/\/visionpeninsular.com\/mid\/wp-json\/wp\/v2\/categories?post=124320"},{"taxonomy":"post_tag","embeddable":true,"href":"https:\/\/visionpeninsular.com\/mid\/wp-json\/wp\/v2\/tags?post=124320"}],"curies":[{"name":"wp","href":"https:\/\/api.w.org\/{rel}","templated":true}]}}