{"id":124280,"date":"2020-04-28T09:09:53","date_gmt":"2020-04-28T14:09:53","guid":{"rendered":"http:\/\/visionpeninsular.com\/mid\/?p=124280"},"modified":"2020-04-28T09:10:14","modified_gmt":"2020-04-28T14:10:14","slug":"renan-barrera-resalta-la-labor-municipal-firme-y-apegada-a-los-protocolos-de-salud-en-la-pandemia","status":"publish","type":"post","link":"https:\/\/visionpeninsular.com\/mid\/renan-barrera-resalta-la-labor-municipal-firme-y-apegada-a-los-protocolos-de-salud-en-la-pandemia\/","title":{"rendered":"Ren\u00e1n Barrera resalta la labor municipal firme y apegada a los protocolos de salud en la pandemia"},"content":{"rendered":"\n<p><em>Presenta avances en las medidas preventivas a los integrantes del Consejo de Salud Municipal<\/em><\/p>\n\n\n\n<p>Con un agradecimiento por su apoyo a la labor municipal y el exhorto a no bajar la guardia para seguir implementando acciones de \u00e9xito contra el Covid-19, esta ma\u00f1ana el alcalde Ren\u00e1n Barrera Concha encabez\u00f3 la sesi\u00f3n extraordinaria del Consejo de Salud Municipal, que se celebr\u00f3 de manera virtual para dar a conocer los avances en los trabajos para prevenir la propagaci\u00f3n del virus en la capital yucateca.<\/p>\n\n\n\n<p>Ante representantes de los tres niveles de gobierno, instituciones privadas y p\u00fablicas y de la sociedad civil, el Concejal asever\u00f3 que desde el inicio de la contingencia se ha comprometido en responder a las necesidades m\u00e1s apremiantes que han surgido en este periodo de crisis sanitaria poniendo en primer t\u00e9rmino el cuidado de la salud de las y los ciudadanos con acciones preventivas, pero, sobre todo, manteni\u00e9ndose siempre cercano a la gente.<\/p>\n\n\n\n<p>\u2014Ante la adversidad en M\u00e9rida siempre hemos salido adelante trabajando juntos, en equipo entre la sociedad y el gobierno. Hagamos lo mismo para superar esta contingencia\u2014continu\u00f3.<\/p>\n\n\n\n<figure class=\"wp-block-image size-large\"><img loading=\"lazy\" width=\"1024\" height=\"853\" src=\"http:\/\/visionpeninsular.com\/mid\/wp-content\/uploads\/2020\/04\/27ABRIL20-RBC-CONSEJO-SALUD-1.jpeg\" alt=\"\" class=\"wp-image-124283\" srcset=\"https:\/\/visionpeninsular.com\/mid\/wp-content\/uploads\/2020\/04\/27ABRIL20-RBC-CONSEJO-SALUD-1.jpeg 1024w, https:\/\/visionpeninsular.com\/mid\/wp-content\/uploads\/2020\/04\/27ABRIL20-RBC-CONSEJO-SALUD-1-300x250.jpeg 300w, https:\/\/visionpeninsular.com\/mid\/wp-content\/uploads\/2020\/04\/27ABRIL20-RBC-CONSEJO-SALUD-1-768x640.jpeg 768w\" sizes=\"(max-width: 1024px) 100vw, 1024px\" \/><\/figure>\n\n\n\n<p>Tengan la certeza que seguiremos aplicando medidas sanitarias preventivas, porque siendo el gobierno m\u00e1s cercano a la poblaci\u00f3n estamos contribuyendo a fomentar la conciencia social entre los ciudadanos y as\u00ed evitar un mayor n\u00famero de contagios por coronavirus, abund\u00f3.<\/p>\n\n\n\n<p>Los integrantes del Consejo reconocieron la labor municipal realizada hasta el momento, en especial a trav\u00e9s de las l\u00edneas de apoyo disponibles para todos los ciudadanos.<\/p>\n\n\n\n<p>Barrera Concha inform\u00f3 que hasta el momento se han sanitizado un mill\u00f3n 825 mil metros cuadrados de espacios y \u00e1reas en la ciudad como los 14 mercados municipales, parques p\u00fablicos, 32 asociaciones de asistencia social e instalaciones municipales.<\/p>\n\n\n\n<p>Esta acci\u00f3n se ha hecho de manera terrestre y con el apoyo de drones.<\/p>\n\n\n\n<p>Tambi\u00e9n se han instalado 18 m\u00f3dulos sanitizantes, entre carpas y t\u00faneles para ciudadanos que se desplazan al centro para adquirir medicamentos o v\u00edveres, adem\u00e1s de 10 lavamanos p\u00fablicos para fomentar el lavado frecuente con agua y jab\u00f3n.<\/p>\n\n\n\n<p>Para el personal m\u00e9dico de los m\u00f3dulos de salud se ha dispuesto del material necesario para que realice las tareas sanitarias cumpliendo las disposiciones del sector salud como caretas y googles para m\u00e9dicos, gorros, batas, guantes y botas desechables, cubrebocas, equipo para aplicar liquido sanitizante, cloro, jab\u00f3n en barra y sanitas, as\u00ed como gel antibacteriano.<\/p>\n\n\n\n<p>Por parte del Protecci\u00f3n Civil Municipal se brind\u00f3 capacitaci\u00f3n al personal de 48 supermercados sobre medidas de prevenci\u00f3n sanitaria, y se ha visitado m\u00e1s del 90 por ciento de las tiendas de autoservicio donde se ha verificado que cumplan con las medidas sanitarias recomendadas.<\/p>\n\n\n\n<p>La l\u00ednea de asistencia sanitaria (999 982 33 29) ha recibido 785 consultas y orientaciones en espa\u00f1ol y lengua maya.<\/p>\n\n\n\n<p>Otros servicios gratuitos que se ofrecen v\u00eda telef\u00f3nica son la l\u00ednea de apoyo emocional Covid-19 (9994 54 10 81) y de la L\u00ednea Mujer (800 455 76 72).<\/p>\n\n\n\n<p>Se han impartido 45 cursos de capacitaci\u00f3n para medidas de prevenci\u00f3n sanitaria a m\u00e1s de 800 personas de todas las direcciones del Ayuntamiento, as\u00ed como l\u00edderes y oferentes de mercados p\u00fablicos.<\/p>\n\n\n\n<p>Por ser los principales puntos de abasto de alimentos para la poblaci\u00f3n, y por la importancia econ\u00f3mica que reviste para miles de meridanos que all\u00ed laboran se modific\u00f3 el horario en los 12 mercados de la ciudad y los dos ubicados en las comisar\u00edas de Caucel y Cholul, brindando la atenci\u00f3n al p\u00fablico hasta las 15 horas.<\/p>\n\n\n\n<p>Las cuadrillas de Servicios P\u00fablicos Municipales han sido dotadas de trajes especiales, guantes, lentes y tapabocas para que puedan realizar sus labores de una manera protegida y limpia.<\/p>\n\n\n\n<p>Para evitar el contacto directo con la ciudadan\u00eda se suspendieron los tr\u00e1mites presenciales municipales hasta nuevo aviso, quedando activos \u00fanicamente los que se realizan en l\u00ednea y que se consultan en el sitio www. merida.gob.mx\/tramites.<\/p>\n\n\n\n<p>Otras acciones implementadas durante esta contingencia sanitaria es la entrega de manera directa 20 mil apoyos alimentarios a albergues y asociaciones civiles por parte del Ayuntamiento de M\u00e9rida, y en coordinaci\u00f3n con el gobierno estatal se realiza la entrega de otros 80 mil paquetes para los habitantes de las 47 comisar\u00edas y zonas marginadas de la ciudad.<\/p>\n\n\n\n<p>Otros grupos que se han visto beneficiados con la entrega de estos apoyos alimentarios son los voceadores y elementos de la Polic\u00eda Municipal de M\u00e9rida.<\/p>\n\n\n\n<p>Tambi\u00e9n la extensi\u00f3n de est\u00edmulos fiscales durante los meses de abril, mayo y junio con descuentos en el impuesto predial, en multas y recargos, y Adquisici\u00f3n de Inmuebles (ISAI).<\/p>\n\n\n\n<p>Se crearon programas emergentes que abarca todos los sectores como \u201cSurte tu negocio\u201d, \u201cImpulsa M\u00e9rida\u201d, \u201cManos al campo\u201d y la entrega de pr\u00e9stamos a trav\u00e9s del programa Micromer de hasta 100 mil pesos con tasa del 0% de inter\u00e9s durante todo el mes de abril con un per\u00edodo de gracia de tres meses para realizar el primer pago.<\/p>\n\n\n\n<p>Dentro de este paquete de apoyos tambi\u00e9n est\u00e1n contemplados los prestadores de servicios culturales con despensas para los artistas adultos mayores. Tambi\u00e9n se puso en marcha el programa \u201cArte en casa\u201d, difusi\u00f3n de materiales audiovisuales a trav\u00e9s de las redes sociales con contenidos art\u00edsticos y culturales y el concurso de foto y v\u00eddeo \u201cLa cuarentena\u201d.<\/p>\n\n\n\n<p>La plataforma \u201cM\u00e9rida nos une\u201d ha registrado m\u00e1s de 120 ofrecimientos de ciudadanos e instancias dispuestas a ayudar y 1, 140 solicitudes de ayuda. Los apoyos provienen 49% ciudadanos, 17% de empresas, 13% grupos ciudadanos, 14% asociaciones y 8% emprendedores.<\/p>\n\n\n\n<p>Finalmente se inform\u00f3 que, con apoyo de la Secretar\u00eda de Seguridad P\u00fablica, la Guardia Nacional y la Polic\u00eda Municipal, se program\u00f3 el cierre a la circulaci\u00f3n vehicular de varios tramos que incluyen 17 cruceros estrat\u00e9gicos del Centro Hist\u00f3rico.<\/p>\n<div class='share-to-whatsapp-wrapper'><div class='share-on-whsp'>Share on: <\/div><a data-text='Ren\u00e1n Barrera resalta la labor municipal firme y apegada a los protocolos de salud en la pandemia' data-link='https:\/\/visionpeninsular.com\/mid\/renan-barrera-resalta-la-labor-municipal-firme-y-apegada-a-los-protocolos-de-salud-en-la-pandemia\/' class='whatsapp-button whatsapp-share'>WhatsApp<\/a><div class='clear '><\/div><\/div>","protected":false},"excerpt":{"rendered":"<p>Presenta avances en las medidas preventivas a los integrantes del Consejo de Salud Municipal Con un agradecimiento por su apoyo a la labor municipal y el exhorto a no bajar la guardia para seguir implementando acciones de \u00e9xito contra el Covid-19, esta ma\u00f1ana el alcalde Ren\u00e1n Barrera Concha encabez\u00f3 la sesi\u00f3n extraordinaria del Consejo de &hellip;<\/p>\n","protected":false},"author":5,"featured_media":124282,"comment_status":"open","ping_status":"open","sticky":false,"template":"","format":"standard","meta":{"_mi_skip_tracking":false},"categories":[49,37],"tags":[20379,20813,20612,20812],"_links":{"self":[{"href":"https:\/\/visionpeninsular.com\/mid\/wp-json\/wp\/v2\/posts\/124280"}],"collection":[{"href":"https:\/\/visionpeninsular.com\/mid\/wp-json\/wp\/v2\/posts"}],"about":[{"href":"https:\/\/visionpeninsular.com\/mid\/wp-json\/wp\/v2\/types\/post"}],"author":[{"embeddable":true,"href":"https:\/\/visionpeninsular.com\/mid\/wp-json\/wp\/v2\/users\/5"}],"replies":[{"embeddable":true,"href":"https:\/\/visionpeninsular.com\/mid\/wp-json\/wp\/v2\/comments?post=124280"}],"version-history":[{"count":1,"href":"https:\/\/visionpeninsular.com\/mid\/wp-json\/wp\/v2\/posts\/124280\/revisions"}],"predecessor-version":[{"id":124284,"href":"https:\/\/visionpeninsular.com\/mid\/wp-json\/wp\/v2\/posts\/124280\/revisions\/124284"}],"wp:featuredmedia":[{"embeddable":true,"href":"https:\/\/visionpeninsular.com\/mid\/wp-json\/wp\/v2\/media\/124282"}],"wp:attachment":[{"href":"https:\/\/visionpeninsular.com\/mid\/wp-json\/wp\/v2\/media?parent=124280"}],"wp:term":[{"taxonomy":"category","embeddable":true,"href":"https:\/\/visionpeninsular.com\/mid\/wp-json\/wp\/v2\/categories?post=124280"},{"taxonomy":"post_tag","embeddable":true,"href":"https:\/\/visionpeninsular.com\/mid\/wp-json\/wp\/v2\/tags?post=124280"}],"curies":[{"name":"wp","href":"https:\/\/api.w.org\/{rel}","templated":true}]}}