{"id":12404,"date":"2016-09-14T09:50:47","date_gmt":"2016-09-14T14:50:47","guid":{"rendered":"http:\/\/visionpeninsular.com\/mid\/?p=12404"},"modified":"2016-09-14T09:50:47","modified_gmt":"2016-09-14T14:50:47","slug":"detienen-a-ladrones-en-centro-merida","status":"publish","type":"post","link":"https:\/\/visionpeninsular.com\/mid\/detienen-a-ladrones-en-centro-merida\/","title":{"rendered":"Detienen a ladrones en Centro de M\u00e9rida"},"content":{"rendered":"<p>Agentes de la Polic\u00eda Municipal de M\u00e9rida detuvieron a Jos\u00e9 Ram\u00f3n L. C. y a Jos\u00e9 Javier P. C., quienes fueron acusados de robo de varias herramientas de alba\u00f1iler\u00eda de una obra en construcci\u00f3n, en la calle 59 con 58.<\/p>\n<p>Al realizar labores de vigilancia, los agentes municipales en calle 59 entre 58 y 60 se les acerc\u00f3 David Daniel M. M. quien se identific\u00f3 como vigilante de la obra del Palacio de la M\u00fasica, que est\u00e1 a cargo del gobierno del Estado.<\/p>\n<p>Esta persona inform\u00f3 que se encontraba en el interior del lugar cuando vio a dos personas que sustra\u00edan herramientas de alba\u00f1iler\u00eda en el interior de la bodega y que al verse descubiertos, ambos salieron corriendo en direcci\u00f3n al parque de La Madre.<\/p>\n<p>Con las caracter\u00edsticas proporcionadas los agentes iniciaron una operaci\u00f3n de b\u00fasqueda siendo localizados en las cercan\u00edas del lugar.<\/p>\n<p>Al revisar el contenido de las mochilas que ten\u00edan, fueron encontradas diversos objetos: dos sierras, bolsas de clavos, un flex\u00f3metro, una lata de pintura, y un martillo, entre otros art\u00edculos.<\/p>\n<p>Los ahora detenidos fueron trasladados a la c\u00e1rcel municipal para su posterior remisi\u00f3n a la Fiscal\u00eda General del Estado, lugar al que  David Daniel M. M. manifest\u00f3 que los encargados de la obra acudir\u00edan a denunciar los hechos.<\/p>\n<div class='share-to-whatsapp-wrapper'><div class='share-on-whsp'>Share on: <\/div><a data-text='Detienen a ladrones en Centro de M\u00e9rida' data-link='https:\/\/visionpeninsular.com\/mid\/detienen-a-ladrones-en-centro-merida\/' class='whatsapp-button whatsapp-share'>WhatsApp<\/a><div class='clear '><\/div><\/div>","protected":false},"excerpt":{"rendered":"<p>Agentes de la Polic\u00eda Municipal de M\u00e9rida detuvieron a Jos\u00e9 Ram\u00f3n L. C. y a Jos\u00e9 Javier P. C., quienes fueron acusados de robo de varias herramientas de alba\u00f1iler\u00eda de una obra en construcci\u00f3n, en la calle 59 con 58. Al realizar labores de vigilancia, los agentes municipales en calle 59 entre 58 y 60 &hellip;<\/p>\n","protected":false},"author":1,"featured_media":12405,"comment_status":"open","ping_status":"open","sticky":false,"template":"","format":"standard","meta":{"_mi_skip_tracking":false},"categories":[50],"tags":[2307,701],"_links":{"self":[{"href":"https:\/\/visionpeninsular.com\/mid\/wp-json\/wp\/v2\/posts\/12404"}],"collection":[{"href":"https:\/\/visionpeninsular.com\/mid\/wp-json\/wp\/v2\/posts"}],"about":[{"href":"https:\/\/visionpeninsular.com\/mid\/wp-json\/wp\/v2\/types\/post"}],"author":[{"embeddable":true,"href":"https:\/\/visionpeninsular.com\/mid\/wp-json\/wp\/v2\/users\/1"}],"replies":[{"embeddable":true,"href":"https:\/\/visionpeninsular.com\/mid\/wp-json\/wp\/v2\/comments?post=12404"}],"version-history":[{"count":1,"href":"https:\/\/visionpeninsular.com\/mid\/wp-json\/wp\/v2\/posts\/12404\/revisions"}],"predecessor-version":[{"id":12406,"href":"https:\/\/visionpeninsular.com\/mid\/wp-json\/wp\/v2\/posts\/12404\/revisions\/12406"}],"wp:featuredmedia":[{"embeddable":true,"href":"https:\/\/visionpeninsular.com\/mid\/wp-json\/wp\/v2\/media\/12405"}],"wp:attachment":[{"href":"https:\/\/visionpeninsular.com\/mid\/wp-json\/wp\/v2\/media?parent=12404"}],"wp:term":[{"taxonomy":"category","embeddable":true,"href":"https:\/\/visionpeninsular.com\/mid\/wp-json\/wp\/v2\/categories?post=12404"},{"taxonomy":"post_tag","embeddable":true,"href":"https:\/\/visionpeninsular.com\/mid\/wp-json\/wp\/v2\/tags?post=12404"}],"curies":[{"name":"wp","href":"https:\/\/api.w.org\/{rel}","templated":true}]}}