{"id":123906,"date":"2020-04-23T19:38:10","date_gmt":"2020-04-24T00:38:10","guid":{"rendered":"http:\/\/visionpeninsular.com\/mid\/?p=123906"},"modified":"2020-04-23T19:38:20","modified_gmt":"2020-04-24T00:38:20","slug":"el-peor-dia-desde-que-llego-el-coronavirus-a-yucatan-afirma-vila","status":"publish","type":"post","link":"https:\/\/visionpeninsular.com\/mid\/el-peor-dia-desde-que-llego-el-coronavirus-a-yucatan-afirma-vila\/","title":{"rendered":"\u201cEl peor d\u00eda desde que lleg\u00f3 el coronavirus a Yucat\u00e1n\u201d, afirma Vila"},"content":{"rendered":"\n<p>En un mensaje que comparti\u00f3 en sus redes sociales, &nbsp;el gobernador Mauricio Vila Dosal calific\u00f3 este como el peor d\u00eda desde que lleg\u00f3 el Covid-19 a Yucat\u00e1n, luego de que en las \u00faltimas 24 horas se confirmaron 35 nuevos contagios y se registraron 3 fallecimientos; el mandatario estatal lament\u00f3 las cifras y llam\u00f3 a la poblaci\u00f3n a no relajar las medidas sanitarias porque \u201ccada vez que alguien no sigue las indicaciones est\u00e1 poniendo en riesgo a su familia y a todos los dem\u00e1s\u201d.<\/p>\n\n\n\n<p>A unas horas de que entren en vigor las nuevas disposiciones como la aplicaci\u00f3n de fuertes sanciones a quienes no utilicen cubrebocas y que solo una persona podr\u00e1 movilizarse en auto para actividades esenciales, dijo que se debe actuar con responsabilidad.<\/p>\n\n\n\n<p>\u201cS\u00e9 que es dif\u00edcil, pero a quienes han seguido las medidas de prevenci\u00f3n todo este tiempo, les pido un poco m\u00e1s de esfuerzo. Y a quienes a\u00fan no lo hacen, les pido que por favor lo tomen en serio\u201d poste\u00f3 en Facebook.<\/p>\n<div class='share-to-whatsapp-wrapper'><div class='share-on-whsp'>Share on: <\/div><a data-text='\u201cEl peor d\u00eda desde que lleg\u00f3 el coronavirus a Yucat\u00e1n\u201d, afirma Vila' data-link='https:\/\/visionpeninsular.com\/mid\/el-peor-dia-desde-que-llego-el-coronavirus-a-yucatan-afirma-vila\/' class='whatsapp-button whatsapp-share'>WhatsApp<\/a><div class='clear '><\/div><\/div>","protected":false},"excerpt":{"rendered":"<p>En un mensaje que comparti\u00f3 en sus redes sociales, &nbsp;el gobernador Mauricio Vila Dosal calific\u00f3 este como el peor d\u00eda desde que lleg\u00f3 el Covid-19 a Yucat\u00e1n, luego de que en las \u00faltimas 24 horas se confirmaron 35 nuevos contagios y se registraron 3 fallecimientos; el mandatario estatal lament\u00f3 las cifras y llam\u00f3 a la &hellip;<\/p>\n","protected":false},"author":5,"featured_media":123908,"comment_status":"open","ping_status":"open","sticky":false,"template":"","format":"standard","meta":{"_mi_skip_tracking":false},"categories":[49,37],"tags":[20763,3861,20764,355],"_links":{"self":[{"href":"https:\/\/visionpeninsular.com\/mid\/wp-json\/wp\/v2\/posts\/123906"}],"collection":[{"href":"https:\/\/visionpeninsular.com\/mid\/wp-json\/wp\/v2\/posts"}],"about":[{"href":"https:\/\/visionpeninsular.com\/mid\/wp-json\/wp\/v2\/types\/post"}],"author":[{"embeddable":true,"href":"https:\/\/visionpeninsular.com\/mid\/wp-json\/wp\/v2\/users\/5"}],"replies":[{"embeddable":true,"href":"https:\/\/visionpeninsular.com\/mid\/wp-json\/wp\/v2\/comments?post=123906"}],"version-history":[{"count":1,"href":"https:\/\/visionpeninsular.com\/mid\/wp-json\/wp\/v2\/posts\/123906\/revisions"}],"predecessor-version":[{"id":123909,"href":"https:\/\/visionpeninsular.com\/mid\/wp-json\/wp\/v2\/posts\/123906\/revisions\/123909"}],"wp:featuredmedia":[{"embeddable":true,"href":"https:\/\/visionpeninsular.com\/mid\/wp-json\/wp\/v2\/media\/123908"}],"wp:attachment":[{"href":"https:\/\/visionpeninsular.com\/mid\/wp-json\/wp\/v2\/media?parent=123906"}],"wp:term":[{"taxonomy":"category","embeddable":true,"href":"https:\/\/visionpeninsular.com\/mid\/wp-json\/wp\/v2\/categories?post=123906"},{"taxonomy":"post_tag","embeddable":true,"href":"https:\/\/visionpeninsular.com\/mid\/wp-json\/wp\/v2\/tags?post=123906"}],"curies":[{"name":"wp","href":"https:\/\/api.w.org\/{rel}","templated":true}]}}