{"id":123755,"date":"2020-04-22T12:09:56","date_gmt":"2020-04-22T17:09:56","guid":{"rendered":"http:\/\/visionpeninsular.com\/mid\/?p=123755"},"modified":"2020-04-22T12:10:20","modified_gmt":"2020-04-22T17:10:20","slug":"reciben-respiradores-cuatro-hospitales-de-la-entidad","status":"publish","type":"post","link":"https:\/\/visionpeninsular.com\/mid\/reciben-respiradores-cuatro-hospitales-de-la-entidad\/","title":{"rendered":"Reciben respiradores cuatro hospitales de la entidad"},"content":{"rendered":"\n<p>El Gobierno estatal reparti\u00f3 110 unidades de asistencia respiratoria<\/p>\n\n\n\n<p>Este domingo, el Gobierno de Yucat\u00e1n reparti\u00f3 110 unidades de asistencia respiratoria en cuatro hospitales del estado.<\/p>\n\n\n\n<p>El gobernador de Yucat\u00e1n, Mauricio Vila Dosal, dio a conocer por medio de sus redes sociales que los ventiladores fueron adquiridos anticipadamente, debido a la escasez mundial por la pandemia del coronavirus.<\/p>\n\n\n\n<p>El equipo m\u00e9dico, que cumple con todas las normas de la Comisi\u00f3n Federal para la Protecci\u00f3n contra Riesgos Sanitarios (Cofepris), fueron entregados en:<\/p>\n\n\n\n<p>Hospital Regional de Alta Especialidad de Yucat\u00e1n<\/p>\n\n\n\n<p>Hospital General \u201cDr. Agust\u00edn O\u2019Hor\u00e1n\u201d<\/p>\n\n\n\n<p>Hospital General de Valladolid<\/p>\n\n\n\n<p>Hospital San Carlos de Tizim\u00edn<\/p>\n\n\n\n<p>Cabe recordar, que el Gobierno estatal decidi\u00f3 habilitar el Centro de Convenciones Siglo XXI como hospital temporal, el cual cuenta con casi 500 camas para atender exclusivamente a personas contagiadas Covid-19.<\/p>\n\n\n\n<p>De igual forma, se instalar\u00e1 un hospital inflable en un terreno aleda\u00f1o al Hospital General de Valladolid, en donde se colocar\u00e1n 100 camas adicionales.<\/p>\n\n\n\n<p>Esto, como manera preventiva en caso de que colapsen los hospitales del estado al registrarse un aumento en los casos de coronavirus.<\/p>\n<div class='share-to-whatsapp-wrapper'><div class='share-on-whsp'>Share on: <\/div><a data-text='Reciben respiradores cuatro hospitales de la entidad' data-link='https:\/\/visionpeninsular.com\/mid\/reciben-respiradores-cuatro-hospitales-de-la-entidad\/' class='whatsapp-button whatsapp-share'>WhatsApp<\/a><div class='clear '><\/div><\/div>","protected":false},"excerpt":{"rendered":"<p>El Gobierno estatal reparti\u00f3 110 unidades de asistencia respiratoria Este domingo, el Gobierno de Yucat\u00e1n reparti\u00f3 110 unidades de asistencia respiratoria en cuatro hospitales del estado. El gobernador de Yucat\u00e1n, Mauricio Vila Dosal, dio a conocer por medio de sus redes sociales que los ventiladores fueron adquiridos anticipadamente, debido a la escasez mundial por la &hellip;<\/p>\n","protected":false},"author":5,"featured_media":123757,"comment_status":"open","ping_status":"open","sticky":false,"template":"","format":"standard","meta":{"_mi_skip_tracking":false},"categories":[49,37],"tags":[13607,20738,449],"_links":{"self":[{"href":"https:\/\/visionpeninsular.com\/mid\/wp-json\/wp\/v2\/posts\/123755"}],"collection":[{"href":"https:\/\/visionpeninsular.com\/mid\/wp-json\/wp\/v2\/posts"}],"about":[{"href":"https:\/\/visionpeninsular.com\/mid\/wp-json\/wp\/v2\/types\/post"}],"author":[{"embeddable":true,"href":"https:\/\/visionpeninsular.com\/mid\/wp-json\/wp\/v2\/users\/5"}],"replies":[{"embeddable":true,"href":"https:\/\/visionpeninsular.com\/mid\/wp-json\/wp\/v2\/comments?post=123755"}],"version-history":[{"count":1,"href":"https:\/\/visionpeninsular.com\/mid\/wp-json\/wp\/v2\/posts\/123755\/revisions"}],"predecessor-version":[{"id":123758,"href":"https:\/\/visionpeninsular.com\/mid\/wp-json\/wp\/v2\/posts\/123755\/revisions\/123758"}],"wp:featuredmedia":[{"embeddable":true,"href":"https:\/\/visionpeninsular.com\/mid\/wp-json\/wp\/v2\/media\/123757"}],"wp:attachment":[{"href":"https:\/\/visionpeninsular.com\/mid\/wp-json\/wp\/v2\/media?parent=123755"}],"wp:term":[{"taxonomy":"category","embeddable":true,"href":"https:\/\/visionpeninsular.com\/mid\/wp-json\/wp\/v2\/categories?post=123755"},{"taxonomy":"post_tag","embeddable":true,"href":"https:\/\/visionpeninsular.com\/mid\/wp-json\/wp\/v2\/tags?post=123755"}],"curies":[{"name":"wp","href":"https:\/\/api.w.org\/{rel}","templated":true}]}}