{"id":122814,"date":"2020-04-12T18:13:51","date_gmt":"2020-04-12T23:13:51","guid":{"rendered":"http:\/\/visionpeninsular.com\/mid\/?p=122814"},"modified":"2020-04-12T18:40:01","modified_gmt":"2020-04-12T23:40:01","slug":"se-reporta-un-caso-de-coronavirus-en-el-cereso-de-merida","status":"publish","type":"post","link":"https:\/\/visionpeninsular.com\/mid\/se-reporta-un-caso-de-coronavirus-en-el-cereso-de-merida\/","title":{"rendered":"Se reporta un caso de Coronavirus en el Cereso de M\u00e9rida"},"content":{"rendered":"\n<p><em>-Se trata de un var\u00f3n de 60 a\u00f1os con sintomatolog\u00eda leve, su estado de salud es estable, fue separado oportunamente del resto de la poblaci\u00f3n penitenciaria y es monitoreado permanentemente por personal de salud.<\/em><\/p>\n\n\n\n<p><em>&#8211; Cereso ha implementado oportunamente medidas especiales de desinfecci\u00f3n, higiene y prevenci\u00f3n para proteger a toda la poblaci\u00f3n de internos.<\/em><\/p>\n\n\n\n<p>El Gobierno del Estado inform\u00f3 que una persona privada de su libertad en el Centro de Reinserci\u00f3n Social (Cereso) de M\u00e9rida fue diagnosticada como positiva al coronavirus Covid-19, por lo que desde que present\u00f3 s\u00edntomas se le aplic\u00f3 el protocolo sanitario y de aislamiento correspondiente.<\/p>\n\n\n\n<p>Se trata de un var\u00f3n yucateco de 60 a\u00f1os que registra s\u00edntomas leves que no requieren hospitalizaci\u00f3n, cuyo estado se salud es estable y se encuentra en un \u00e1rea totalmente aislada del resto de la poblaci\u00f3n penitenciaria. Est\u00e1 monitoreado permanentemente por personal m\u00e9dico, el cual aplica todas las medidas de prevenci\u00f3n y cuenta con todo lo indispensable para su protecci\u00f3n, a fin de evitar contagios.<\/p>\n\n\n\n<p>Esta persona s\u00f3lo ten\u00eda contacto con otras 3, las cuales no presentan s\u00edntomas, pero est\u00e1n en aislamiento y bajo vigilancia m\u00e9dica, con el prop\u00f3sito de evitar la propagaci\u00f3n de los contagios.<\/p>\n\n\n\n<p>Ante ello, las autoridades penitenciarias reforzaron las medidas de prevenci\u00f3n al interior del Cereso meridano y entre el personal que labora en \u00e9l. El Gobierno del Estado est\u00e1 poni\u00e9ndose en contacto con los familiares de esta persona para mantenerlos informados de su condici\u00f3n y evoluci\u00f3n m\u00e9dica.<\/p>\n\n\n\n<p>Hay que recordar que, desde el inicio de la contingencia sanitaria el Gobierno del Estado aplic\u00f3, en el Cereso de M\u00e9rida y los otros centros penitenciarios del estado, las disposiciones sanitarias correspondientes, entre ellas las sanitizaci\u00f3n continua de todas las \u00e1reas del inmueble, las acciones permanentes de higiene b\u00e1sica entre la comunidad penitenciaria y el personal que trabaja ah\u00ed, as\u00ed como desde hace un mes se restringi\u00f3 la visita de familiares.<\/p>\n\n\n\n<p>Asimismo, y a manera de previsi\u00f3n, al interior del penal meridano se habilit\u00f3 un \u00e1rea de aislamiento para atender este tipo de casos, a fin de proteger la salud de las personas que se encuentran privadas de su libertad en este lugar.<\/p>\n<div class='share-to-whatsapp-wrapper'><div class='share-on-whsp'>Share on: <\/div><a data-text='Se reporta un caso de Coronavirus en el Cereso de M\u00e9rida' data-link='https:\/\/visionpeninsular.com\/mid\/se-reporta-un-caso-de-coronavirus-en-el-cereso-de-merida\/' class='whatsapp-button whatsapp-share'>WhatsApp<\/a><div class='clear '><\/div><\/div>","protected":false},"excerpt":{"rendered":"<p>-Se trata de un var\u00f3n de 60 a\u00f1os con sintomatolog\u00eda leve, su estado de salud es estable, fue separado oportunamente del resto de la poblaci\u00f3n penitenciaria y es monitoreado permanentemente por personal de salud. &#8211; Cereso ha implementado oportunamente medidas especiales de desinfecci\u00f3n, higiene y prevenci\u00f3n para proteger a toda la poblaci\u00f3n de internos. El &hellip;<\/p>\n","protected":false},"author":5,"featured_media":122837,"comment_status":"open","ping_status":"open","sticky":false,"template":"","format":"standard","meta":{"_mi_skip_tracking":false},"categories":[49,37],"tags":[20566,20567],"_links":{"self":[{"href":"https:\/\/visionpeninsular.com\/mid\/wp-json\/wp\/v2\/posts\/122814"}],"collection":[{"href":"https:\/\/visionpeninsular.com\/mid\/wp-json\/wp\/v2\/posts"}],"about":[{"href":"https:\/\/visionpeninsular.com\/mid\/wp-json\/wp\/v2\/types\/post"}],"author":[{"embeddable":true,"href":"https:\/\/visionpeninsular.com\/mid\/wp-json\/wp\/v2\/users\/5"}],"replies":[{"embeddable":true,"href":"https:\/\/visionpeninsular.com\/mid\/wp-json\/wp\/v2\/comments?post=122814"}],"version-history":[{"count":1,"href":"https:\/\/visionpeninsular.com\/mid\/wp-json\/wp\/v2\/posts\/122814\/revisions"}],"predecessor-version":[{"id":122817,"href":"https:\/\/visionpeninsular.com\/mid\/wp-json\/wp\/v2\/posts\/122814\/revisions\/122817"}],"wp:featuredmedia":[{"embeddable":true,"href":"https:\/\/visionpeninsular.com\/mid\/wp-json\/wp\/v2\/media\/122837"}],"wp:attachment":[{"href":"https:\/\/visionpeninsular.com\/mid\/wp-json\/wp\/v2\/media?parent=122814"}],"wp:term":[{"taxonomy":"category","embeddable":true,"href":"https:\/\/visionpeninsular.com\/mid\/wp-json\/wp\/v2\/categories?post=122814"},{"taxonomy":"post_tag","embeddable":true,"href":"https:\/\/visionpeninsular.com\/mid\/wp-json\/wp\/v2\/tags?post=122814"}],"curies":[{"name":"wp","href":"https:\/\/api.w.org\/{rel}","templated":true}]}}