{"id":122799,"date":"2020-04-12T14:33:51","date_gmt":"2020-04-12T19:33:51","guid":{"rendered":"http:\/\/visionpeninsular.com\/mid\/?p=122799"},"modified":"2020-04-12T14:34:00","modified_gmt":"2020-04-12T19:34:00","slug":"alcalde-de-progreso-exhorta-a-respetar-la-emergencia-sanitaria-por-covid19","status":"publish","type":"post","link":"https:\/\/visionpeninsular.com\/mid\/alcalde-de-progreso-exhorta-a-respetar-la-emergencia-sanitaria-por-covid19\/","title":{"rendered":"Alcalde de Progreso Exhorta a Respetar La Emergencia Sanitaria por COVID19"},"content":{"rendered":"\n<p><strong>Amigas y amigos progrese\u00f1os:<\/strong><\/p>\n\n\n\n<p>C\u00f3mo todos ustedes saben, estamos viviendo tiempos in\u00e9ditos por causa de la emergencia sanitaria derivada de la propagaci\u00f3n del Coronavirus <a href=\"https:\/\/web.facebook.com\/hashtag\/covid19?source=feed_text&amp;epa=HASHTAG&amp;__xts__%5B0%5D=68.ARBlynysh1UpwCDwyJTt7z3ICBSNc3yY3222imOWR_NCm0wuYt84vJkSIR_Ru8A5AFMWGtkuIJN6yiEnIyD660uD-Ve-lRAHiYXqPQcLmbZWWH9jVW_dsFX0cwPk9leOhcTCebbIqdh-ln5IBliqjHha8TaCam2zHM9EWv2l4tN2_cAFgIkpqLwM0f5QmsGq2wMxnyiowpcmsy3WAfjWQLv0RlK5b7I-MFNHxlF30MIlphlYOwbC0B6UPzAXfYPkP7OnJMYfw0TOSmZeGdqYDZy1upzTJyZUyHxYZDBHvjfDsl3g5bqIVIr-8XtcxIbVYE6vNngqq-4YO6iWy75B_tJiyg&amp;__tn__=%2ANK-R\">#COVID19<\/a>. Esta situaci\u00f3n no es exclusiva de nosotros, afecta gravemente la salud y la econom\u00eda de millones de personas alrededor del mundo. Sin embargo; desde lo local podemos hacer el cambio, y si bien, no es posible eliminar el virus, s\u00ed est\u00e1 en nosotros tomar acciones para prevenir su transmisi\u00f3n masiva a nivel comunitario. Es por ello que desde hace cerca de un mes, mi Gobierno ha tomado decisiones, en el \u00e1mbito pleno de sus facultades legales, para proteger a Progreso, y sus comisar\u00edas. <\/p>\n\n\n\n<figure class=\"wp-block-image size-large\"><img loading=\"lazy\" width=\"960\" height=\"720\" src=\"http:\/\/visionpeninsular.com\/mid\/wp-content\/uploads\/2020\/04\/CARRETERA-PROGRESO-ENTRADA-1.jpg\" alt=\"\" class=\"wp-image-122809\" srcset=\"https:\/\/visionpeninsular.com\/mid\/wp-content\/uploads\/2020\/04\/CARRETERA-PROGRESO-ENTRADA-1.jpg 960w, https:\/\/visionpeninsular.com\/mid\/wp-content\/uploads\/2020\/04\/CARRETERA-PROGRESO-ENTRADA-1-300x225.jpg 300w, https:\/\/visionpeninsular.com\/mid\/wp-content\/uploads\/2020\/04\/CARRETERA-PROGRESO-ENTRADA-1-768x576.jpg 768w\" sizes=\"(max-width: 960px) 100vw, 960px\" \/><\/figure>\n\n\n\n<p>Desde la instalaci\u00f3n de filtros sanitarios en los accesos al Puerto, sanitizaci\u00f3n de espacios p\u00fablicos, patrullaje preventivo y disuasivo por aire, mar y tierra, programas de apoyo alimentario, hasta la restricci\u00f3n temporal de funcionamiento de negocios como las marinas tur\u00edsticas y deportivas. Sin embargo, y c\u00f3mo ustedes podr\u00e1n leer en el oficio que a esta publicaci\u00f3n se acompa\u00f1a; hay actividades que el Gobierno Federal ha considerado como vitales para mantener la marcha de la econom\u00eda, tales como la log\u00edstica portuaria, el libre tr\u00e1nsito sobre v\u00edas y zonas federales; como pueden ser la carretera M\u00e9rida Progreso, y los litorales del Municipio.<\/p>\n\n\n\n<div class=\"wp-block-image\"><figure class=\"aligncenter size-large\"><img loading=\"lazy\" width=\"742\" height=\"960\" src=\"http:\/\/visionpeninsular.com\/mid\/wp-content\/uploads\/2020\/04\/RESTRICCION-FEDERAL-2-1.jpg\" alt=\"\" class=\"wp-image-122802\" srcset=\"https:\/\/visionpeninsular.com\/mid\/wp-content\/uploads\/2020\/04\/RESTRICCION-FEDERAL-2-1.jpg 742w, https:\/\/visionpeninsular.com\/mid\/wp-content\/uploads\/2020\/04\/RESTRICCION-FEDERAL-2-1-232x300.jpg 232w\" sizes=\"(max-width: 742px) 100vw, 742px\" \/><\/figure><\/div>\n\n\n\n<p>Estas circunstancia, aunadas a la afluencia de propietarios de predios veraniegos impulsada por el cierre temprano de actividades escolares y las tradiciones de la Semana Santa y Semana de Pascua, han motivado que cientos de personas ingresen diariamente a sus propiedades ubicadas en nuestras playas, con el derecho que como propietario le asiste a cualquier mexicano. Es por esto; que quiero reiterar el llamado a toda persona que tenga intenci\u00f3n de venir a Progreso y nuestra playa, que por favor se abstenga, la situaci\u00f3n no es f\u00e1cil para nosotros ni para nuestras familias.<\/p>\n\n\n\n<div class=\"wp-block-image\"><figure class=\"aligncenter size-large\"><img loading=\"lazy\" width=\"742\" height=\"960\" src=\"http:\/\/visionpeninsular.com\/mid\/wp-content\/uploads\/2020\/04\/RESTRICCION-FEDERAL-1-1.jpg\" alt=\"\" class=\"wp-image-122804\" srcset=\"https:\/\/visionpeninsular.com\/mid\/wp-content\/uploads\/2020\/04\/RESTRICCION-FEDERAL-1-1.jpg 742w, https:\/\/visionpeninsular.com\/mid\/wp-content\/uploads\/2020\/04\/RESTRICCION-FEDERAL-1-1-232x300.jpg 232w\" sizes=\"(max-width: 742px) 100vw, 742px\" \/><\/figure><\/div>\n\n\n\n<p>El hecho de practicar deportes acu\u00e1ticos, navegar en veleros, hobiecats o hacer fiestas y ba\u00f1arse en el mar de manera grupal, cuando familias enteras llevan semanas en sus hogares cuid\u00e1ndose y tomando precauciones ante la pandemia, no solamente demuestra indolencia frente a las circunstancias actuales; sino tambi\u00e9n un alto grado de irresponsabilidad. Con esto quiero decirles, que no es posible legalmente impedir el libre tr\u00e1nsito por carreteras, puentes, y zonas de jurisdicci\u00f3n federal atendiendo a la solicitud hecha por la Secretar\u00eda de Gobernaci\u00f3n del Gobierno de M\u00e9xico. No obstante, he girado instrucciones precisas a la Direcci\u00f3n de Seguridad P\u00fablica y Tr\u00e1nsito Municipal, a fin de que se incrementen patrullajes en toda la zona de playas de las comisar\u00edas de Chicxulub; Chelem y Chuburn\u00e1 Puerto en donde se requerir\u00e1 a cualquier persona que viole las medidas de sana distancia a qu\u00e9 retorne a su domicilio de manera inmediata, aplicando las medidas administrativas conducentes en caso de no atender al llamado de las autoridades.<\/p>\n\n\n\n<p>Aprovecho para comunicar que he solicitado el decomiso de cualquier veh\u00edculo motorizado marino o terrestre que sea detectado siendo utilizado de modo recreativo en nuestras costas.<\/p>\n\n\n\n<figure class=\"wp-block-image size-large\"><img loading=\"lazy\" width=\"800\" height=\"600\" src=\"http:\/\/visionpeninsular.com\/mid\/wp-content\/uploads\/2020\/04\/Lanchas-ssp-1-2.jpg\" alt=\"\" class=\"wp-image-122807\" srcset=\"https:\/\/visionpeninsular.com\/mid\/wp-content\/uploads\/2020\/04\/Lanchas-ssp-1-2.jpg 800w, https:\/\/visionpeninsular.com\/mid\/wp-content\/uploads\/2020\/04\/Lanchas-ssp-1-2-300x225.jpg 300w, https:\/\/visionpeninsular.com\/mid\/wp-content\/uploads\/2020\/04\/Lanchas-ssp-1-2-768x576.jpg 768w\" sizes=\"(max-width: 800px) 100vw, 800px\" \/><\/figure>\n\n\n\n<p>A nuestros ciudadanos progrese\u00f1os, les pido: perm\u00edtanme trabajar con orden, no arriesguen su salud y su integridad montando filtros y obstaculizando caminos, dejemos que la autoridad cumpla con sus obligaciones. <\/p>\n\n\n\n<figure class=\"wp-block-image size-large\"><img loading=\"lazy\" width=\"960\" height=\"732\" src=\"http:\/\/visionpeninsular.com\/mid\/wp-content\/uploads\/2020\/04\/JULIAN-ZACARIAS-Y-LONAS.jpg\" alt=\"\" class=\"wp-image-122811\" srcset=\"https:\/\/visionpeninsular.com\/mid\/wp-content\/uploads\/2020\/04\/JULIAN-ZACARIAS-Y-LONAS.jpg 960w, https:\/\/visionpeninsular.com\/mid\/wp-content\/uploads\/2020\/04\/JULIAN-ZACARIAS-Y-LONAS-300x229.jpg 300w, https:\/\/visionpeninsular.com\/mid\/wp-content\/uploads\/2020\/04\/JULIAN-ZACARIAS-Y-LONAS-768x586.jpg 768w\" sizes=\"(max-width: 960px) 100vw, 960px\" \/><\/figure>\n\n\n\n<p>Es momento de solidarizarse y entender de una vez por toda que no son vacaciones. Por ti; por mi, por todos.<\/p>\n<div class='share-to-whatsapp-wrapper'><div class='share-on-whsp'>Share on: <\/div><a data-text='Alcalde de Progreso Exhorta a Respetar La Emergencia Sanitaria por COVID19' data-link='https:\/\/visionpeninsular.com\/mid\/alcalde-de-progreso-exhorta-a-respetar-la-emergencia-sanitaria-por-covid19\/' class='whatsapp-button whatsapp-share'>WhatsApp<\/a><div class='clear '><\/div><\/div>","protected":false},"excerpt":{"rendered":"<p>Amigas y amigos progrese\u00f1os: C\u00f3mo todos ustedes saben, estamos viviendo tiempos in\u00e9ditos por causa de la emergencia sanitaria derivada de la propagaci\u00f3n del Coronavirus #COVID19. Esta situaci\u00f3n no es exclusiva de nosotros, afecta gravemente la salud y la econom\u00eda de millones de personas alrededor del mundo. Sin embargo; desde lo local podemos hacer el cambio, &hellip;<\/p>\n","protected":false},"author":10,"featured_media":122810,"comment_status":"open","ping_status":"open","sticky":false,"template":"","format":"standard","meta":{"_mi_skip_tracking":false},"categories":[49,37],"tags":[20565],"_links":{"self":[{"href":"https:\/\/visionpeninsular.com\/mid\/wp-json\/wp\/v2\/posts\/122799"}],"collection":[{"href":"https:\/\/visionpeninsular.com\/mid\/wp-json\/wp\/v2\/posts"}],"about":[{"href":"https:\/\/visionpeninsular.com\/mid\/wp-json\/wp\/v2\/types\/post"}],"author":[{"embeddable":true,"href":"https:\/\/visionpeninsular.com\/mid\/wp-json\/wp\/v2\/users\/10"}],"replies":[{"embeddable":true,"href":"https:\/\/visionpeninsular.com\/mid\/wp-json\/wp\/v2\/comments?post=122799"}],"version-history":[{"count":1,"href":"https:\/\/visionpeninsular.com\/mid\/wp-json\/wp\/v2\/posts\/122799\/revisions"}],"predecessor-version":[{"id":122812,"href":"https:\/\/visionpeninsular.com\/mid\/wp-json\/wp\/v2\/posts\/122799\/revisions\/122812"}],"wp:featuredmedia":[{"embeddable":true,"href":"https:\/\/visionpeninsular.com\/mid\/wp-json\/wp\/v2\/media\/122810"}],"wp:attachment":[{"href":"https:\/\/visionpeninsular.com\/mid\/wp-json\/wp\/v2\/media?parent=122799"}],"wp:term":[{"taxonomy":"category","embeddable":true,"href":"https:\/\/visionpeninsular.com\/mid\/wp-json\/wp\/v2\/categories?post=122799"},{"taxonomy":"post_tag","embeddable":true,"href":"https:\/\/visionpeninsular.com\/mid\/wp-json\/wp\/v2\/tags?post=122799"}],"curies":[{"name":"wp","href":"https:\/\/api.w.org\/{rel}","templated":true}]}}