{"id":122704,"date":"2020-04-11T12:15:50","date_gmt":"2020-04-11T17:15:50","guid":{"rendered":"http:\/\/visionpeninsular.com\/mid\/?p=122704"},"modified":"2020-04-11T12:16:00","modified_gmt":"2020-04-11T17:16:00","slug":"feminicida-de-fraccionamiento-del-arco-inimputable","status":"publish","type":"post","link":"https:\/\/visionpeninsular.com\/mid\/feminicida-de-fraccionamiento-del-arco-inimputable\/","title":{"rendered":"Feminicida de Fraccionamiento Del Arco, inimputable"},"content":{"rendered":"\n<p>Especialistas del &nbsp;Hospital Psiqui\u00e1trico Yucat\u00e1n confirmaron &nbsp;que el sujeto acusado de asesinar a su abuela y a su madre en una casa del fraccionamiento Del Arco, al norte de M\u00e9rida, s\u00ed tiene un trastorno mental irreversible, dos meses despu\u00e9s que el juez Antonio Bonilla Casta\u00f1eda, enviara a Sergio \u201cN\u201d a dicho hospital paa determinar si puede ser sujeto a proceso legal, de modo que el pr\u00f3ximo lunes se llevar\u00e1 a cabo la audiencia para declararlo inimputable.<\/p>\n\n\n\n<p>La resoluci\u00f3n de los especialistas confirm\u00f3 que Sergio \u201cN\u201d tiene un trastorno mental irreversible, lo que le impide tener conciencia de la realidad y de sus acciones, por lo que no puede ser sujeto a proceso penal.<\/p>\n\n\n\n<p>El juez Antonio Bonilla Casta\u00f1eda fij\u00f3 para el pr\u00f3ximo lunes 13 la celebraci\u00f3n de una audiencia en la que declarar\u00e1 inimputable a Sergio y lo m\u00e1s probable es que lo remita nuevamente al Hospital Psiqui\u00e1trico para que est\u00e9 bajo tratamiento.<\/p>\n\n\n\n<p>Mientras tanto, la Fiscal\u00eda General del Estado lleva a cabo la integraci\u00f3n de la capeta de investigaci\u00f3n por los homicidios de su madre y su abuela.<\/p>\n\n\n\n<p>En la &nbsp;audiencia de presentaci\u00f3n, el juez de control calific\u00f3 de legal el arresto de este individuo y los fiscales le imputaron el delito de portaci\u00f3n de armas y amenazas contra servidor p\u00fablico.<\/p>\n\n\n\n<p>El asesinato de G. \u201cN\u201d, de 62 a\u00f1os de edad, y de su madre A. \u201cN\u201d, de 88 a\u00f1os de edad, madre y abuela del acusado, ocurri\u00f3 el pasado mes de febrero; de acuerdo con las autoridades la causa de la muerte de las dos mujeres fue asfixia mec\u00e1nica por estrangulamiento.<\/p>\n\n\n\n<p>La detenci\u00f3n de Sergio se dio gracias a que al revisar las c\u00e1maras de vigilancia de casas aleda\u00f1as del lugar del crimen se pudo observar el momento en que sal\u00eda el acusado de la vivienda, esto, horas antes de que se reportar\u00e1 el hallazgo de los cuerpos.<\/p>\n<div class='share-to-whatsapp-wrapper'><div class='share-on-whsp'>Share on: <\/div><a data-text='Feminicida de Fraccionamiento Del Arco, inimputable' data-link='https:\/\/visionpeninsular.com\/mid\/feminicida-de-fraccionamiento-del-arco-inimputable\/' class='whatsapp-button whatsapp-share'>WhatsApp<\/a><div class='clear '><\/div><\/div>","protected":false},"excerpt":{"rendered":"<p>Especialistas del &nbsp;Hospital Psiqui\u00e1trico Yucat\u00e1n confirmaron &nbsp;que el sujeto acusado de asesinar a su abuela y a su madre en una casa del fraccionamiento Del Arco, al norte de M\u00e9rida, s\u00ed tiene un trastorno mental irreversible, dos meses despu\u00e9s que el juez Antonio Bonilla Casta\u00f1eda, enviara a Sergio \u201cN\u201d a dicho hospital paa determinar si &hellip;<\/p>\n","protected":false},"author":5,"featured_media":122706,"comment_status":"open","ping_status":"open","sticky":false,"template":"","format":"standard","meta":{"_mi_skip_tracking":false},"categories":[50,37],"tags":[19564,20555,20554],"_links":{"self":[{"href":"https:\/\/visionpeninsular.com\/mid\/wp-json\/wp\/v2\/posts\/122704"}],"collection":[{"href":"https:\/\/visionpeninsular.com\/mid\/wp-json\/wp\/v2\/posts"}],"about":[{"href":"https:\/\/visionpeninsular.com\/mid\/wp-json\/wp\/v2\/types\/post"}],"author":[{"embeddable":true,"href":"https:\/\/visionpeninsular.com\/mid\/wp-json\/wp\/v2\/users\/5"}],"replies":[{"embeddable":true,"href":"https:\/\/visionpeninsular.com\/mid\/wp-json\/wp\/v2\/comments?post=122704"}],"version-history":[{"count":1,"href":"https:\/\/visionpeninsular.com\/mid\/wp-json\/wp\/v2\/posts\/122704\/revisions"}],"predecessor-version":[{"id":122707,"href":"https:\/\/visionpeninsular.com\/mid\/wp-json\/wp\/v2\/posts\/122704\/revisions\/122707"}],"wp:featuredmedia":[{"embeddable":true,"href":"https:\/\/visionpeninsular.com\/mid\/wp-json\/wp\/v2\/media\/122706"}],"wp:attachment":[{"href":"https:\/\/visionpeninsular.com\/mid\/wp-json\/wp\/v2\/media?parent=122704"}],"wp:term":[{"taxonomy":"category","embeddable":true,"href":"https:\/\/visionpeninsular.com\/mid\/wp-json\/wp\/v2\/categories?post=122704"},{"taxonomy":"post_tag","embeddable":true,"href":"https:\/\/visionpeninsular.com\/mid\/wp-json\/wp\/v2\/tags?post=122704"}],"curies":[{"name":"wp","href":"https:\/\/api.w.org\/{rel}","templated":true}]}}