{"id":122499,"date":"2020-04-09T12:52:32","date_gmt":"2020-04-09T17:52:32","guid":{"rendered":"http:\/\/visionpeninsular.com\/mid\/?p=122499"},"modified":"2020-04-09T12:52:42","modified_gmt":"2020-04-09T17:52:42","slug":"postura-del-cce-ante-contingencia-por-covid-19","status":"publish","type":"post","link":"https:\/\/visionpeninsular.com\/mid\/postura-del-cce-ante-contingencia-por-covid-19\/","title":{"rendered":"Postura del CCE Ante Contingencia por COVID-19"},"content":{"rendered":"\n<p>El Consejo Coordinador Empresarial (CCE) y el sector laboral de Yucat\u00e1n pedimos acciones y solidaridad del gobierno federal encabezado por Andr\u00e9s Manuel L\u00f3pez Obrador, para hacer frente a la crisis econ\u00f3mica que se avecina por la pandemia del Covid-19, y evitar cierre de empresas y p\u00e9rdida de empleos que pueden llevar al pa\u00eds a una severa crisis econ\u00f3mica y social.<\/p>\n\n\n\n<p>El pasado 5 de abril, el Presidente de la Rep\u00fablica anunci\u00f3 una serie de medidas en las que no incluy\u00f3 apoyos para el sector empresarial, el cual genera empleos y recursos econ\u00f3micos al pa\u00eds v\u00eda impuestos para los presupuestos gubernamentales.<\/p>\n\n\n\n<p>Aclaramos, no pedimos que a las empresas se les regale nada, sino que les difieran los impuestos y las cargas patronales.<\/p>\n\n\n\n<p>Dejar solas a las empresas en esta emergencia solo llevar\u00e1 a la necesidad de cerrar negocios y despedir personal, situaci\u00f3n que ocasionar\u00e1 otro tipo de problemas sociales en M\u00e9xico y en Yucat\u00e1n.<\/p>\n\n\n\n<p>Iniciativa privada, sector laboral y gobierno somos corresponsables, pagamos impuestos y servicios, recursos que se utilizan en los diferentes programas que impulsan el desarrollo del pa\u00eds.<\/p>\n\n\n\n<p>Las empresas aportan el valor agregado a la econom\u00eda nacional, con sus actividades crean bienestar para miles de familias mexicanas, al sostener una n\u00f3mina constante y cumplir con las contribuciones que ayudan a que nuestro pa\u00eds siga en la ruta del crecimiento y desarrollo.<\/p>\n\n\n\n<p>Sin embargo, lamentamos que el gobierno federal privilegie \u00fanicamente la entrega de recursos a trav\u00e9s de programas sociales, que recompense la informalidad y el comercio ilegal, y que no es solidario con quienes generan el bienestar y pagan impuestos.<\/p>\n\n\n\n<p>Los empresarios y los trabajadores no estamos en contra de la implementaci\u00f3n de los programas sociales, pero consideramos que no se debe dejar a un lado el apoyo e impulso a las empresas y su planta laboral.<\/p>\n\n\n\n<div class=\"wp-block-image\"><figure class=\"aligncenter size-large\"><img loading=\"lazy\" width=\"1280\" height=\"853\" src=\"https:\/\/i0.wp.com\/visionpeninsular.com\/mid\/wp-content\/uploads\/2020\/04\/CANACO-MERIDA_MICHEL-SALUM-FRANCIS-2.jpeg?fit=618%2C412\" alt=\"\" class=\"wp-image-122502\" srcset=\"https:\/\/visionpeninsular.com\/mid\/wp-content\/uploads\/2020\/04\/CANACO-MERIDA_MICHEL-SALUM-FRANCIS-2.jpeg 1280w, https:\/\/visionpeninsular.com\/mid\/wp-content\/uploads\/2020\/04\/CANACO-MERIDA_MICHEL-SALUM-FRANCIS-2-300x200.jpeg 300w, https:\/\/visionpeninsular.com\/mid\/wp-content\/uploads\/2020\/04\/CANACO-MERIDA_MICHEL-SALUM-FRANCIS-2-1024x682.jpeg 1024w, https:\/\/visionpeninsular.com\/mid\/wp-content\/uploads\/2020\/04\/CANACO-MERIDA_MICHEL-SALUM-FRANCIS-2-768x512.jpeg 768w\" sizes=\"(max-width: 1280px) 100vw, 1280px\" \/><\/figure><\/div>\n\n\n\n<p>Desde el inicio de la contingencia, hoy emergencia sanitaria, el sector privado pidi\u00f3 al gobierno federal que otorgue una pr\u00f3rroga en el pago de los impuestos, y facilite la obtenci\u00f3n de cr\u00e9ditos blandos para enfrentar la inactividad empresarial y comercial que se vive en el pa\u00eds, y la falta de respuesta ha ocasionado el cierre de muchos negocios en Yucat\u00e1n.<\/p>\n\n\n\n<p>Esta situaci\u00f3n afecta dr\u00e1sticamente a las micro, peque\u00f1as y medianas empresas y a sus colaboradores, quienes al no tener el respaldo econ\u00f3mico suficiente, se han visto en graves dificultades para poder sostenerse inactivas, sin ingresos y pagando compromisos adquiridos con anterioridad y una n\u00f3mina.<\/p>\n\n\n\n<p>Los empresarios yucatecos est\u00e1n haciendo un gran esfuerzo por mantener su planta laboral, pero sin productividad, ni ventas, no podr\u00e1n seguir aguantando y de continuar esta situaci\u00f3n por m\u00e1s tiempo se llegar\u00e1 a lo inevitable, prescindir del trabajo de miles de personas.<\/p>\n\n\n\n<p>No podemos concebir que el gobierno federal ignore a los generadores de las plazas laborales y en especial a las MiPyMes, que a nivel nacional representan el 92 por ciento de las unidades econ\u00f3micas de producci\u00f3n y m\u00e1s del 80 por ciento de los empleos.<\/p>\n\n\n\n<p>Desde marzo se registran en las empresas graves da\u00f1os, principalmente en el sector turismo, quienes han sido los primeros en ser afectados y posiblemente los \u00faltimos en recuperarse.<\/p>\n\n\n\n<p>Los empresarios y las organizaciones laborales, estamos trabajando y hemos hecho el compromiso de aguantar y hacer cada quien su parte, entendiendo que la responsabilidad de mantener los empleos no es solo de los empresarios, sino en gran parte de las condiciones que ofrezca el gobierno federal, como tener acceso a cr\u00e9ditos preferenciales a trav\u00e9s de Nafin u otras instituciones bancarias, entre otros apoyos.<\/p>\n\n\n\n<p>Quienes suscribimos el presente documento, seguiremos pugnando para q el pa\u00eds y nuestro estado se desarrollen, por lo que pensar en cerrar negocios o empresas que tienen atr\u00e1s esfuerzo, dedicaci\u00f3n y sacrificio de empresarios y colaboradores, no es lo que queremos, y de llegar a esa situaci\u00f3n, reflejar\u00e1 que la econom\u00eda no est\u00e1 bien y ser\u00e1 un term\u00f3metro negativo para futuras inversiones.<\/p>\n\n\n\n<p>Exhortamos a la sociedad yucateca a mantener la unidad y el optimismo para salir adelante.<\/p>\n<div class='share-to-whatsapp-wrapper'><div class='share-on-whsp'>Share on: <\/div><a data-text='Postura del CCE Ante Contingencia por COVID-19' data-link='https:\/\/visionpeninsular.com\/mid\/postura-del-cce-ante-contingencia-por-covid-19\/' class='whatsapp-button whatsapp-share'>WhatsApp<\/a><div class='clear '><\/div><\/div>","protected":false},"excerpt":{"rendered":"<p>El Consejo Coordinador Empresarial (CCE) y el sector laboral de Yucat\u00e1n pedimos acciones y solidaridad del gobierno federal encabezado por Andr\u00e9s Manuel L\u00f3pez Obrador, para hacer frente a la crisis econ\u00f3mica que se avecina por la pandemia del Covid-19, y evitar cierre de empresas y p\u00e9rdida de empleos que pueden llevar al pa\u00eds a una &hellip;<\/p>\n","protected":false},"author":10,"featured_media":122503,"comment_status":"open","ping_status":"open","sticky":false,"template":"","format":"standard","meta":{"_mi_skip_tracking":false},"categories":[49,37],"tags":[6913],"_links":{"self":[{"href":"https:\/\/visionpeninsular.com\/mid\/wp-json\/wp\/v2\/posts\/122499"}],"collection":[{"href":"https:\/\/visionpeninsular.com\/mid\/wp-json\/wp\/v2\/posts"}],"about":[{"href":"https:\/\/visionpeninsular.com\/mid\/wp-json\/wp\/v2\/types\/post"}],"author":[{"embeddable":true,"href":"https:\/\/visionpeninsular.com\/mid\/wp-json\/wp\/v2\/users\/10"}],"replies":[{"embeddable":true,"href":"https:\/\/visionpeninsular.com\/mid\/wp-json\/wp\/v2\/comments?post=122499"}],"version-history":[{"count":1,"href":"https:\/\/visionpeninsular.com\/mid\/wp-json\/wp\/v2\/posts\/122499\/revisions"}],"predecessor-version":[{"id":122504,"href":"https:\/\/visionpeninsular.com\/mid\/wp-json\/wp\/v2\/posts\/122499\/revisions\/122504"}],"wp:featuredmedia":[{"embeddable":true,"href":"https:\/\/visionpeninsular.com\/mid\/wp-json\/wp\/v2\/media\/122503"}],"wp:attachment":[{"href":"https:\/\/visionpeninsular.com\/mid\/wp-json\/wp\/v2\/media?parent=122499"}],"wp:term":[{"taxonomy":"category","embeddable":true,"href":"https:\/\/visionpeninsular.com\/mid\/wp-json\/wp\/v2\/categories?post=122499"},{"taxonomy":"post_tag","embeddable":true,"href":"https:\/\/visionpeninsular.com\/mid\/wp-json\/wp\/v2\/tags?post=122499"}],"curies":[{"name":"wp","href":"https:\/\/api.w.org\/{rel}","templated":true}]}}