{"id":122235,"date":"2020-04-06T15:11:08","date_gmt":"2020-04-06T20:11:08","guid":{"rendered":"http:\/\/visionpeninsular.com\/mid\/?p=122235"},"modified":"2020-04-06T15:13:32","modified_gmt":"2020-04-06T20:13:32","slug":"gobierno-federal-no-le-da-importancia-a-la-crisis-economica-que-se-avecina-por-covid-19-canaco-merida","status":"publish","type":"post","link":"https:\/\/visionpeninsular.com\/mid\/gobierno-federal-no-le-da-importancia-a-la-crisis-economica-que-se-avecina-por-covid-19-canaco-merida\/","title":{"rendered":"Gobierno federal no le da importancia a la crisis econ\u00f3mica que se avecina por Covid-19: Canaco M\u00e9rida."},"content":{"rendered":"\n<p>&#8211;<strong>Debe considerar promover estrategias que ayuden a que las compa\u00f1\u00edas puedan seguir manteniendo su planta laboral aun con la inactividad.<\/strong><\/p>\n\n\n\n<p>&#8211;<strong>Las plazas laborales ayudar\u00e1n a que la productividad se reactive de manera pronta y no se tenga una recesi\u00f3n de mayor tiempo.<\/strong><\/p>\n\n\n\n<p><strong>M\u00e9rida, Yucat\u00e1n, 6 de abril de 2020.-<\/strong>&nbsp;La C\u00e1mara Nacional de Comercio, Servicios y Turismo (Canaco Servytur) de M\u00e9rida lamenta la falta de importancia que tiene para el presidente de&nbsp;la Rep\u00fablica Andr\u00e9s Manuel L\u00f3pez Obrador la crisis econ\u00f3mica nacional que se avecina como consecuencia del Covid-19, que tiene detenida la actividad industrial y comercial en el estado y el pa\u00eds.<\/p>\n\n\n\n<p>El presidente de la Canaco M\u00e9rida, Michel Salum Francis, indic\u00f3 que los apoyos sociales para los grupos vulnerables son esenciales para evitar que ese sector tenga dificultades ante la falta de productividad de las empresas, el&nbsp;gobierno debe promover estrategias que ayuden a que las compa\u00f1\u00edas puedan seguir manteniendo su planta laboral aun con la inactividad.<\/p>\n\n\n\n<p>Como sector empresarial, se\u00f1al\u00f3, esper\u00e1bamos que el gobierno federal tomara en cuenta nuestras opiniones, que diera facilidades para cumplir con las declaraciones y pagos de los impuestos, pues ello nos ayudar\u00eda a solventar la&nbsp;n\u00f3mina de las empresas sin despedir a trabajadores, petici\u00f3n que apoyamos y que fue sugerencia del propio presidente de la rep\u00fablica.<\/p>\n\n\n\n<p>Sin embargo, este domingo solo vimos un peque\u00f1o informe de actividades del primer trimestre, que es bueno para que la sociedad conozca qu\u00e9 se hace y c\u00f3mo se gasta el recurso p\u00fablico, consideramos que no era el momento preciso&nbsp;para ello, porque hay temas m\u00e1s importantes que tratar y solucionar como es la salud, por el Covid-19 y el econ\u00f3mico, por la falta de productividad de las empresas.<\/p>\n\n\n\n<p>Michel Salum subray\u00f3 que contrario a propuestas que ayuden a generar productividad en el pa\u00eds, L\u00f3pez Obrador anunci\u00f3 paliativos, como obras de infraestructuras que solo dar\u00e1n empleos temporales y que luego no generara productividad&nbsp;en las empresas ni en el pa\u00eds.<\/p>\n\n\n\n<p>\u201cLos empresarios no pedimos que se exenten los impuestos, sino una pr\u00f3rroga para poder cumplir con la solicitud del propio gobierno, no despedir trabajadores, y as\u00ed mantener plazas laborales que ayudar\u00e1n, una vez superada la contingencia,&nbsp;a que la productividad se reactive de manera pronta y no se tenga una recesi\u00f3n de mayor tiempo,\u201d asever\u00f3.<\/p>\n\n\n\n<div class=\"wp-block-image\"><figure class=\"aligncenter size-large\"><img loading=\"lazy\" width=\"474\" height=\"288\" src=\"http:\/\/visionpeninsular.com\/mid\/wp-content\/uploads\/2020\/04\/amlo-cara-en-ma\u00f1anera-2.jpg\" alt=\"\" class=\"wp-image-122242\" srcset=\"https:\/\/visionpeninsular.com\/mid\/wp-content\/uploads\/2020\/04\/amlo-cara-en-ma\u00f1anera-2.jpg 474w, https:\/\/visionpeninsular.com\/mid\/wp-content\/uploads\/2020\/04\/amlo-cara-en-ma\u00f1anera-2-300x182.jpg 300w\" sizes=\"(max-width: 474px) 100vw, 474px\" \/><\/figure><\/div>\n\n\n\n<p>Las empresas generan las fuentes de empleos y aportan, v\u00eda impuestos, los presupuestos que se destinan para acciones gubernamentales, y el hecho de no tomarnos en cuenta solo nos dice que la actual administraci\u00f3n tiene como prioridad&nbsp;solucionar los problemas a trav\u00e9s de apoyos sociales sin tomar en cuenta la productividad.<\/p>\n\n\n\n<p>Michel Salum advirti\u00f3 que de no presentar un plan de apoyo para el sector productivo, las primeras afectadas ser\u00e1n las micros, peque\u00f1as y medianas empresas, que representan el 98 por ciento de las unidades de producci\u00f3n del pa\u00eds,&nbsp;generando el 80 por ciento de los empleos formales de M\u00e9xico.<\/p>\n<div class='share-to-whatsapp-wrapper'><div class='share-on-whsp'>Share on: <\/div><a data-text='Gobierno federal no le da importancia a la crisis econ\u00f3mica que se avecina por Covid-19: Canaco M\u00e9rida.' data-link='https:\/\/visionpeninsular.com\/mid\/gobierno-federal-no-le-da-importancia-a-la-crisis-economica-que-se-avecina-por-covid-19-canaco-merida\/' class='whatsapp-button whatsapp-share'>WhatsApp<\/a><div class='clear '><\/div><\/div>","protected":false},"excerpt":{"rendered":"<p>&#8211;Debe considerar promover estrategias que ayuden a que las compa\u00f1\u00edas puedan seguir manteniendo su planta laboral aun con la inactividad. &#8211;Las plazas laborales ayudar\u00e1n a que la productividad se reactive de manera pronta y no se tenga una recesi\u00f3n de mayor tiempo. M\u00e9rida, Yucat\u00e1n, 6 de abril de 2020.-&nbsp;La C\u00e1mara Nacional de Comercio, Servicios y &hellip;<\/p>\n","protected":false},"author":10,"featured_media":122239,"comment_status":"open","ping_status":"open","sticky":false,"template":"","format":"standard","meta":{"_mi_skip_tracking":false},"categories":[49],"tags":[],"_links":{"self":[{"href":"https:\/\/visionpeninsular.com\/mid\/wp-json\/wp\/v2\/posts\/122235"}],"collection":[{"href":"https:\/\/visionpeninsular.com\/mid\/wp-json\/wp\/v2\/posts"}],"about":[{"href":"https:\/\/visionpeninsular.com\/mid\/wp-json\/wp\/v2\/types\/post"}],"author":[{"embeddable":true,"href":"https:\/\/visionpeninsular.com\/mid\/wp-json\/wp\/v2\/users\/10"}],"replies":[{"embeddable":true,"href":"https:\/\/visionpeninsular.com\/mid\/wp-json\/wp\/v2\/comments?post=122235"}],"version-history":[{"count":2,"href":"https:\/\/visionpeninsular.com\/mid\/wp-json\/wp\/v2\/posts\/122235\/revisions"}],"predecessor-version":[{"id":122244,"href":"https:\/\/visionpeninsular.com\/mid\/wp-json\/wp\/v2\/posts\/122235\/revisions\/122244"}],"wp:featuredmedia":[{"embeddable":true,"href":"https:\/\/visionpeninsular.com\/mid\/wp-json\/wp\/v2\/media\/122239"}],"wp:attachment":[{"href":"https:\/\/visionpeninsular.com\/mid\/wp-json\/wp\/v2\/media?parent=122235"}],"wp:term":[{"taxonomy":"category","embeddable":true,"href":"https:\/\/visionpeninsular.com\/mid\/wp-json\/wp\/v2\/categories?post=122235"},{"taxonomy":"post_tag","embeddable":true,"href":"https:\/\/visionpeninsular.com\/mid\/wp-json\/wp\/v2\/tags?post=122235"}],"curies":[{"name":"wp","href":"https:\/\/api.w.org\/{rel}","templated":true}]}}