{"id":122083,"date":"2020-04-04T18:31:38","date_gmt":"2020-04-05T00:31:38","guid":{"rendered":"http:\/\/visionpeninsular.com\/mid\/?p=122083"},"modified":"2020-04-04T18:31:48","modified_gmt":"2020-04-05T00:31:48","slug":"28-intelectuales-piden-a-amlo-en-carta-abierta-un-acuerdo-para-superar-la-crisis","status":"publish","type":"post","link":"https:\/\/visionpeninsular.com\/mid\/28-intelectuales-piden-a-amlo-en-carta-abierta-un-acuerdo-para-superar-la-crisis\/","title":{"rendered":"28 intelectuales piden a AMLO en carta abierta un acuerdo para superar la crisis"},"content":{"rendered":"\n<p>Cuauht\u00e9moc C\u00e1rdenas, Rolando Cordera, y 26 m\u00e1s piden a AMLO en carta abierta un acuerdo nacional para superar crisis<\/p>\n\n\n\n<p>Fuente: INFOBAE<\/p>\n\n\n\n<p>El grupo de 28 firmantes afirma que se requiere un replanteamiento profundo de las metas y par\u00e1metros del programa econ\u00f3mico 2020 formulado hasta este momento<\/p>\n\n\n\n<p>4 de abril de 2020<\/p>\n\n\n\n<p>luye a Cuauht\u00e9moc C\u00e1rdenas Sol\u00f3rzano, l\u00edder moral de la izquierda, signaron una carta dirigida al presidente Andr\u00e9s Manuel L\u00f3pez Obrador, indicando que la crisis sanitaria amenaza en primera instancia la salud de todos los mexicanos pero tambi\u00e9n tiene el poder de afectar negativamente la econom\u00eda de millones.<\/p>\n\n\n\n<p>Economistas y expertos afirman que la pandemia por el coronavirus est\u00e1 provocando una emergencia nacional y poniendo en riesgo \u201cla viabilidad de cientos de miles de empresas\u201d, lo cual afectar\u00eda a trabajadores y sus familias ocasionando una crisis mayor a la de 2008-2009.<\/p>\n\n\n\n<p>La carta, que fue publicada en distintos medios y en redes sociales destaca que \u201cM\u00e9xico enfrenta hoy un reto formidable, impuesto por una contingencia que nadie preve\u00eda o pod\u00eda imaginarse hasta hace solo tres meses, pero cuyos efectos est\u00e1n siendo ya terriblemente costosos para millones de seres humanos\u201d.<\/p>\n\n\n\n<p>Adem\u00e1s, se asegura que con los indicadores econ\u00f3micos recientes es \u201cindudable\u201d que habr\u00e1 una fuerte recesi\u00f3n mundial m\u00e1s profunda que la experimentada durante la crisis financiera de 2008-2009. \u201cPr\u00e1cticamente todos los pa\u00edses del mundo han implementado medidas urgentes para evitar lo que, en ausencia de ellas, podr\u00eda ser una depresi\u00f3n econ\u00f3mica y una agudizaci\u00f3n de la pobreza no vistas en M\u00e9xico en muchas d\u00e9cadas\u201d, advirtieron.<\/p>\n\n\n\n<figure class=\"wp-block-image size-large\"><img loading=\"lazy\" width=\"750\" height=\"500\" src=\"http:\/\/visionpeninsular.com\/mid\/wp-content\/uploads\/2020\/04\/WhatsApp-Image-2020-04-04-at-6.09.11-PM.jpeg\" alt=\"\" class=\"wp-image-122088\" srcset=\"https:\/\/visionpeninsular.com\/mid\/wp-content\/uploads\/2020\/04\/WhatsApp-Image-2020-04-04-at-6.09.11-PM.jpeg 750w, https:\/\/visionpeninsular.com\/mid\/wp-content\/uploads\/2020\/04\/WhatsApp-Image-2020-04-04-at-6.09.11-PM-300x200.jpeg 300w\" sizes=\"(max-width: 750px) 100vw, 750px\" \/><\/figure>\n\n\n\n<p>M\u00e9xico ha reportado mil 688 contagios y 60 muertos hasta el tercer d\u00eda del mes de abril (Foto: Reuters\/Carlos Jasso)<\/p>\n\n\n\n<p>M\u00e9xico ha reportado mil 688 contagios y 60 muertos hasta el tercer d\u00eda del mes de abril (Foto: Reuters\/Carlos Jasso)<\/p>\n\n\n\n<p>Los 28 firmantes recomiendan la vitalidad de actuar con rapidez y contundencia en los planos sanitarios y econ\u00f3micos. Tambi\u00e9n aseguran que la \u00fanica manera en la que el Gobierno de M\u00e9xico podr\u00e1 poner en marcha una respuesta \u201ca la altura del reto que enfrentamos\u201d es si se hace un replanteamiento profundo de las metas y par\u00e1metros del programa econ\u00f3mico 2020 formulado hasta este momento. \u201cTiempos in\u00e9ditos requieren medidas in\u00e9ditas\u201d, afirmaron.<\/p>\n\n\n\n<p>Aseguraron que es indispensable que el presidente de M\u00e9xico convoque a los principales actores econ\u00f3micos y sociales \u201cpara construir un acuerdo nacional para superar la crisis, y establecer las bases para una nueva etapa de crecimiento y prosperidad\u201d.<\/p>\n\n\n\n<p>Entre el grupo de firmantes, quienes exigen a L\u00f3pez Obrador un plan econ\u00f3mico emergente ante la crisis por COVID-19, se encuentran l\u00edderes de la izquierda, ex funcionarios, acad\u00e9micos, economistas, salinistas, e intelectuales:<\/p>\n\n\n\n<p>Patricia Armend\u00e1riz, empresaria y la ex vicepresidenta de la Comisi\u00f3n Nacional Bancaria (CNB); \u00c1ngel Calder\u00f3n, economista y profesor investigador de El Colegio de M\u00e9xico; Cuauht\u00e9moc C\u00e1rdenas, pol\u00edtico de izquierda; Jos\u00e9 Casar, investigador del Programa Universitario de Estudios del Desarrollo (PUED) de la UNAM; Diego Casta\u00f1eda, economista; Rolando Cordera, economista y coordinador del PUED de la UNAM; Luis de la Calle, economista y ex subsecretario de Negociaciones Comerciales Internacionales de la Secretar\u00eda de Econom\u00eda de M\u00e9xico; Roberto Escalante, Secretario General de la Uni\u00f3n de Universidades de Am\u00e9rica Latina y el Caribe; Sa\u00fal Escobar Toledo, profesor investigador en Instituto Nacional de Antropolog\u00eda e Historia (INAH); Mario Luis Fuentes, ex director general del Instituto Mexicano del Seguro Social (IMSS).<\/p>\n\n\n\n<figure class=\"wp-block-image size-large\"><img loading=\"lazy\" width=\"750\" height=\"933\" src=\"http:\/\/visionpeninsular.com\/mid\/wp-content\/uploads\/2020\/04\/WhatsApp-Image-2020-04-04-at-6.03.02-PM.jpeg\" alt=\"\" class=\"wp-image-122091\" srcset=\"https:\/\/visionpeninsular.com\/mid\/wp-content\/uploads\/2020\/04\/WhatsApp-Image-2020-04-04-at-6.03.02-PM.jpeg 750w, https:\/\/visionpeninsular.com\/mid\/wp-content\/uploads\/2020\/04\/WhatsApp-Image-2020-04-04-at-6.03.02-PM-241x300.jpeg 241w\" sizes=\"(max-width: 750px) 100vw, 750px\" \/><\/figure>\n\n\n\n<p>La carta abierta al presidente L\u00f3pez Obrador fue publicada el 3 de abril en redes sociales (Fuente: Twitter@eledece)<\/p>\n\n\n\n<p>Tambi\u00e9n se encuentran Bernardo Gonz\u00e1lez-Ar\u00e9chiga, rector institucional en la Universidad del Valle de M\u00e9xico; Carlos Heredia, economista y acad\u00e9mico del Centro de Investigaci\u00f3n y Docencia Econ\u00f3micas (CIDE); Fausto Hern\u00e1ndez, director de la Divisi\u00f3n de Econom\u00eda del CIDE y de El Trimestre Econ\u00f3mico del Fondo de Cultura Econ\u00f3mica; David Ibarra, economista y ex Secretario de Hacienda y Cr\u00e9dito P\u00fablico; Clara Jusidman, economista, investigadora, y presidente fundadora de INCIDE Social AC; Santiago Levy, ex subsecretario de la Secretar\u00eda de Hacienda y Cr\u00e9dito P\u00fablico de M\u00e9xico; Nora Lustig, co-fundadora y presidente de la Asociaci\u00f3n de Econom\u00eda de Am\u00e9rica Latina y el Caribe (LACEA).<\/p>\n\n\n\n<p>Otros firmantes son Israel Mac\u00edas, economista; Juan Carlos Moreno-Brid, ex director adjunto y coordinador del departamento de Investigaci\u00f3n de la Comisi\u00f3n Econ\u00f3mica para Am\u00e9rica Latina y el Caribe (Cepal); Federico Novelo, economista y profesor de la Universidad Aut\u00f3noma Metropolitana; Enrique Provencio, economista y presidente del Centro Interdisciplinario de Biodiversidad y Ambiente (CeIBA, A.C.); Norma Samaniego, ex Secretaria de Contralor\u00eda y Desarrollo Administrativo; John Scott, fil\u00f3sofo e investigador del CIDE; Horacio Sobarzo, economista e investigador del COLMEX; Francisco Su\u00e1rez D\u00e1vila, pol\u00edtico y diplom\u00e1tico; Carlos Tello, diplom\u00e1tico y ex Director General del Banco de M\u00e9xico; Diego V\u00e1zquez, gerente de investigaci\u00f3n de Oxfam M\u00e9xico, y Eduardo Vega, director de la Facultad de Econom\u00eda de la UNAM.<\/p>\n\n\n\n<p>El presidente de M\u00e9xico, Andr\u00e9s Manuel L\u00f3pez Obrador, dijo este jueves en su conferencia de prensa ser respetuoso de la autonom\u00eda del Banco de M\u00e9xico, pero recomend\u00f3 que \u201cojal\u00e1 no se apueste a querer estabilizar el peso, a querer detener la depreciaci\u00f3n del peso inyectando d\u00f3lares de nuestra reserva, porque se los va a tragar y no va a tener resultado, no va a funcionar, esas son las pr\u00e1cticas que antes no funcionaron\u201d.<\/p>\n\n\n\n<figure class=\"wp-block-image size-large\"><img loading=\"lazy\" width=\"750\" height=\"422\" src=\"http:\/\/visionpeninsular.com\/mid\/wp-content\/uploads\/2020\/04\/WhatsApp-Image-2020-04-04-at-6.09.39-PM.jpeg\" alt=\"\" class=\"wp-image-122095\" srcset=\"https:\/\/visionpeninsular.com\/mid\/wp-content\/uploads\/2020\/04\/WhatsApp-Image-2020-04-04-at-6.09.39-PM.jpeg 750w, https:\/\/visionpeninsular.com\/mid\/wp-content\/uploads\/2020\/04\/WhatsApp-Image-2020-04-04-at-6.09.39-PM-300x169.jpeg 300w\" sizes=\"(max-width: 750px) 100vw, 750px\" \/><\/figure>\n\n\n\n<p>El mandatario mexicano reiter\u00f3 que el pa\u00eds \u201csaldr\u00e1 adelante\u201d de la crisis provocada por el COVID-19 (Foto: Cortes\u00eda)<\/p>\n\n\n\n<p>El mandatario mexicano reiter\u00f3 que el pa\u00eds \u201csaldr\u00e1 adelante\u201d de la crisis provocada por el COVID-19 (Foto: Cortes\u00eda)<\/p>\n\n\n\n<p>L\u00f3pez Obrador tambi\u00e9n expres\u00f3 su desacuerdo acuerdo con los Pre-criterios 2021 de la Secretar\u00eda de Hacienda (SHCP) de un decrecimiento de hasta 3.9 % de la econom\u00eda mexicana. Hacienda se\u00f1al\u00f3 que el panorama econ\u00f3mico global se deterior\u00f3 de forma \u201cr\u00e1pida y significativa\u201d en un periodo de tiempo muy reducido, sobre todo, por las medidas sanitarias que se implementaron para contener la enfermedad. Entre esos efectos, se encontr\u00f3 una fuerte ca\u00edda de la demanda del petr\u00f3leo y otras materias primas, generando una reducci\u00f3n de los precios a nivel internacional.<\/p>\n\n\n\n<p>La propagaci\u00f3n del coronavirus trajo consigo consecuencias ca\u00f3ticas a nivel mundial, entre ellas una de las peores crisis econ\u00f3micas alrededor del mundo. M\u00e9xico ha reportado mil 688 contagios y 60 muertos hasta el tercer d\u00eda del mes de abril. La crisis ha frenado fuertemente la actividad econ\u00f3mica del pa\u00eds.<\/p>\n\n\n\n<p>El mandatario mexicano reiter\u00f3 que el pa\u00eds \u201csaldr\u00e1 adelante\u201d de la crisis provocada por el COVID-19, y dijo, \u201cvamos a salir m\u00e1s fortalecidos\u201d.<\/p>\n\n\n\n<p>\u201cYo tengo tranquila mi conciencia y s\u00e9 que vamos bien, y es lo que quiero transmitir al pueblo y lo estoy haciendo. Ayer us\u00e9 por primera vez el t\u00e9rmino, crisis transitoria, eso no va a tardar y vamos a salir fortalecidos porque no nos va a hacer cambiar en nuestro prop\u00f3sito: acabar con la corrupci\u00f3n y que haya justicia en el pa\u00eds, entonces esto nos vino como anillo al dedo para afianzar la transformaci\u00f3n\u201d, dijo.<\/p>\n<div class='share-to-whatsapp-wrapper'><div class='share-on-whsp'>Share on: <\/div><a data-text='28 intelectuales piden a AMLO en carta abierta un acuerdo para superar la crisis' data-link='https:\/\/visionpeninsular.com\/mid\/28-intelectuales-piden-a-amlo-en-carta-abierta-un-acuerdo-para-superar-la-crisis\/' class='whatsapp-button whatsapp-share'>WhatsApp<\/a><div class='clear '><\/div><\/div>","protected":false},"excerpt":{"rendered":"<p>Cuauht\u00e9moc C\u00e1rdenas Solorzano fue uno de los 28 firmantes que llamaron a un acuerdo nacional para superar la crisis econ\u00f3mica en M\u00e9xico (Foto: archivo)<\/p>\n","protected":false},"author":5,"featured_media":122087,"comment_status":"open","ping_status":"open","sticky":false,"template":"","format":"standard","meta":{"_mi_skip_tracking":false},"categories":[49,37],"tags":[20432,20433],"_links":{"self":[{"href":"https:\/\/visionpeninsular.com\/mid\/wp-json\/wp\/v2\/posts\/122083"}],"collection":[{"href":"https:\/\/visionpeninsular.com\/mid\/wp-json\/wp\/v2\/posts"}],"about":[{"href":"https:\/\/visionpeninsular.com\/mid\/wp-json\/wp\/v2\/types\/post"}],"author":[{"embeddable":true,"href":"https:\/\/visionpeninsular.com\/mid\/wp-json\/wp\/v2\/users\/5"}],"replies":[{"embeddable":true,"href":"https:\/\/visionpeninsular.com\/mid\/wp-json\/wp\/v2\/comments?post=122083"}],"version-history":[{"count":1,"href":"https:\/\/visionpeninsular.com\/mid\/wp-json\/wp\/v2\/posts\/122083\/revisions"}],"predecessor-version":[{"id":122097,"href":"https:\/\/visionpeninsular.com\/mid\/wp-json\/wp\/v2\/posts\/122083\/revisions\/122097"}],"wp:featuredmedia":[{"embeddable":true,"href":"https:\/\/visionpeninsular.com\/mid\/wp-json\/wp\/v2\/media\/122087"}],"wp:attachment":[{"href":"https:\/\/visionpeninsular.com\/mid\/wp-json\/wp\/v2\/media?parent=122083"}],"wp:term":[{"taxonomy":"category","embeddable":true,"href":"https:\/\/visionpeninsular.com\/mid\/wp-json\/wp\/v2\/categories?post=122083"},{"taxonomy":"post_tag","embeddable":true,"href":"https:\/\/visionpeninsular.com\/mid\/wp-json\/wp\/v2\/tags?post=122083"}],"curies":[{"name":"wp","href":"https:\/\/api.w.org\/{rel}","templated":true}]}}