{"id":122068,"date":"2020-04-04T15:03:12","date_gmt":"2020-04-04T21:03:12","guid":{"rendered":"http:\/\/visionpeninsular.com\/mid\/?p=122068"},"modified":"2020-04-04T15:26:32","modified_gmt":"2020-04-04T21:26:32","slug":"gobierno-del-estado-de-yucatan-pide-usar-cubrebocas-es-espacios-publicos","status":"publish","type":"post","link":"https:\/\/visionpeninsular.com\/mid\/gobierno-del-estado-de-yucatan-pide-usar-cubrebocas-es-espacios-publicos\/","title":{"rendered":"Gobierno del Estado de Yucat\u00e1n pide usar cubrebocas en espacios p\u00fablicos"},"content":{"rendered":"\n<p><strong>La contingencia por el Coronavirus es cada vez m\u00e1s delicada en&nbsp;<a href=\"https:\/\/www.facebook.com\/hashtag\/m%C3%A9xico?source=feed_text&amp;epa=HASHTAG&amp;__xts__%5B0%5D=68.ARDWvRGxvV_G7aOT4moIzQrErsCdG3Tt8BoXRrXw6SLwi9FrlUOfvCtHCuupsJ9VD-_D9MUTYJR2iNxRWr5tuiXhZorQiBOg1eNskKWqpGh6Rl3CbiK4GNUv6-aVQFerePchDoz9xLPEJdbtSzmG6rSv6trOK0zt63aWnXuKZnwfnqU-efKtb92lVgeLws1MCtv0fkqSbEe15JYZc5tfaLnQU9ve-vTDh4FKQ31oUR5pDcbNS98AKpW5xyjBIHnKygZ0gbt07kSprxIF9q60PByszVk8H7ax7R_BJqRaaKxWqysc9Co8H2mQJOJfmR7urv_OAMFkx1E6Z7ZrFQiZGsf_2jKsJlddvzhX6g&amp;__tn__=%2ANK-R\">#M\u00e9xico<\/a>&nbsp;y el Mundo, por lo que recomendamos el uso de cubrebocas en espacios p\u00fablicos. Aqu\u00ed les comparto una nueva medida para proteger la salud de todos. #UnidosComoUnoSolo<\/strong><\/p>\n\n\n\n<p>M\u00e9rida, Yucat\u00e1n, 4 de abril de 2020.- El Gobernador Mauricio Vila Dosal inform\u00f3 que a partir de ahora ser\u00e1 necesario el uso del cubrebocas para andar en sitios p\u00fablicos y acudir a trabajar en las empresas que tienen permitido abrir por tratarse de giros indispensables, como una nueva medida de prevenci\u00f3n para proteger la salud de los yucatecos.<\/p>\n\n\n\n<p>En un mensaje dirigido a toda la sociedad yucateca a trav\u00e9s de sus redes sociales, Vila Dosal explic\u00f3 que esta disposici\u00f3n est\u00e1 basada en los resultados de los estudios m\u00e1s avanzados de las \u00faltimas semanas de los expertos en salud p\u00fablica que se\u00f1alan que la difusi\u00f3n del Coronavirus en el aire perdura m\u00e1s tiempo de lo que se cre\u00eda al inicio de la pandemia y se deber\u00e1 aplicar para cuidar a todos, sobre todo a los grupos vulnerables.<\/p>\n\n\n\n<p>\u201cEl uso del cubrebocas evitar\u00e1 que nuestra saliva, nuestro estornudo o nuestra tos lleguen a personas sanas que se encuentren cerca o en contacto con nosotros. Usar el cubrebocas en \u00e1reas p\u00fablicas ha sido una iniciativa exitosa en varios pa\u00edses basada en el principio de: t\u00fa me cuidas a m\u00ed y yo te cuido a ti para detener los contagios. De esta manera, evitaremos que al salir a la calle contagiar y tambi\u00e9n ser contagiados\u201d, precis\u00f3 el Gobernador.<\/p>\n\n\n\n<p>Hay que recordar que, el cubrebocas modelo N95 es para uso exclusivo del personal de salud, por lo que la poblaci\u00f3n en general no requiere de utilizar \u00e9stos para adoptar esta medida de prevenci\u00f3n.&nbsp;<\/p>\n\n\n\n<p>Vila Dosal asegur\u00f3 que esta medida de usar cubrebocas para andar en sitios p\u00fablicos ser\u00e1 extensiva a todo tipo de personal que labore en empresas que tienen permitido abrir por tratarse de giros esenciales tengan o no contacto con sus clientes, por lo que deber\u00e1 aplicarse de manera rigurosa en las compa\u00f1\u00edas que, por sus giros, a\u00fan contin\u00faan funcionando en el estado.<\/p>\n\n\n\n<p>\u201cExhort\u00f3 a la sociedad a elaborarlos en casa y mantenerlos desinfectados debido a que este articulo indispensable ha escaseado a nivel mundial. Para quienes no tengan manera de conseguir un cubrebocas en tiendas o farmacias, pondremos a disposici\u00f3n un sencillo video de c\u00f3mo hacerlos en casa y mantenerlos desinfectados. A manera de cubrebocas tambi\u00e9n podr\u00e1n ser usados pa\u00f1uelos u otras prendas de vestir\u201d, puntualiz\u00f3 el Gobernador.<\/p>\n\n\n\n<p>Asimismo, el Gobernador reconoci\u00f3 la responsabilidad de la poblaci\u00f3n de quedarse en casa y seguir todas las recomendaciones que se han implementado para cuidar de la salud y disminuir riesgos, al tiempo que llam\u00f3 a de nuevo a la sociedad para seguir colaborando \u201cpara que estos esfuerzos se sumen a la meta de proteger la salud de todos los yucatecos y salir adelante todos unidos como uno solo\u201d.<\/p>\n\n\n\n<p>\u201cReconozco el enorme esfuerzo que significa quedarse en casa para contribuir a disminuir los contagios por Coronavirus. Quedarse en casa es una de las estrategias m\u00e1s efectivas para ayudar a detener la cadena de Contagios. Como ya lo explicamos, deben salir solos a la calle para comprar medicinas, alimentos o quienes trabajan en empresas esenciales para el funcionamiento de la sociedad durante la contingencia\u201d, manifest\u00f3 Vila Dosal.<\/p>\n\n\n\n<p>Esta nueva determinaci\u00f3n se suma a las ya puestas en marcha en los \u00faltimos d\u00edas en Yucat\u00e1n en cumplimiento con el Decreto del Gobierno Federal entre las que se encuentran permanecer en casa, seguir las medidas de higiene b\u00e1sicas, guardar la sana distancia en lugares p\u00fablicos para los que todav\u00eda tengan que salir y mantener cerrados, hasta nuevo aviso, todo tipo de comercios y empresas de todos los giros que no sean indispensables.<\/p>\n\n\n\n<p>Con excepci\u00f3n de&nbsp; Hospitales, Cl\u00ednicas, farmacias, supermercados, centrales de abasto, tiendas de abarrotes, industria de producci\u00f3n y distribuci\u00f3n de alimentos, gaseras y gasolineras, bancos, tiendas de autoservicio, servicios de transporte p\u00fablico, servicios de paqueter\u00eda y mensajer\u00eda, laboratorios de an\u00e1lisis cl\u00ednicos, servicios de seguridad privada, plataformas para entrega a domicilio de v\u00edveres y alimentos, medios de comunicaci\u00f3n, f\u00e1bricas de higiene e implementos m\u00e9dicos, compa\u00f1\u00edas de seguros y minoristas de agua potable, los cuales deber\u00e1n incrementar sus medidas de prevenci\u00f3n e higiene para garantizar la seguridad de sus trabajadores y de sus clientes.<\/p>\n<div class='share-to-whatsapp-wrapper'><div class='share-on-whsp'>Share on: <\/div><a data-text='Gobierno del Estado de Yucat\u00e1n pide usar cubrebocas en espacios p\u00fablicos' data-link='https:\/\/visionpeninsular.com\/mid\/gobierno-del-estado-de-yucatan-pide-usar-cubrebocas-es-espacios-publicos\/' class='whatsapp-button whatsapp-share'>WhatsApp<\/a><div class='clear '><\/div><\/div>","protected":false},"excerpt":{"rendered":"<p>La contingencia por el Coronavirus es cada vez m\u00e1s delicada en&nbsp;#M\u00e9xico&nbsp;y el Mundo, por lo que recomendamos el uso de cubrebocas en espacios p\u00fablicos. Aqu\u00ed les comparto una nueva medida para proteger la salud de todos. #UnidosComoUnoSolo M\u00e9rida, Yucat\u00e1n, 4 de abril de 2020.- El Gobernador Mauricio Vila Dosal inform\u00f3 que a partir de ahora &hellip;<\/p>\n","protected":false},"author":1,"featured_media":122070,"comment_status":"open","ping_status":"open","sticky":false,"template":"","format":"standard","meta":{"_mi_skip_tracking":false},"categories":[49,14,57],"tags":[20375],"_links":{"self":[{"href":"https:\/\/visionpeninsular.com\/mid\/wp-json\/wp\/v2\/posts\/122068"}],"collection":[{"href":"https:\/\/visionpeninsular.com\/mid\/wp-json\/wp\/v2\/posts"}],"about":[{"href":"https:\/\/visionpeninsular.com\/mid\/wp-json\/wp\/v2\/types\/post"}],"author":[{"embeddable":true,"href":"https:\/\/visionpeninsular.com\/mid\/wp-json\/wp\/v2\/users\/1"}],"replies":[{"embeddable":true,"href":"https:\/\/visionpeninsular.com\/mid\/wp-json\/wp\/v2\/comments?post=122068"}],"version-history":[{"count":3,"href":"https:\/\/visionpeninsular.com\/mid\/wp-json\/wp\/v2\/posts\/122068\/revisions"}],"predecessor-version":[{"id":122081,"href":"https:\/\/visionpeninsular.com\/mid\/wp-json\/wp\/v2\/posts\/122068\/revisions\/122081"}],"wp:featuredmedia":[{"embeddable":true,"href":"https:\/\/visionpeninsular.com\/mid\/wp-json\/wp\/v2\/media\/122070"}],"wp:attachment":[{"href":"https:\/\/visionpeninsular.com\/mid\/wp-json\/wp\/v2\/media?parent=122068"}],"wp:term":[{"taxonomy":"category","embeddable":true,"href":"https:\/\/visionpeninsular.com\/mid\/wp-json\/wp\/v2\/categories?post=122068"},{"taxonomy":"post_tag","embeddable":true,"href":"https:\/\/visionpeninsular.com\/mid\/wp-json\/wp\/v2\/tags?post=122068"}],"curies":[{"name":"wp","href":"https:\/\/api.w.org\/{rel}","templated":true}]}}