{"id":121939,"date":"2020-04-03T11:01:03","date_gmt":"2020-04-03T17:01:03","guid":{"rendered":"http:\/\/visionpeninsular.com\/mid\/?p=121939"},"modified":"2020-04-03T11:01:18","modified_gmt":"2020-04-03T17:01:18","slug":"peninsula-de-yucatan-aun-no-llega-al-ascenso-rapido-del-covid-19-ss-federal","status":"publish","type":"post","link":"https:\/\/visionpeninsular.com\/mid\/peninsula-de-yucatan-aun-no-llega-al-ascenso-rapido-del-covid-19-ss-federal\/","title":{"rendered":"Pen\u00ednsula de Yucat\u00e1n a\u00fan no llega al ascenso r\u00e1pido del COVID-19: SS Federal"},"content":{"rendered":"\n<p>Pese la transmisi\u00f3n constante del coronavirus Covid-19 que ocurre en la Pen\u00ednsula de Yucat\u00e1n, afortunadamente hasta el momento a\u00fan no se registra la fase de ascenso r\u00e1pido de la enfermedad, tal como se observa en el Centro del pa\u00eds, revel\u00f3 la Secretar\u00eda de Salud federal.<\/p>\n\n\n\n<p>A poco m\u00e1s de un mes de la aparici\u00f3n del primer caso en la regi\u00f3n, hasta el momento ya son poco m\u00e1s de 100 los casos confirmados hasta el momento, aunque la mayor densidad se refleja en el Estado as\u00ed como en Quintana Roo.<\/p>\n\n\n\n<p>Es decir, ambas est\u00e1n entre las ocho entidades federativas de mayor incidencia, pues ayer fueron desplazados por Coahuila-<\/p>\n\n\n\n<p>Asimismo, de cada 12 casos confirmados en la Rep\u00fablica Mexicana, uno corresponde a la regi\u00f3n.<\/p>\n\n\n\n<p>De acuerdo con el comunicado t\u00e9cnico diario, en la Rep\u00fablica Mexicana hay mil 378 casos confirmados, con un aumento del 13.4 por ciento con respecto al d\u00eda anterior. De igual forma, hay siete mil 73 casos negativos y tres mil 827 sospechosos.<\/p>\n\n\n\n<p>De acuerdo con la distribuci\u00f3n geogr\u00e1fica de la patolog\u00eda, la mayor incidencia se registr\u00f3 en la Ciudad de M\u00e9xico con 296 infectados, el 21.5 por ciento, seguido del Estado de M\u00e9xico, con 157 casos, el 11.4 por ciento; Jalisco, con 99, el 7.2 por ciento; Puebla, con 97, el siete por ciento, y Nuevo Le\u00f3n, con 78, el 5.7 porcentual.<\/p>\n\n\n\n<p>La mitad de los casos est\u00e1n concentrados en estas cinco entidades federativas, el 52.7 2 por ciento del total nacional.<\/p>\n\n\n\n<p>A partir de esta segunda fase de dispersi\u00f3n comunitaria, por lo que en el pa\u00eds tiende a disminuir el \u00edndice de importaci\u00f3n, pues actualmente el 44 por ciento del total de confirmados son personas que se contagiaron en el extranjero.<\/p>\n\n\n\n<p>Seg\u00fan la estad\u00edstica, hay 772 casos de contagio por contacto asociado a importaci\u00f3n, es decir, son personas que fueron infectadas en la Rep\u00fablica Mexicana.<\/p>\n\n\n\n<p>Por lo pronto, del universo de casos de importaci\u00f3n, 273 se contagiaron en Estados Unidos, 249 en Espa\u00f1a, 49 en Francia, 21 en Italia, 12 en Alemania, y dos en Singapur.<\/p>\n\n\n\n<p>En cuanto al g\u00e9nero, en el pa\u00eds hay 797 hombres, el 56 por ciento, y 581 mujeres, el 44 porcentual, asimismo, el rango de edad del total de casos es menos de uno hasta 80 a\u00f1os.<\/p>\n\n\n\n<p>Situaci\u00f3n en Yucat\u00e1n<\/p>\n\n\n\n<p>En Yucat\u00e1n ya son 52 los casos confirmados, de los cuales, 27 son hombres, el 52 por ciento, y 25 mujeres, el 48 porcentual, con un rango de edad de entre 17 y 78 a\u00f1os.<\/p>\n\n\n\n<p>Asimismo, en el Estado hay nueve personas que se infectaron en Espa\u00f1a, el 17.3 por ciento, cifra similar en Estados Unidos, seis en Francia, el 11.5 por ciento, y 28 fueron por contacto directo, el 53.8 porcentual.<\/p>\n\n\n\n<p>Hasta el momento, Yucat\u00e1n ocupa el s\u00e9ptimo lugar nacional, con el 3.8 por ciento del total registrado en el pa\u00eds, Quintana Roo est\u00e1 en el octavo sitio, con 51 casos, el 3.7 por ciento, y Campeche, en el pelda\u00f1o 31, con cinco infectados, el 0.36 porcentual.<\/p>\n<div class='share-to-whatsapp-wrapper'><div class='share-on-whsp'>Share on: <\/div><a data-text='Pen\u00ednsula de Yucat\u00e1n a\u00fan no llega al ascenso r\u00e1pido del COVID-19: SS Federal' data-link='https:\/\/visionpeninsular.com\/mid\/peninsula-de-yucatan-aun-no-llega-al-ascenso-rapido-del-covid-19-ss-federal\/' class='whatsapp-button whatsapp-share'>WhatsApp<\/a><div class='clear '><\/div><\/div>","protected":false},"excerpt":{"rendered":"<p>Pese la transmisi\u00f3n constante del coronavirus Covid-19 que ocurre en la Pen\u00ednsula de Yucat\u00e1n, afortunadamente hasta el momento a\u00fan no se registra la fase de ascenso r\u00e1pido de la enfermedad, tal como se observa en el Centro del pa\u00eds, revel\u00f3 la Secretar\u00eda de Salud federal. A poco m\u00e1s de un mes de la aparici\u00f3n del &hellip;<\/p>\n","protected":false},"author":5,"featured_media":121941,"comment_status":"open","ping_status":"open","sticky":false,"template":"","format":"standard","meta":{"_mi_skip_tracking":false},"categories":[50,37],"tags":[19002,20396,20397],"_links":{"self":[{"href":"https:\/\/visionpeninsular.com\/mid\/wp-json\/wp\/v2\/posts\/121939"}],"collection":[{"href":"https:\/\/visionpeninsular.com\/mid\/wp-json\/wp\/v2\/posts"}],"about":[{"href":"https:\/\/visionpeninsular.com\/mid\/wp-json\/wp\/v2\/types\/post"}],"author":[{"embeddable":true,"href":"https:\/\/visionpeninsular.com\/mid\/wp-json\/wp\/v2\/users\/5"}],"replies":[{"embeddable":true,"href":"https:\/\/visionpeninsular.com\/mid\/wp-json\/wp\/v2\/comments?post=121939"}],"version-history":[{"count":1,"href":"https:\/\/visionpeninsular.com\/mid\/wp-json\/wp\/v2\/posts\/121939\/revisions"}],"predecessor-version":[{"id":121942,"href":"https:\/\/visionpeninsular.com\/mid\/wp-json\/wp\/v2\/posts\/121939\/revisions\/121942"}],"wp:featuredmedia":[{"embeddable":true,"href":"https:\/\/visionpeninsular.com\/mid\/wp-json\/wp\/v2\/media\/121941"}],"wp:attachment":[{"href":"https:\/\/visionpeninsular.com\/mid\/wp-json\/wp\/v2\/media?parent=121939"}],"wp:term":[{"taxonomy":"category","embeddable":true,"href":"https:\/\/visionpeninsular.com\/mid\/wp-json\/wp\/v2\/categories?post=121939"},{"taxonomy":"post_tag","embeddable":true,"href":"https:\/\/visionpeninsular.com\/mid\/wp-json\/wp\/v2\/tags?post=121939"}],"curies":[{"name":"wp","href":"https:\/\/api.w.org\/{rel}","templated":true}]}}