{"id":121852,"date":"2020-04-02T11:06:38","date_gmt":"2020-04-02T17:06:38","guid":{"rendered":"http:\/\/visionpeninsular.com\/mid\/?p=121852"},"modified":"2020-04-02T11:07:58","modified_gmt":"2020-04-02T17:07:58","slug":"ado-retira-el-50-de-sus-autobuses-en-la-peninsula-por-la-contingencia-sanitaria","status":"publish","type":"post","link":"https:\/\/visionpeninsular.com\/mid\/ado-retira-el-50-de-sus-autobuses-en-la-peninsula-por-la-contingencia-sanitaria\/","title":{"rendered":"ADO retira el 50 %  de sus autobuses  en la Pen\u00ednsula por la contingencia sanitaria"},"content":{"rendered":"\n<p>El gerente regional de Grupo ADO, &nbsp;ingeniero Eduardo C\u00f3rdova Balbuena, la falta\nde pasajeros debido a la contingencia sanitaria, obliga a sacar temporalmente\nde las rutas al 50% de la flota vehicular de la empresa, al disminuir el flujo\nde pasajeros, lo que oblig\u00f3 a reducir en un 55 % su servicio de primera clase y\nde lujo, y en un 80% las rutas intermedias de la Pen\u00ednsula de Yucat\u00e1n.<\/p>\n\n\n\n<p>El ingeniero C\u00f3rdova inform\u00f3 que al cierre de marzo Grupo\nADO tiene una disminuci\u00f3n del 55% en los servicios de las corridas directas de\nprimera clase y de lujo, porcentaje que alcanzar\u00e1 un 60% de manera gradual,\nseg\u00fan sus c\u00e1lculos, pero el servicio de transporte masivo de pasajeros se\nmantiene porque es de las estrategias de movilidad del gobierno federal.<\/p>\n\n\n\n<p>Donde resienten mayor afectaci\u00f3n en el Estado es en las\nrutas intermedias, en especial los puertos de Celest\u00fan y Sisal, donde la\nocupaci\u00f3n cay\u00f3 en un 80% en los autobuses. En promedio, dijo, la disminuci\u00f3n de\nlas corridas en la Pen\u00ednsula es del 55% y el 50% de los autobuses est\u00e1n en paro\nt\u00e9cnico por falta de pasajeros.<\/p>\n<div class='share-to-whatsapp-wrapper'><div class='share-on-whsp'>Share on: <\/div><a data-text='ADO retira el 50 %  de sus autobuses  en la Pen\u00ednsula por la contingencia sanitaria' data-link='https:\/\/visionpeninsular.com\/mid\/ado-retira-el-50-de-sus-autobuses-en-la-peninsula-por-la-contingencia-sanitaria\/' class='whatsapp-button whatsapp-share'>WhatsApp<\/a><div class='clear '><\/div><\/div>","protected":false},"excerpt":{"rendered":"<p>El gerente regional de Grupo ADO, &nbsp;ingeniero Eduardo C\u00f3rdova Balbuena, la falta de pasajeros debido a la contingencia sanitaria, obliga a sacar temporalmente de las rutas al 50% de la flota vehicular de la empresa, al disminuir el flujo de pasajeros, lo que oblig\u00f3 a reducir en un 55 % su servicio de primera clase &hellip;<\/p>\n","protected":false},"author":5,"featured_media":121854,"comment_status":"open","ping_status":"open","sticky":false,"template":"","format":"standard","meta":{"_mi_skip_tracking":false},"categories":[50,37],"tags":[20384,20382,20380,20381,20383],"_links":{"self":[{"href":"https:\/\/visionpeninsular.com\/mid\/wp-json\/wp\/v2\/posts\/121852"}],"collection":[{"href":"https:\/\/visionpeninsular.com\/mid\/wp-json\/wp\/v2\/posts"}],"about":[{"href":"https:\/\/visionpeninsular.com\/mid\/wp-json\/wp\/v2\/types\/post"}],"author":[{"embeddable":true,"href":"https:\/\/visionpeninsular.com\/mid\/wp-json\/wp\/v2\/users\/5"}],"replies":[{"embeddable":true,"href":"https:\/\/visionpeninsular.com\/mid\/wp-json\/wp\/v2\/comments?post=121852"}],"version-history":[{"count":1,"href":"https:\/\/visionpeninsular.com\/mid\/wp-json\/wp\/v2\/posts\/121852\/revisions"}],"predecessor-version":[{"id":121855,"href":"https:\/\/visionpeninsular.com\/mid\/wp-json\/wp\/v2\/posts\/121852\/revisions\/121855"}],"wp:featuredmedia":[{"embeddable":true,"href":"https:\/\/visionpeninsular.com\/mid\/wp-json\/wp\/v2\/media\/121854"}],"wp:attachment":[{"href":"https:\/\/visionpeninsular.com\/mid\/wp-json\/wp\/v2\/media?parent=121852"}],"wp:term":[{"taxonomy":"category","embeddable":true,"href":"https:\/\/visionpeninsular.com\/mid\/wp-json\/wp\/v2\/categories?post=121852"},{"taxonomy":"post_tag","embeddable":true,"href":"https:\/\/visionpeninsular.com\/mid\/wp-json\/wp\/v2\/tags?post=121852"}],"curies":[{"name":"wp","href":"https:\/\/api.w.org\/{rel}","templated":true}]}}