{"id":121749,"date":"2020-04-01T12:49:45","date_gmt":"2020-04-01T18:49:45","guid":{"rendered":"http:\/\/visionpeninsular.com\/mid\/?p=121749"},"modified":"2020-04-01T12:49:53","modified_gmt":"2020-04-01T18:49:53","slug":"con-modificaciones-congreso-local-aprueba-plan-de-contingencia-de-mauricio-vila","status":"publish","type":"post","link":"https:\/\/visionpeninsular.com\/mid\/con-modificaciones-congreso-local-aprueba-plan-de-contingencia-de-mauricio-vila\/","title":{"rendered":"Con modificaciones, Congreso local aprueba plan de contingencia de Mauricio Vila"},"content":{"rendered":"\n<p>Con modificaciones, 24 votos a favor y uno en contra, el\nCongeso del Estado aprob\u00f3 ayer por dictamen &nbsp;la iniciativa para establecer una estrategia\nde protecci\u00f3n al empleo y la reactivaci\u00f3n econ\u00f3mica, ante la contingencia por\nel coronavirus, enviada por el gobernador Mauricio Vila Dosal para el plan de\ncontingencia &nbsp;por el coronavirus, para la\nprotecci\u00f3n del empleo y la reactivaci\u00f3n econ\u00f3mica de la entidad. <\/p>\n\n\n\n<p>En sesi\u00f3n plenaria en medio de medidas ante la pandemia del\ncoronavirus, diputados del PAN, PRI, PRD, Movimiento Ciudadano, Nueva Alianza y\ntres de los cuatro diputados de Morena avalaron la iniciativa que establece la\nampliaci\u00f3n presupuestal en materia de prestaci\u00f3n de servicios de salud, desarrollo\necon\u00f3mico, protecci\u00f3n del empleo y social, cuyo objeto ser\u00e1 la implementaci\u00f3n\nde un plan de contingencia y reactivaci\u00f3n econ\u00f3mica por la afectaci\u00f3n en el\nEstado de la pandemia de Covid-19.<\/p>\n\n\n\n<p>En dicho dictamen qued\u00f3 establecido, &nbsp;que para solventar los gastos relacionados con\nla instrumentaci\u00f3n del citado plan, el Poder Ejecutivo ejercer\u00e1 y aplicar\u00e1\nhasta mil 500 millones de pesos adicionales a las asignaciones originalmente\nautorizadas en el Presupuesto de Egresos del Gobierno del Estado de Yucat\u00e1n\npara el ejercicio fiscal 2020 en las siguientes partidas y programas.<\/p>\n\n\n\n<p>Tambi\u00e9n considera incentivos fiscales para: Impuesto sobre\nn\u00f3mina; Impuesto sobre hospedaje; Impuesto cedular sobre la obtenci\u00f3n de\ningresos por actividades empresariales, y el Impuesto sobre el ejercicio\nprofesional. De lo que se informa en gr\u00e1fico adjunto.<\/p>\n\n\n\n<figure class=\"wp-block-image size-large\"><img loading=\"lazy\" width=\"580\" height=\"261\" src=\"http:\/\/visionpeninsular.com\/mid\/wp-content\/uploads\/2020\/04\/gr\u00e1fica-congreso.jpg\" alt=\"\" class=\"wp-image-121755\" srcset=\"https:\/\/visionpeninsular.com\/mid\/wp-content\/uploads\/2020\/04\/gr\u00e1fica-congreso.jpg 580w, https:\/\/visionpeninsular.com\/mid\/wp-content\/uploads\/2020\/04\/gr\u00e1fica-congreso-300x135.jpg 300w\" sizes=\"(max-width: 580px) 100vw, 580px\" \/><\/figure>\n\n\n\n<p>El dictamen aprobado estipula que en materia de \u201cprestaci\u00f3n\nde servicios de salud\u201d se destinar\u00e1n 500 millones de pesos, y para el\n\u201cdesarrollo econ\u00f3mico, protecci\u00f3n al empleo y protecci\u00f3n social\u201d se otorgar\u00e1n\nmil millones de pesos.<\/p>\n\n\n\n<p>Establece que el Poder Ejecutivo, por conducto de la\nSecretar\u00eda de Administraci\u00f3n y Finanzas, deber\u00e1 incorporar en los informes\ntrimestrales de las finanzas p\u00fablicas un apartado espec\u00edfico en el que se\ndetalle la aplicaci\u00f3n y destino de los recursos objeto de la autorizaci\u00f3n a que\nse refiere el decreto.<\/p>\n\n\n\n<p>Asimismo, que el Poder Ejecutivo conformar\u00e1 un comit\u00e9, que\ntenga como objeto dar seguimiento al ejercicio, aplicaci\u00f3n, desarrollo del\nproyecto y destino de los recursos autorizados, y que dicha instancia estar\u00e1\nintegrada por representantes del sector empresarial, obrero, educativo,\norganizaciones de la sociedad civil, los representantes de los rubros\nfavorecidos, y por lo menos tres presidentes municipales de las distintas fuerzas\npol\u00edticas del Estado, y que deber\u00e1 constar en el reglamento correspondiente.<\/p>\n\n\n\n<figure class=\"wp-block-image size-large\"><img loading=\"lazy\" width=\"580\" height=\"454\" src=\"http:\/\/visionpeninsular.com\/mid\/wp-content\/uploads\/2020\/04\/incentivos.jpg\" alt=\"\" class=\"wp-image-121756\" srcset=\"https:\/\/visionpeninsular.com\/mid\/wp-content\/uploads\/2020\/04\/incentivos.jpg 580w, https:\/\/visionpeninsular.com\/mid\/wp-content\/uploads\/2020\/04\/incentivos-300x235.jpg 300w\" sizes=\"(max-width: 580px) 100vw, 580px\" \/><\/figure>\n\n\n\n<p>\u201cA las reuniones convocadas por dicho comit\u00e9 concurrir\u00e1n por\nlo menos dos diputados integrantes de la Comisi\u00f3n Permanente de Vigilancia de\nla Cuenta P\u00fablica, Transparencia y Anticorrupci\u00f3n en representaci\u00f3n del\nCongreso local, quienes deber\u00e1n informar al pleno de \u00e9ste los avances en el\ncumplimiento del decreto. Este \u00f3rgano deber\u00e1 constituirse y sesionar m\u00e1ximo 30\nd\u00edas posteriores al ejercicio inicial de los recursos\u201d, expone el acuerdo.<\/p>\n\n\n\n<p>De la misma forma, establece que el comit\u00e9 deber\u00e1 de aprobar\nsu reglamento interno dentro de los 30 d\u00edas siguientes a su instalaci\u00f3n, y\npublicarse en el Diario Oficial del Gobierno del Estado; y que el Poder\nEjecutivo, al momento de contar con las reglas de operaci\u00f3n de los programas\ncontemplados para asignaci\u00f3n presupuestal, deber\u00e1 turnarlos de inmediato a la\nComisi\u00f3n Permanente de Presupuesto, Patrimonio Estatal y Municipal para su\nconocimiento y opini\u00f3n.<\/p>\n<div class='share-to-whatsapp-wrapper'><div class='share-on-whsp'>Share on: <\/div><a data-text='Con modificaciones, Congreso local aprueba plan de contingencia de Mauricio Vila' data-link='https:\/\/visionpeninsular.com\/mid\/con-modificaciones-congreso-local-aprueba-plan-de-contingencia-de-mauricio-vila\/' class='whatsapp-button whatsapp-share'>WhatsApp<\/a><div class='clear '><\/div><\/div>","protected":false},"excerpt":{"rendered":"<p>Con modificaciones, 24 votos a favor y uno en contra, el Congeso del Estado aprob\u00f3 ayer por dictamen &nbsp;la iniciativa para establecer una estrategia de protecci\u00f3n al empleo y la reactivaci\u00f3n econ\u00f3mica, ante la contingencia por el coronavirus, enviada por el gobernador Mauricio Vila Dosal para el plan de contingencia &nbsp;por el coronavirus, para la &hellip;<\/p>\n","protected":false},"author":5,"featured_media":121754,"comment_status":"open","ping_status":"open","sticky":false,"template":"","format":"standard","meta":{"_mi_skip_tracking":false},"categories":[50,37],"tags":[20356,2066],"_links":{"self":[{"href":"https:\/\/visionpeninsular.com\/mid\/wp-json\/wp\/v2\/posts\/121749"}],"collection":[{"href":"https:\/\/visionpeninsular.com\/mid\/wp-json\/wp\/v2\/posts"}],"about":[{"href":"https:\/\/visionpeninsular.com\/mid\/wp-json\/wp\/v2\/types\/post"}],"author":[{"embeddable":true,"href":"https:\/\/visionpeninsular.com\/mid\/wp-json\/wp\/v2\/users\/5"}],"replies":[{"embeddable":true,"href":"https:\/\/visionpeninsular.com\/mid\/wp-json\/wp\/v2\/comments?post=121749"}],"version-history":[{"count":1,"href":"https:\/\/visionpeninsular.com\/mid\/wp-json\/wp\/v2\/posts\/121749\/revisions"}],"predecessor-version":[{"id":121757,"href":"https:\/\/visionpeninsular.com\/mid\/wp-json\/wp\/v2\/posts\/121749\/revisions\/121757"}],"wp:featuredmedia":[{"embeddable":true,"href":"https:\/\/visionpeninsular.com\/mid\/wp-json\/wp\/v2\/media\/121754"}],"wp:attachment":[{"href":"https:\/\/visionpeninsular.com\/mid\/wp-json\/wp\/v2\/media?parent=121749"}],"wp:term":[{"taxonomy":"category","embeddable":true,"href":"https:\/\/visionpeninsular.com\/mid\/wp-json\/wp\/v2\/categories?post=121749"},{"taxonomy":"post_tag","embeddable":true,"href":"https:\/\/visionpeninsular.com\/mid\/wp-json\/wp\/v2\/tags?post=121749"}],"curies":[{"name":"wp","href":"https:\/\/api.w.org\/{rel}","templated":true}]}}