{"id":121535,"date":"2020-03-30T10:37:06","date_gmt":"2020-03-30T16:37:06","guid":{"rendered":"http:\/\/visionpeninsular.com\/mid\/?p=121535"},"modified":"2020-03-30T10:37:30","modified_gmt":"2020-03-30T16:37:30","slug":"detenidos-los-incitadores-a-saqueos-en-supermercados-de-yucatan","status":"publish","type":"post","link":"https:\/\/visionpeninsular.com\/mid\/detenidos-los-incitadores-a-saqueos-en-supermercados-de-yucatan\/","title":{"rendered":"Detenidos los incitadores a saqueos en supermercados de Yucat\u00e1n"},"content":{"rendered":"\n<p>A trav\u00e9s de un comunicado se dio a conocer que la Polic\u00eda\nEstatal de Investigaci\u00f3n (PEI) de la Secretar\u00eda de Seguridad P\u00fablica (SSP), en\ncoordinaci\u00f3n con la Fiscal\u00eda General del Estado (FGE), ejecutaron hoy las\nprimeras \u00f3rdenes de aprehensi\u00f3n contra individuos que a trav\u00e9s de redes\nsociales incitan al saqueo de supermercados y perturban la paz social, en el marco\nde la cuarentena por coronavirus Covid-19.<\/p>\n\n\n\n<p>Los agentes investigadores detuvieron a \u00c1ngel \u201cN\u201d y a\nEmanuel \u201cN\u201d, en cuyas cuentas de Facebook promov\u00edan vandalizar supermercados.<\/p>\n\n\n\n<p>Los perfiles de ambos individuos en redes sociales fueron\nidentificados por elementos de la Unidad de Investigaci\u00f3n en delitos\ncibern\u00e9ticos de la SSP, tras lo cual se les ubic\u00f3 f\u00edsicamente, se les denunci\u00f3\nante el Ministerio P\u00fablico y hoy domingo se ejecutaron en su contra \u00f3rdenes de\ncateo y aprehensi\u00f3n obsequiadas por el Juzgado Segundo de Control del Primer\nDistrito Judicial.<\/p>\n\n\n\n<p>A estas personas, por incitar al saqueo de supermercados y\nperturbar la paz p\u00fablica en un periodo de emergencia sanitaria, se les imputa\npor de delito de robo calificado 2, previsto en el C\u00f3digo Penal del Estado.<\/p>\n\n\n\n<p>La SSP ha identificado los perfiles de otras personas que\nhan hecho publicaciones de ese tipo, contra quienes ya present\u00f3 denuncias y\ntrabaja de manera coordinada con la FGE para integrar las carpetas de\ninvestigaci\u00f3n y lograr la aprehensi\u00f3n de los responsables.<\/p>\n\n\n\n<p>El comunicado termina as\u00ed:<\/p>\n\n\n\n<p>Con estricto apego a Derecho, la Polic\u00eda Estatal no tendr\u00e1\nconsideraci\u00f3n alguna con aquellas personas que promuevan actos delictivos por\nel medio que sea, que los cometan o que pretendan vulnerar en cualquier forma\nlos derechos ciudadanos.<\/p>\n\n\n\n<p>Para ello, se continuar\u00e1 haciendo uso de todos los recursos\nhumanos, tecnol\u00f3gicos y de infraestructura, en los que el Gobierno del Estado\nha Invertido para mantener a Yucat\u00e1n seguro.<\/p>\n<div class='share-to-whatsapp-wrapper'><div class='share-on-whsp'>Share on: <\/div><a data-text='Detenidos los incitadores a saqueos en supermercados de Yucat\u00e1n' data-link='https:\/\/visionpeninsular.com\/mid\/detenidos-los-incitadores-a-saqueos-en-supermercados-de-yucatan\/' class='whatsapp-button whatsapp-share'>WhatsApp<\/a><div class='clear '><\/div><\/div>","protected":false},"excerpt":{"rendered":"<p>A trav\u00e9s de un comunicado se dio a conocer que la Polic\u00eda Estatal de Investigaci\u00f3n (PEI) de la Secretar\u00eda de Seguridad P\u00fablica (SSP), en coordinaci\u00f3n con la Fiscal\u00eda General del Estado (FGE), ejecutaron hoy las primeras \u00f3rdenes de aprehensi\u00f3n contra individuos que a trav\u00e9s de redes sociales incitan al saqueo de supermercados y perturban la &hellip;<\/p>\n","protected":false},"author":5,"featured_media":121537,"comment_status":"open","ping_status":"open","sticky":false,"template":"","format":"standard","meta":{"_mi_skip_tracking":false},"categories":[49,37],"tags":[666,20293,3428,20294,752],"_links":{"self":[{"href":"https:\/\/visionpeninsular.com\/mid\/wp-json\/wp\/v2\/posts\/121535"}],"collection":[{"href":"https:\/\/visionpeninsular.com\/mid\/wp-json\/wp\/v2\/posts"}],"about":[{"href":"https:\/\/visionpeninsular.com\/mid\/wp-json\/wp\/v2\/types\/post"}],"author":[{"embeddable":true,"href":"https:\/\/visionpeninsular.com\/mid\/wp-json\/wp\/v2\/users\/5"}],"replies":[{"embeddable":true,"href":"https:\/\/visionpeninsular.com\/mid\/wp-json\/wp\/v2\/comments?post=121535"}],"version-history":[{"count":1,"href":"https:\/\/visionpeninsular.com\/mid\/wp-json\/wp\/v2\/posts\/121535\/revisions"}],"predecessor-version":[{"id":121538,"href":"https:\/\/visionpeninsular.com\/mid\/wp-json\/wp\/v2\/posts\/121535\/revisions\/121538"}],"wp:featuredmedia":[{"embeddable":true,"href":"https:\/\/visionpeninsular.com\/mid\/wp-json\/wp\/v2\/media\/121537"}],"wp:attachment":[{"href":"https:\/\/visionpeninsular.com\/mid\/wp-json\/wp\/v2\/media?parent=121535"}],"wp:term":[{"taxonomy":"category","embeddable":true,"href":"https:\/\/visionpeninsular.com\/mid\/wp-json\/wp\/v2\/categories?post=121535"},{"taxonomy":"post_tag","embeddable":true,"href":"https:\/\/visionpeninsular.com\/mid\/wp-json\/wp\/v2\/tags?post=121535"}],"curies":[{"name":"wp","href":"https:\/\/api.w.org\/{rel}","templated":true}]}}