{"id":121421,"date":"2020-03-28T10:45:28","date_gmt":"2020-03-28T16:45:28","guid":{"rendered":"http:\/\/visionpeninsular.com\/mid\/?p=121421"},"modified":"2020-03-28T10:45:35","modified_gmt":"2020-03-28T16:45:35","slug":"contribuye-el-inaip-a-la-profesionalizacion-de-personal-en-archivistica","status":"publish","type":"post","link":"https:\/\/visionpeninsular.com\/mid\/contribuye-el-inaip-a-la-profesionalizacion-de-personal-en-archivistica\/","title":{"rendered":"Contribuye el Inaip a la profesionalizaci\u00f3n de personal en archiv\u00edstica"},"content":{"rendered":"\n<p>Este a\u00f1o se graduar\u00e1 la cuarta generaci\u00f3n de la\nEspecializaci\u00f3n en Archiv\u00edstica, que imparte el Centro de Formaci\u00f3n en\nTransparencia (CEDAI), del Inaip Yucat\u00e1n, sumando 110 egresados del servicio\np\u00fablico estatal, desde que se empez\u00f3 a impartir esta capacitaci\u00f3n en 2015.<\/p>\n\n\n\n<p>Lo anterior fue informado por el Comisionado Presidente del\nInstituto Estatal de Transparencia, Acceso a la Informaci\u00f3n P\u00fablica y\nProtecci\u00f3n de Datos Personales (Inaip Yucat\u00e1n), Aldrin Brice\u00f1o Conrado, en el\nmarco del D\u00eda del Archivista, que se celebra en nuestro pa\u00eds este d\u00eda.<\/p>\n\n\n\n<p>\u201cEste a\u00f1o, se sumar\u00e1n 60 servidores p\u00fablicos, a las filas de\npersonal especializado en archiv\u00edstica en Yucat\u00e1n, formados por el CEDAI, \u00fanica\ninstituci\u00f3n en el sureste, que imparte la Especializaci\u00f3n en Archiv\u00edstica\u201d,\ndijo.<\/p>\n\n\n\n<p>Brice\u00f1o Conrado se\u00f1al\u00f3 que, tan solo en 2019, el Instituto\ncapacit\u00f3 a 265 servidores p\u00fablicos en materia de archiv\u00edstica, mediante\nacciones como el M\u00f3dulo 1 de la Especializaci\u00f3n en Archiv\u00edstica, el\nCurso-taller en materia de gesti\u00f3n documental y la conferencia, Aspectos\nrelevantes de la Ley General de Archivos, impartida a sujetos obligados.<\/p>\n\n\n\n<p>Al destacar la importancia de la formaci\u00f3n de servidores\np\u00fablicos en el manejo de los archivos, Brice\u00f1o Conrado a\u00f1adi\u00f3 que a trav\u00e9s del\nCentro de Evaluaci\u00f3n del Inaip Yucat\u00e1n, se entregaron el a\u00f1o pasado cinco\nc\u00e9dulas de evaluaci\u00f3n del Est\u00e1ndar de Competencia EC0549, Realizaci\u00f3n de los\nprocesos t\u00e9cnicos de archivo de tr\u00e1mite, avalados por el Consejo Nacional de\nNormalizaci\u00f3n (CONOCER).<\/p>\n\n\n\n<p>Record\u00f3 que las y los servidores p\u00fablicos que recibir\u00e1n\ncertificados este a\u00f1o, trabajan en instituciones como el Archivo General del\nEstado, la Auditor\u00eda Superior del Estado, el Instituto Yucateco de\nEmprendedores, la Secretar\u00eda de Administraci\u00f3n y Finanzas, el Ayuntamiento de\nM\u00e9rida y el Instituto de Seguridad Social de los Trabajadores del Estado de\nYucat\u00e1n.<\/p>\n\n\n\n<p>As\u00ed mismo destac\u00f3 que, mediante la colaboraci\u00f3n entre el\nInaip Yucat\u00e1n y diversos organismos garantes estatales, integrantes del Sistema\nNacional de Transparencia (SNT), se trabaja en la certificaci\u00f3n de competencias\nen la materia.<\/p>\n\n\n\n<p>El D\u00eda del Archivista se celebra en M\u00e9xico desde 1995,\ncuando el Archivo General de la Naci\u00f3n (AGN) declar\u00f3 la efem\u00e9ride para\nreconocer el trabajo de quienes dedican su trabajo a conservar la memoria\nhist\u00f3rica del Pa\u00eds, garantizando el acceso a los documentos, base fundamental\nde Derecho de Acceso a la Informaci\u00f3n P\u00fablica.<\/p>\n<div class='share-to-whatsapp-wrapper'><div class='share-on-whsp'>Share on: <\/div><a data-text='Contribuye el Inaip a la profesionalizaci\u00f3n de personal en archiv\u00edstica' data-link='https:\/\/visionpeninsular.com\/mid\/contribuye-el-inaip-a-la-profesionalizacion-de-personal-en-archivistica\/' class='whatsapp-button whatsapp-share'>WhatsApp<\/a><div class='clear '><\/div><\/div>","protected":false},"excerpt":{"rendered":"<p>Este a\u00f1o se graduar\u00e1 la cuarta generaci\u00f3n de la Especializaci\u00f3n en Archiv\u00edstica, que imparte el Centro de Formaci\u00f3n en Transparencia (CEDAI), del Inaip Yucat\u00e1n, sumando 110 egresados del servicio p\u00fablico estatal, desde que se empez\u00f3 a impartir esta capacitaci\u00f3n en 2015. Lo anterior fue informado por el Comisionado Presidente del Instituto Estatal de Transparencia, Acceso &hellip;<\/p>\n","protected":false},"author":5,"featured_media":121423,"comment_status":"open","ping_status":"open","sticky":false,"template":"","format":"standard","meta":{"_mi_skip_tracking":false},"categories":[50,37],"tags":[20268,20269,535],"_links":{"self":[{"href":"https:\/\/visionpeninsular.com\/mid\/wp-json\/wp\/v2\/posts\/121421"}],"collection":[{"href":"https:\/\/visionpeninsular.com\/mid\/wp-json\/wp\/v2\/posts"}],"about":[{"href":"https:\/\/visionpeninsular.com\/mid\/wp-json\/wp\/v2\/types\/post"}],"author":[{"embeddable":true,"href":"https:\/\/visionpeninsular.com\/mid\/wp-json\/wp\/v2\/users\/5"}],"replies":[{"embeddable":true,"href":"https:\/\/visionpeninsular.com\/mid\/wp-json\/wp\/v2\/comments?post=121421"}],"version-history":[{"count":1,"href":"https:\/\/visionpeninsular.com\/mid\/wp-json\/wp\/v2\/posts\/121421\/revisions"}],"predecessor-version":[{"id":121424,"href":"https:\/\/visionpeninsular.com\/mid\/wp-json\/wp\/v2\/posts\/121421\/revisions\/121424"}],"wp:featuredmedia":[{"embeddable":true,"href":"https:\/\/visionpeninsular.com\/mid\/wp-json\/wp\/v2\/media\/121423"}],"wp:attachment":[{"href":"https:\/\/visionpeninsular.com\/mid\/wp-json\/wp\/v2\/media?parent=121421"}],"wp:term":[{"taxonomy":"category","embeddable":true,"href":"https:\/\/visionpeninsular.com\/mid\/wp-json\/wp\/v2\/categories?post=121421"},{"taxonomy":"post_tag","embeddable":true,"href":"https:\/\/visionpeninsular.com\/mid\/wp-json\/wp\/v2\/tags?post=121421"}],"curies":[{"name":"wp","href":"https:\/\/api.w.org\/{rel}","templated":true}]}}