{"id":12118,"date":"2016-09-12T05:59:27","date_gmt":"2016-09-12T10:59:27","guid":{"rendered":"http:\/\/visionpeninsular.com\/mid\/?p=12118"},"modified":"2016-09-12T05:59:27","modified_gmt":"2016-09-12T10:59:27","slug":"decenas-de-feligreses-se-reunen-para-conmemorar-la-llegada-del-cristo-negro-a-campeche","status":"publish","type":"post","link":"https:\/\/visionpeninsular.com\/mid\/decenas-de-feligreses-se-reunen-para-conmemorar-la-llegada-del-cristo-negro-a-campeche\/","title":{"rendered":"Decenas de feligreses se re\u00fanen para conmemorar la llegada del Cristo Negro a Campeche"},"content":{"rendered":"<p>El Cristo Negro de San Rom\u00e1n, la imagen m\u00e1s venerada por cat\u00f3licos campechanos, recorri\u00f3 este domingo la Bah\u00eda de Campeche acompa\u00f1ado de poco m\u00e1s de 50 embarcaciones cumpliendo con esta tradici\u00f3n que era celebrada cada 25 a\u00f1os hasta antes del 2008. <\/p>\n<p>Al respecto, el Obispo de Campeche, Francisco Gonz\u00e1lez Gonz\u00e1lez, record\u00f3 que este Cristo hecho de \u00e9bano africano &#8220;Desde un principio se le declar\u00f3 patrono de los marinos. \u00c9l lleg\u00f3 por el mar en medio de una tormenta. Los marinos cuando se van al mar, sobre todo a altamar, corren muchos riesgos y por eso se encomiendan a \u00e9l para que los proteja de todo peligro y tambi\u00e9n les conceda un producto abundante de su trabajo, la pesca&#8221;.<\/p>\n<p>Ahora la fe de los campechanos se ha fortalecido pues desde el 2008 a\u00f1o con a\u00f1o realizan esta fascinante celebraci\u00f3n de la Imagen del Cristo Negro a la que no solo los campechanos se sienten atra\u00eddos, sino que se report\u00f3 que visitantes de toda la Pen\u00ednsula de Yucat\u00e1n arribaron al destino para presenciar la ceremonia. <\/p>\n<p>Cabe se\u00f1alar que tras los recorridos en el mar; el Cristo Negro regreso a la Iglesia de San Rom\u00e1n para recibir el Homenaje de Fe y Amor de los cat\u00f3licos. <\/p>\n<div class='share-to-whatsapp-wrapper'><div class='share-on-whsp'>Share on: <\/div><a data-text='Decenas de feligreses se re\u00fanen para conmemorar la llegada del Cristo Negro a Campeche' data-link='https:\/\/visionpeninsular.com\/mid\/decenas-de-feligreses-se-reunen-para-conmemorar-la-llegada-del-cristo-negro-a-campeche\/' class='whatsapp-button whatsapp-share'>WhatsApp<\/a><div class='clear '><\/div><\/div>","protected":false},"excerpt":{"rendered":"<p>El Cristo Negro de San Rom\u00e1n, la imagen m\u00e1s venerada por cat\u00f3licos campechanos, recorri\u00f3 este domingo la Bah\u00eda de Campeche acompa\u00f1ado de poco m\u00e1s de 50 embarcaciones cumpliendo con esta tradici\u00f3n que era celebrada cada 25 a\u00f1os hasta antes del 2008. Al respecto, el Obispo de Campeche, Francisco Gonz\u00e1lez Gonz\u00e1lez, record\u00f3 que este Cristo hecho &hellip;<\/p>\n","protected":false},"author":1,"featured_media":12119,"comment_status":"open","ping_status":"open","sticky":false,"template":"","format":"standard","meta":{"_mi_skip_tracking":false},"categories":[46],"tags":[2154,186],"_links":{"self":[{"href":"https:\/\/visionpeninsular.com\/mid\/wp-json\/wp\/v2\/posts\/12118"}],"collection":[{"href":"https:\/\/visionpeninsular.com\/mid\/wp-json\/wp\/v2\/posts"}],"about":[{"href":"https:\/\/visionpeninsular.com\/mid\/wp-json\/wp\/v2\/types\/post"}],"author":[{"embeddable":true,"href":"https:\/\/visionpeninsular.com\/mid\/wp-json\/wp\/v2\/users\/1"}],"replies":[{"embeddable":true,"href":"https:\/\/visionpeninsular.com\/mid\/wp-json\/wp\/v2\/comments?post=12118"}],"version-history":[{"count":1,"href":"https:\/\/visionpeninsular.com\/mid\/wp-json\/wp\/v2\/posts\/12118\/revisions"}],"predecessor-version":[{"id":12120,"href":"https:\/\/visionpeninsular.com\/mid\/wp-json\/wp\/v2\/posts\/12118\/revisions\/12120"}],"wp:featuredmedia":[{"embeddable":true,"href":"https:\/\/visionpeninsular.com\/mid\/wp-json\/wp\/v2\/media\/12119"}],"wp:attachment":[{"href":"https:\/\/visionpeninsular.com\/mid\/wp-json\/wp\/v2\/media?parent=12118"}],"wp:term":[{"taxonomy":"category","embeddable":true,"href":"https:\/\/visionpeninsular.com\/mid\/wp-json\/wp\/v2\/categories?post=12118"},{"taxonomy":"post_tag","embeddable":true,"href":"https:\/\/visionpeninsular.com\/mid\/wp-json\/wp\/v2\/tags?post=12118"}],"curies":[{"name":"wp","href":"https:\/\/api.w.org\/{rel}","templated":true}]}}