{"id":121119,"date":"2020-03-25T08:57:22","date_gmt":"2020-03-25T14:57:22","guid":{"rendered":"http:\/\/visionpeninsular.com\/mid\/?p=121119"},"modified":"2020-03-25T08:57:37","modified_gmt":"2020-03-25T14:57:37","slug":"mauricio-vila-envia-al-congreso-iniciativa-de-estimulos-fiscales-y-economicos","status":"publish","type":"post","link":"https:\/\/visionpeninsular.com\/mid\/mauricio-vila-envia-al-congreso-iniciativa-de-estimulos-fiscales-y-economicos\/","title":{"rendered":"Mauricio Vila env\u00eda al Congreso iniciativa de est\u00edmulos fiscales y econ\u00f3micos"},"content":{"rendered":"\n<p><em>Env\u00eda el Gobernador\nMauricio Vila Dosal al Congreso del Estado una iniciativa con un paquete de\nest\u00edmulos fiscales y econ\u00f3micos para proteger los empleos de los yucatecos<\/em><\/p>\n\n\n\n<p>El Gobernador Mauricio Vila Dosal envi\u00f3 el d\u00eda de ayer al\nCongreso del Estado, &nbsp;una iniciativa que\ncontiene un paquete de est\u00edmulos y beneficios fiscales y econ\u00f3micos para\nproteger los empleos de los yucatecos ante la contingencia por el Coronavirus\nCovid-19. <\/p>\n\n\n\n<p>El consejero Jur\u00eddico, Mauricio Tappan Silveira, entreg\u00f3 dicha\npropuesta para ser analizada, discutida y, en su caso, aprobada por los\ndiputados integrantes de la 62 Legislatura, la cual fue recibida por el\nsecretario general del Poder Legislativo, Mart\u00edn Chuc Pereira, en presencia de\nlos presidentes de la Junta de Gobierno y Coordinaci\u00f3n Pol\u00edtica del Congreso\ndel Estado, Felipe Cervera Hern\u00e1ndez y de la Comisi\u00f3n de Vigilancia de la\nCuenta P\u00fablica, Transparencia y Anticorrupci\u00f3n, Alejandro Cuevas Mena.&nbsp; <\/p>\n\n\n\n<p>Hay que recordar que, en el mensaje que dirigi\u00f3 a la poblaci\u00f3n,\nVila Dosal anunci\u00f3 que enviar\u00eda al Congreso local esta iniciativa para que\nYucat\u00e1n pueda afrontar el complicado escenario previsto debido al impacto\necon\u00f3mico de la contingencia sanitaria, mediante acciones que permitan\nreactivar la econom\u00eda del estado y, con ello, garantizar el ingreso econ\u00f3mico\nde las familias yucatecas.<\/p>\n<div class='share-to-whatsapp-wrapper'><div class='share-on-whsp'>Share on: <\/div><a data-text='Mauricio Vila env\u00eda al Congreso iniciativa de est\u00edmulos fiscales y econ\u00f3micos' data-link='https:\/\/visionpeninsular.com\/mid\/mauricio-vila-envia-al-congreso-iniciativa-de-estimulos-fiscales-y-economicos\/' class='whatsapp-button whatsapp-share'>WhatsApp<\/a><div class='clear '><\/div><\/div>","protected":false},"excerpt":{"rendered":"<p>Env\u00eda el Gobernador Mauricio Vila Dosal al Congreso del Estado una iniciativa con un paquete de est\u00edmulos fiscales y econ\u00f3micos para proteger los empleos de los yucatecos El Gobernador Mauricio Vila Dosal envi\u00f3 el d\u00eda de ayer al Congreso del Estado, &nbsp;una iniciativa que contiene un paquete de est\u00edmulos y beneficios fiscales y econ\u00f3micos para &hellip;<\/p>\n","protected":false},"author":5,"featured_media":121121,"comment_status":"open","ping_status":"open","sticky":false,"template":"","format":"standard","meta":{"_mi_skip_tracking":false},"categories":[49,37],"tags":[2066,20206,20207],"_links":{"self":[{"href":"https:\/\/visionpeninsular.com\/mid\/wp-json\/wp\/v2\/posts\/121119"}],"collection":[{"href":"https:\/\/visionpeninsular.com\/mid\/wp-json\/wp\/v2\/posts"}],"about":[{"href":"https:\/\/visionpeninsular.com\/mid\/wp-json\/wp\/v2\/types\/post"}],"author":[{"embeddable":true,"href":"https:\/\/visionpeninsular.com\/mid\/wp-json\/wp\/v2\/users\/5"}],"replies":[{"embeddable":true,"href":"https:\/\/visionpeninsular.com\/mid\/wp-json\/wp\/v2\/comments?post=121119"}],"version-history":[{"count":1,"href":"https:\/\/visionpeninsular.com\/mid\/wp-json\/wp\/v2\/posts\/121119\/revisions"}],"predecessor-version":[{"id":121122,"href":"https:\/\/visionpeninsular.com\/mid\/wp-json\/wp\/v2\/posts\/121119\/revisions\/121122"}],"wp:featuredmedia":[{"embeddable":true,"href":"https:\/\/visionpeninsular.com\/mid\/wp-json\/wp\/v2\/media\/121121"}],"wp:attachment":[{"href":"https:\/\/visionpeninsular.com\/mid\/wp-json\/wp\/v2\/media?parent=121119"}],"wp:term":[{"taxonomy":"category","embeddable":true,"href":"https:\/\/visionpeninsular.com\/mid\/wp-json\/wp\/v2\/categories?post=121119"},{"taxonomy":"post_tag","embeddable":true,"href":"https:\/\/visionpeninsular.com\/mid\/wp-json\/wp\/v2\/tags?post=121119"}],"curies":[{"name":"wp","href":"https:\/\/api.w.org\/{rel}","templated":true}]}}