{"id":120958,"date":"2020-03-23T11:37:44","date_gmt":"2020-03-23T17:37:44","guid":{"rendered":"http:\/\/visionpeninsular.com\/mid\/?p=120958"},"modified":"2020-03-23T11:37:53","modified_gmt":"2020-03-23T17:37:53","slug":"pesimismo-y-optimismo","status":"publish","type":"post","link":"https:\/\/visionpeninsular.com\/mid\/pesimismo-y-optimismo\/","title":{"rendered":"Pesimismo y optimismo"},"content":{"rendered":"\n<p>Covid-19: dos escenarios<\/p>\n\n\n\n<p>Antonio Salgado Borge (*)<\/p>\n\n\n\n<p>Fuente: Diario de Yucat\u00e1n<\/p>\n\n\n\n<p>Para algunas personas, las respuestas institucionales al\nCovid-19, como el aislamiento social o el cierre de fronteras, son el pre\u00e1mbulo\nde una suerte de apocalipsis. Para otras, son la oportunidad de bromear,\nencerrarse en casa o, de plano, salir a divertirse.<\/p>\n\n\n\n<p>Lo cierto es que estamos ante una emergencia que debe ser\ntomada con toda seriedad y que a\u00fan no es posible saber a ciencia cierta los\nefectos de la actual pandemia.<\/p>\n\n\n\n<p>En este art\u00edculo, revisar\u00e9 una versi\u00f3n pesimista y una\noptimista de lo que podr\u00eda dejarnos el Covid-19.<\/p>\n\n\n\n<p>Pesimismo<\/p>\n\n\n\n<p>La forma m\u00e1s cruda y contundente de cuantificar el impacto\nnegativo del Covid-19 es, claro est\u00e1, apelando al n\u00famero de personas que\nfallecer\u00e1n v\u00edctimas de este virus. Las estimaciones m\u00e1s negativas que tienen\nfundamento cient\u00edfico son escalofriantes. Por ejemplo, de acuerdo con el doctor\nNeil Ferguson, uno de los epidemi\u00f3logos m\u00e1s respetados del mundo, tan s\u00f3lo en\nEstados Unidos el Covid-19 podr\u00eda causar 2.2 millones de muertes (\u201cThe New York\nTimes\u201d, 20\/03\/2020).<\/p>\n\n\n\n<p>Si bien la mortalidad del virus en las personas infectadas\nno es uniforme por estar asociada con factores individuales, como la edad o la\npresencia de condiciones preexistentes, y factores sociales, como la atenci\u00f3n\nm\u00e9dica pronta, en el peor escenario millones de personas en distintos pa\u00edses,\nprincipalmente las m\u00e1s vulnerables, morir\u00edan.<\/p>\n\n\n\n<p>Seg\u00fan proyecciones de la Comisi\u00f3n Econ\u00f3mica para Am\u00e9rica\nLatina y el Caribe (Cepal), \u201cla pobreza en Latinoam\u00e9rica aumentar\u00e1 este a\u00f1o en\n5.6 puntos como consecuencia de la pandemia del coronavirus y llegar\u00e1 a 35.4\npor ciento, lo que implicar\u00e1 un retroceso social de 13 a\u00f1os para la regi\u00f3n\u201d. Adem\u00e1s,\n\u201cla emergencia sanitaria le costar\u00e1 a Am\u00e9rica Latina 3.1 puntos del Producto\nInterno Bruto (PIB) regional y podr\u00eda llevar a que el desempleo suba en diez\npuntos porcentuales. La desocupaci\u00f3n pasar\u00eda de 8.2 por ciento a alrededor de\n18 por ciento, un porcentaje que no se ve\u00eda desde la crisis de la deuda de los\n80\u201d (\u201cProceso\u201d, 20\/03\/2020).<\/p>\n\n\n\n<p>Lo poco que se ha ganado lentamente en este per\u00edodo se\nperder\u00e1 de un plumazo como consecuencia del Covid-19. A su vez, es esperable\nque problemas sociales vinculados con este fen\u00f3meno, como el retroceso en\neducaci\u00f3n, salud o la multiplicaci\u00f3n de las personas \u201csin techo\u201d y la presencia\nde actividades econ\u00f3micas informales se vean igualmente afectados. Esto es, la\npandemia arruinar\u00e1 vidas incluso muchos a\u00f1os despu\u00e9s de que los hospitales se\nhayan vaciado.<\/p>\n\n\n\n<p>El Covid-19 tambi\u00e9n alterar\u00eda radicalmente la forma en que\ninteractuamos socialmente. Tal como lo expres\u00f3 Gideon Lichfield recientemente,\n\u201ctodos queremos que las cosas vuelvan a la normalidad r\u00e1pidamente. Pero lo que\nla mayor\u00eda de nosotros probablemente no hemos apreciado \u2014pero pronto lo\nharemos\u2014 es que las cosas no volver\u00e1n a la normalidad dentro de unas semanas, o\nincluso dentro de algunos meses. Algunas cosas nunca lo har\u00e1n\u201d (\u201cMIT Technology\nReview\u201d, 17\/03\/2020).<\/p>\n\n\n\n<p>El problema principal es que incluso si aplican las medidas\nadecuadas para lograr contener el actual escenario, como el aislamiento social,\nlos brotes del Covid-19 seguir\u00e1n apareciendo si no se replican regularmente\nestas medidas. Esto significa que el aislamiento social habr\u00eda llegado para\nquedarse. Lo que es peor, un estudio del Imperial College de Londres anuncia\nque, para ser efectivo, el distanciamiento social se tendr\u00eda que aplicar \u00a175%\ndel tiempo! En la pr\u00e1ctica, esto se traducir\u00e1 en cambios en la manera de\nrelacionarnos, cierre de establecimientos comerciales tradicionales \u2014como\nrestaurantes o gimnasios\u2014 cambios en la forma en el formato educativo\n\u2014orientado a clases en l\u00ednea\u2014 y mucho m\u00e1s trabajo desde casa, con las\nconsecuencias en t\u00e9rminos de empleos y econ\u00f3micos que esto implica.<\/p>\n\n\n\n<p>Optimismo<\/p>\n\n\n\n<p>En el escenario m\u00e1s optimista, el virus muta y desaparece\npor s\u00ed solo. De acuerdo con el doctor Larry Brilliant, uno de los individuos\nclave en la erradicaci\u00f3n del sarampi\u00f3n cuyas opiniones fueron recabadas por\nNicholas Kristoff en The New York Times, esto no es del todo descabellado. Los\nantecedentes m\u00e1s inmediatos son los del SARS y el MERS, dos coronavirus letales\nque se han diluido. S\u00f3lo en las pel\u00edculas los virus mutan para convertirse en\nm\u00e1s peligrosos\u201d, (20\/03\/2020). Esto significa que existe una posibilidad real\nde que, as\u00ed como ha llegado, el Covid-19 termine desapareciendo de nuestras\nvidas antes de desaparecer muchas de nuestras vidas.<\/p>\n\n\n\n<p>Desde luego, este es un fen\u00f3meno al que nuestros gobernantes\nhar\u00edan muy mal en apostar. Esto es, las medidas de aislamiento social son\nindispensables hasta no saber cu\u00e1l es el caso.<\/p>\n\n\n\n<p>En el mismo sentido, pero dram\u00e1ticamente m\u00e1s moderado, es\nposible que el impacto del Covid-19 se minimice y se vuelva parte normal de\nnuestras vidas. A esto es a lo que apuestan gobiernos como el de Gran Breta\u00f1a o\nel de los Pa\u00edses Bajos cuando defienden su estrategia de \u201cinmunidad de manada\u201d.\nLa idea detr\u00e1s de esta estrategia es que \u201ccuando el n\u00famero de personas que es\nresistente al virus \u2014quienes han sobrevivido a \u00e9ste\u2014 es suficiente, el virus se\ndetiene naturalmente porque ya no hay suficientes personas que pueden\ntransmitirlo. As\u00ed, la manada es inmune, aunque un buen n\u00famero individuos dentro\nde ella no lo son\u201d (\u201cMIT Techology Review\u201d, 17\/02\/2020).<\/p>\n\n\n\n<p>Desde luego, la estrategia anterior implica que muchas\npersonas morir\u00e1n antes de llegar a este punto, pero el c\u00e1lculo es que ese da\u00f1o\nes a estas alturas inevitable y que la humanidad debe ver hacia adelante, pues\nalrededor de 60% de las personas eventualmente tendr\u00e1n el Covid-19. Lo\nimportante para efectos de la lectura \u201coptimista\u201d \u2014entre comillas\u2014 es que el\nda\u00f1o de este virus est\u00e1 topado; esto es, que no estamos ante un fen\u00f3meno que\nterminar\u00e1 aniquilando a nuestra especie.<\/p>\n\n\n\n<p>Pero el Covid-19 tambi\u00e9n podr\u00eda traer consigo cambios\nsociales positivos. Por ejemplo, ante la emergencia, algunos gobiernos han\nanunciado que cubrir\u00e1n los salarios de las personas que no puedan trabajar.\nEsto podr\u00eda ser el inicio de una ruta rumbo al ingreso universal b\u00e1sico, la\nidea de que a cada persona le corresponde un ingreso por el simple hecho de\nrespirar. Durante a\u00f1os distintos economistas los efectos econ\u00f3micos y sociales\nque esto generar\u00eda (\u201cBloomberg\u201d, 19\/02\/ 2019). La actual situaci\u00f3n podr\u00eda abrir\nla puerta al establecimiento de esta pol\u00edtica.<\/p>\n\n\n\n<p>Adem\u00e1s, la actual pandemia ha subrayado la importancia de\ncontar con sistemas de salud p\u00fablicos y robustos. Esto va directamente contra\nla tendencia neoliberal de privatizar todo lo privatizable. En este sentido,\nllama la atenci\u00f3n que pol\u00edticos que han defendido el modelo neoliberal ahora se\nrasguen las vestiduras ante la falta de capacidad de los gobiernos de hacer\nfrente a la contingencia.<\/p>\n\n\n\n<p>Recordatorio<\/p>\n\n\n\n<p>Lo importante es que el Covid-19 y la posibilidad de m\u00e1s\npandemias tendr\u00eda que servir como recordatorio de que un verdadero Estado de\nBienestar es indispensable para minimizar el impacto humano y econ\u00f3mico de\nestos fen\u00f3menos. Tal como lo ha se\u00f1alado Owen Jones para \u201cThe Guardian\u201d, una de\nlas terribles lecciones de una pandemia que afecta particularmente a las\npersonas en condiciones de vida m\u00e1s precarias, es que \u201cla desigualdad mata\u201d (\n14\/03\/2020).<\/p>\n\n\n\n<p>Otro cambio importante tiene que ver con la emergencia\nclim\u00e1tica. En un sentido, la emergencia de virus est\u00e1 directamente relacionada\ncon la imparable destrucci\u00f3n humana de diversos h\u00e1bitats. La transmisi\u00f3n de\nenfermedades de animales a humanos es \u201cun costo oculto del desarrollo\necon\u00f3mico. Nuestra presencia con fines de explotaci\u00f3n en lugares otrora\nperturbados tiene como consecuencia que cada d\u00eda estamos siendo expuestos a m\u00e1s\npat\u00f3genos (\u201cScientific American\u201d, 18\/03\/2020). El Covid-19 es un recordatorio\nde las consecuencias de nuestros actos.<\/p>\n\n\n\n<p>Pero en otro sentido, el Covid-19 tambi\u00e9n nos recuerda la\ncapacidad de distintas naciones de reaccionar decididamente para hacer frente a\nuna emergencia, que va de la mano con la capacidad del p\u00fablico de alarmarse\nante fen\u00f3menos que claramente cobrar\u00e1n muchas vidas y alterar\u00e1n la forma en que\nla existencia de las personas sobrevivientes.\u2014Edimburgo, Reino Unido<\/p>\n\n\n\n<p>asalgadoborge@gmail.com<\/p>\n\n\n\n<p>@asalgadoborge<\/p>\n\n\n\n<p>Antonio Salgado Borge<\/p>\n\n\n\n<p>Candidato a doctor en Filosof\u00eda (Universidad de Edimburgo).\nMaestro en Filosof\u00eda (Universidad de Edimburgo) y maestro en Estudios\nHuman\u00edsticos (Itesm)<\/p>\n<div class='share-to-whatsapp-wrapper'><div class='share-on-whsp'>Share on: <\/div><a data-text='Pesimismo y optimismo' data-link='https:\/\/visionpeninsular.com\/mid\/pesimismo-y-optimismo\/' class='whatsapp-button whatsapp-share'>WhatsApp<\/a><div class='clear '><\/div><\/div>","protected":false},"excerpt":{"rendered":"<p>Covid-19: dos escenarios Antonio Salgado Borge (*) Fuente: Diario de Yucat\u00e1n Para algunas personas, las respuestas institucionales al Covid-19, como el aislamiento social o el cierre de fronteras, son el pre\u00e1mbulo de una suerte de apocalipsis. Para otras, son la oportunidad de bromear, encerrarse en casa o, de plano, salir a divertirse. Lo cierto es &hellip;<\/p>\n","protected":false},"author":5,"featured_media":120960,"comment_status":"open","ping_status":"open","sticky":false,"template":"","format":"standard","meta":{"_mi_skip_tracking":false},"categories":[44],"tags":[846,20163,20164],"_links":{"self":[{"href":"https:\/\/visionpeninsular.com\/mid\/wp-json\/wp\/v2\/posts\/120958"}],"collection":[{"href":"https:\/\/visionpeninsular.com\/mid\/wp-json\/wp\/v2\/posts"}],"about":[{"href":"https:\/\/visionpeninsular.com\/mid\/wp-json\/wp\/v2\/types\/post"}],"author":[{"embeddable":true,"href":"https:\/\/visionpeninsular.com\/mid\/wp-json\/wp\/v2\/users\/5"}],"replies":[{"embeddable":true,"href":"https:\/\/visionpeninsular.com\/mid\/wp-json\/wp\/v2\/comments?post=120958"}],"version-history":[{"count":1,"href":"https:\/\/visionpeninsular.com\/mid\/wp-json\/wp\/v2\/posts\/120958\/revisions"}],"predecessor-version":[{"id":120961,"href":"https:\/\/visionpeninsular.com\/mid\/wp-json\/wp\/v2\/posts\/120958\/revisions\/120961"}],"wp:featuredmedia":[{"embeddable":true,"href":"https:\/\/visionpeninsular.com\/mid\/wp-json\/wp\/v2\/media\/120960"}],"wp:attachment":[{"href":"https:\/\/visionpeninsular.com\/mid\/wp-json\/wp\/v2\/media?parent=120958"}],"wp:term":[{"taxonomy":"category","embeddable":true,"href":"https:\/\/visionpeninsular.com\/mid\/wp-json\/wp\/v2\/categories?post=120958"},{"taxonomy":"post_tag","embeddable":true,"href":"https:\/\/visionpeninsular.com\/mid\/wp-json\/wp\/v2\/tags?post=120958"}],"curies":[{"name":"wp","href":"https:\/\/api.w.org\/{rel}","templated":true}]}}