{"id":120915,"date":"2020-03-22T16:04:55","date_gmt":"2020-03-22T22:04:55","guid":{"rendered":"http:\/\/visionpeninsular.com\/mid\/?p=120915"},"modified":"2020-03-22T16:05:08","modified_gmt":"2020-03-22T22:05:08","slug":"el-centro-de-reinsercion-social-de-merida-fortalece-sus-medidas-sanitarias-ante-contingencia","status":"publish","type":"post","link":"https:\/\/visionpeninsular.com\/mid\/el-centro-de-reinsercion-social-de-merida-fortalece-sus-medidas-sanitarias-ante-contingencia\/","title":{"rendered":"El Centro de Reinserci\u00f3n Social de M\u00e9rida fortalece sus medidas sanitarias ante contingencia"},"content":{"rendered":"\n<p><em>-Para reforzar las\nmedidas sanitarias que se aplican en el Centro de Reinserci\u00f3n Social (Cereso)\nde M\u00e9rida, se instalaron lavamanos y personal toma la temperatura en puntos\nestrat\u00e9gicos de acceso.<\/em><\/p>\n\n\n\n<p>El Centro de Reinserci\u00f3n Social (Cereso) de M\u00e9rida reforz\u00f3\nlas medidas de prevenci\u00f3n ante la contingencia por el coronavirus Covid-19,\nprincipalmente entre las personas que por alg\u00fan motivo ingresan al centro\npenitenciario, quienes tienen que pasar filtros donde deben lavarse las manos\ncon agua y jab\u00f3n y se les toma la temperatura para detectar posibles s\u00edntomas\nrelacionados a esta enfermedad.<\/p>\n\n\n\n<figure class=\"wp-block-image size-large\"><img loading=\"lazy\" width=\"1024\" height=\"682\" src=\"http:\/\/visionpeninsular.com\/mid\/wp-content\/uploads\/2020\/03\/WhatsApp-Image-2020-03-22-at-2.27.40-PM.jpeg\" alt=\"\" class=\"wp-image-120918\" srcset=\"https:\/\/visionpeninsular.com\/mid\/wp-content\/uploads\/2020\/03\/WhatsApp-Image-2020-03-22-at-2.27.40-PM.jpeg 1024w, https:\/\/visionpeninsular.com\/mid\/wp-content\/uploads\/2020\/03\/WhatsApp-Image-2020-03-22-at-2.27.40-PM-300x200.jpeg 300w, https:\/\/visionpeninsular.com\/mid\/wp-content\/uploads\/2020\/03\/WhatsApp-Image-2020-03-22-at-2.27.40-PM-768x512.jpeg 768w, https:\/\/visionpeninsular.com\/mid\/wp-content\/uploads\/2020\/03\/WhatsApp-Image-2020-03-22-at-2.27.40-PM-310x205.jpeg 310w\" sizes=\"(max-width: 1024px) 100vw, 1024px\" \/><\/figure>\n\n\n\n<p>Como parte de estas acciones instruidas por el Gobierno de\nMauricio Vila Dosal, la direcci\u00f3n del penal meridano instal\u00f3 estrat\u00e9gicamente\nlavamanos con dispensadores de jab\u00f3n en sus filtros de acceso, donde tambi\u00e9n se\nrealiza la toma de temperatura, para que las persona cumplan con las buenas\npr\u00e1cticas y con ello proteger la salud de todos.<\/p>\n\n\n\n<figure class=\"wp-block-image size-large\"><img loading=\"lazy\" width=\"1024\" height=\"682\" src=\"http:\/\/visionpeninsular.com\/mid\/wp-content\/uploads\/2020\/03\/WhatsApp-Image-2020-03-22-at-2.27.40-PM-1.jpeg\" alt=\"\" class=\"wp-image-120919\" srcset=\"https:\/\/visionpeninsular.com\/mid\/wp-content\/uploads\/2020\/03\/WhatsApp-Image-2020-03-22-at-2.27.40-PM-1.jpeg 1024w, https:\/\/visionpeninsular.com\/mid\/wp-content\/uploads\/2020\/03\/WhatsApp-Image-2020-03-22-at-2.27.40-PM-1-300x200.jpeg 300w, https:\/\/visionpeninsular.com\/mid\/wp-content\/uploads\/2020\/03\/WhatsApp-Image-2020-03-22-at-2.27.40-PM-1-768x512.jpeg 768w, https:\/\/visionpeninsular.com\/mid\/wp-content\/uploads\/2020\/03\/WhatsApp-Image-2020-03-22-at-2.27.40-PM-1-310x205.jpeg 310w\" sizes=\"(max-width: 1024px) 100vw, 1024px\" \/><\/figure>\n\n\n\n<p>El director del Cereso de M\u00e9rida, Francisco Javier Brito\nHerrera, record\u00f3 que el aseo adecuado y constante lavado de manos forma parte\nde la serie de recomendaciones emitidas por el Gobierno del Estado, mediante la\nSecretar\u00eda de Salud de Yucat\u00e1n (SSY), para prevenir el contagio del\ncoronavirus, que comprenden sencillos procedimientos de higiene, tanto\npersonales como del entorno, que incluyen el exhorto a mantener una sana\ndistancia y evitar el contacto f\u00edsico.<\/p>\n\n\n\n<figure class=\"wp-block-image size-large\"><img loading=\"lazy\" width=\"1024\" height=\"682\" src=\"http:\/\/visionpeninsular.com\/mid\/wp-content\/uploads\/2020\/03\/WhatsApp-Image-2020-03-22-at-2.27.41-PM.jpeg\" alt=\"\" class=\"wp-image-120920\" srcset=\"https:\/\/visionpeninsular.com\/mid\/wp-content\/uploads\/2020\/03\/WhatsApp-Image-2020-03-22-at-2.27.41-PM.jpeg 1024w, https:\/\/visionpeninsular.com\/mid\/wp-content\/uploads\/2020\/03\/WhatsApp-Image-2020-03-22-at-2.27.41-PM-300x200.jpeg 300w, https:\/\/visionpeninsular.com\/mid\/wp-content\/uploads\/2020\/03\/WhatsApp-Image-2020-03-22-at-2.27.41-PM-768x512.jpeg 768w, https:\/\/visionpeninsular.com\/mid\/wp-content\/uploads\/2020\/03\/WhatsApp-Image-2020-03-22-at-2.27.41-PM-310x205.jpeg 310w\" sizes=\"(max-width: 1024px) 100vw, 1024px\" \/><\/figure>\n\n\n\n<p>El funcionario coment\u00f3 que, como parte de esta estrategia,\nse aplica un filtro sanitario a todas las personas que ingresan a las\ninstalaciones. Por lo tanto, explic\u00f3, cada individuo pasa por este espacio y se\nle mide su temperatura corporal, por medio de term\u00f3metros digitales de frente,\nque tienen como caracter\u00edstica no tocar a quien se revisa.<\/p>\n\n\n\n<p>Brito Herrera se\u00f1al\u00f3 que otras de las acciones implementadas\ndesde el comienzo de la contingencia sanitaria son la colocaci\u00f3n de carteles\ninformativos en maya y espa\u00f1ol, los cuales especifican las recomendaciones\npreventivas y explican los s\u00edntomas de la enfermedad, as\u00ed como la instalaci\u00f3n\nen puntos estrat\u00e9gicos de botellas con gel antibacterial.<\/p>\n\n\n\n<p>De igual manera, agreg\u00f3, se le distribuye mascarillas o\ncubre bocas y guantes de pl\u00e1stico a los trabajadores en el ejercicio de sus\nfunciones, con especial atenci\u00f3n al personal que interact\u00faa con visitantes o\ncon p\u00fablico en general que requiere de alguna informaci\u00f3n.<\/p>\n\n\n\n<p>El operativo de limpieza profunda y desinfecci\u00f3n de las\ninstalaciones tambi\u00e9n lleg\u00f3 al Cereso de M\u00e9rida, donde Brito Herrera supervis\u00f3\nde manera personal que se realice adecuadamente en el complejo: oficinas\nadministrativas y todos los m\u00f3dulos del lugar, as\u00ed como la panader\u00eda, la cocina\ny la cl\u00ednica.<\/p>\n\n\n\n<p>Dichas acciones se extienden a todo el sistema\npenitenciario, incluyendo el Centro Especializado en la Aplicaci\u00f3n de Medidas\npara Adolescentes (Ceama), inform\u00f3 el director de Ejecuci\u00f3n y Reinserci\u00f3n\nSocial del Estado, Edgard Homero Rosado Mu\u00f1oz.<\/p>\n\n\n\n<p>El funcionario indic\u00f3 que con ese mismo objetivo, por el\nmomento y hasta nuevo aviso, se restringi\u00f3 las visitas de personas mayores de\n70 a\u00f1os, ni\u00f1as y ni\u00f1os, embarazadas y personas con discapacidad o enfermas de\ndiabetes e hipertensi\u00f3n.<\/p>\n\n\n\n<p>\u201cDe igual manera, se han cancelado los pases extras o\nespeciales que se otorgaban los martes, mi\u00e9rcoles y s\u00e1bados. S\u00f3lo se mantienen\nlas visitas de domingo familiar, con la restricci\u00f3n de que s\u00f3lo podr\u00e1 ingresar\nuna persona por cada interno y tiene que ser familiar directo, cuando antes\nhasta cinco pod\u00edan acceder\u201d, dijo.<\/p>\n\n\n\n<p>\u201cEstas medidas de prevenci\u00f3n, como las dem\u00e1s acciones de\nhigiene, continuar\u00e1n el tiempo que sea necesario, a fin de garantizar y\nsalvaguardar el derecho humano a la salud, tanto de las personas privadas de su\nlibertad como de los trabajadores y de las propias personas que, por alg\u00fan\nmotivo, acuden a los Centros de Reinserci\u00f3n Social del estado\u201d, concluy\u00f3.<\/p>\n\n\n\n<p>Hay que recordar que, el Gobierno de Mauricio Vila Dosal ha\nadoptado una serie de disposiciones para proteger a la poblaci\u00f3n y disminuir\nriesgos como la suspensi\u00f3n de las clases en todos los niveles educativos del 17\nde marzo al 20 de abril, y tambi\u00e9n la suspensi\u00f3n de los tr\u00e1mites de renovaci\u00f3n\nde placas vehiculares y de regularizaci\u00f3n del padr\u00f3n vehicular, los cuales se\nreanudar\u00e1n con los mismos beneficios para los ciudadanos el pr\u00f3ximo 20 de\nabril.<\/p>\n\n\n\n<p>Tambi\u00e9n por instrucci\u00f3n de Vila Dosal personas mayores de 70\na\u00f1os y con discapacidad, as\u00ed como mujeres embarazadas que colaboran en todas\nlas dependencias del Gobierno del Estado cuentan, hasta el pr\u00f3ximo 20 de abril,\nde licencia con goce de sueldo a fin de proteger a los m\u00e1s vulnerables.<\/p>\n\n\n\n<p>De igual manera, se anunci\u00f3 la suspensi\u00f3n de todas las\nactividades en las zonas arqueol\u00f3gicas de Chich\u00e9n Itz\u00e1 y Dzibilchalt\u00fan los d\u00edas\n20, 21 y 22 de marzo; as\u00ed como la creaci\u00f3n de un Comit\u00e9 de Asesoramiento con\nlos mejores epidemi\u00f3logos y expertos en salud p\u00fablica y privada de Yucat\u00e1n\nquienes, mediante recomendaciones y evaluaci\u00f3n de las medidas implementadas,\nrefuerzan al Consejo Estatal de Seguridad en Salud, que sesiona de manera\npermanente.<\/p>\n\n\n\n<p>Tambi\u00e9n se tom\u00f3 la determinaci\u00f3n de suspender eventos\nmasivos organizados por el Gobierno del Estado para evitar concentraciones de\nciudadanos y contribuir a la prevenci\u00f3n y el incremento de las tareas de\nlimpieza profunda y desinfecci\u00f3n en todos los edificios p\u00fablicos, as\u00ed como el\nestablecimiento de filtros sanitarios en el Aeropuerto de M\u00e9rida, las\nterminales de camiones y las carreteras de acceso al estado.<\/p>\n\n\n\n<p>Para continuar con los cuidados, el Gobierno del Estado de\nYucat\u00e1n ha instruido el cierre temporal, de bares, discotecas y centros\nnocturnos como parte de las medidas de prevenci\u00f3n ante la contingencia por el\ncoronavirus Covid-19. Restaurantes y caf\u00e9s seguir\u00e1n operando en forma normal,\ncon la obligaci\u00f3n de cerrar todos los d\u00edas a las 10 pm. Mientras que, se\ndispuso el cierre temporal de cines, clubes sociales y deportivos y gimnasios,\na partir de este lunes 23 de marzo.<\/p>\n<div class='share-to-whatsapp-wrapper'><div class='share-on-whsp'>Share on: <\/div><a data-text='El Centro de Reinserci\u00f3n Social de M\u00e9rida fortalece sus medidas sanitarias ante contingencia' data-link='https:\/\/visionpeninsular.com\/mid\/el-centro-de-reinsercion-social-de-merida-fortalece-sus-medidas-sanitarias-ante-contingencia\/' class='whatsapp-button whatsapp-share'>WhatsApp<\/a><div class='clear '><\/div><\/div>","protected":false},"excerpt":{"rendered":"<p>-Para reforzar las medidas sanitarias que se aplican en el Centro de Reinserci\u00f3n Social (Cereso) de M\u00e9rida, se instalaron lavamanos y personal toma la temperatura en puntos estrat\u00e9gicos de acceso. El Centro de Reinserci\u00f3n Social (Cereso) de M\u00e9rida reforz\u00f3 las medidas de prevenci\u00f3n ante la contingencia por el coronavirus Covid-19, principalmente entre las personas que &hellip;<\/p>\n","protected":false},"author":5,"featured_media":120917,"comment_status":"open","ping_status":"open","sticky":false,"template":"","format":"standard","meta":{"_mi_skip_tracking":false},"categories":[49,37],"tags":[20149,20019],"_links":{"self":[{"href":"https:\/\/visionpeninsular.com\/mid\/wp-json\/wp\/v2\/posts\/120915"}],"collection":[{"href":"https:\/\/visionpeninsular.com\/mid\/wp-json\/wp\/v2\/posts"}],"about":[{"href":"https:\/\/visionpeninsular.com\/mid\/wp-json\/wp\/v2\/types\/post"}],"author":[{"embeddable":true,"href":"https:\/\/visionpeninsular.com\/mid\/wp-json\/wp\/v2\/users\/5"}],"replies":[{"embeddable":true,"href":"https:\/\/visionpeninsular.com\/mid\/wp-json\/wp\/v2\/comments?post=120915"}],"version-history":[{"count":1,"href":"https:\/\/visionpeninsular.com\/mid\/wp-json\/wp\/v2\/posts\/120915\/revisions"}],"predecessor-version":[{"id":120921,"href":"https:\/\/visionpeninsular.com\/mid\/wp-json\/wp\/v2\/posts\/120915\/revisions\/120921"}],"wp:featuredmedia":[{"embeddable":true,"href":"https:\/\/visionpeninsular.com\/mid\/wp-json\/wp\/v2\/media\/120917"}],"wp:attachment":[{"href":"https:\/\/visionpeninsular.com\/mid\/wp-json\/wp\/v2\/media?parent=120915"}],"wp:term":[{"taxonomy":"category","embeddable":true,"href":"https:\/\/visionpeninsular.com\/mid\/wp-json\/wp\/v2\/categories?post=120915"},{"taxonomy":"post_tag","embeddable":true,"href":"https:\/\/visionpeninsular.com\/mid\/wp-json\/wp\/v2\/tags?post=120915"}],"curies":[{"name":"wp","href":"https:\/\/api.w.org\/{rel}","templated":true}]}}