{"id":120813,"date":"2020-03-21T10:32:44","date_gmt":"2020-03-21T16:32:44","guid":{"rendered":"http:\/\/visionpeninsular.com\/mid\/?p=120813"},"modified":"2020-03-21T10:32:59","modified_gmt":"2020-03-21T16:32:59","slug":"renan-llama-a-mantener-el-distanciamiento-social-para-frenar-el-covid-19","status":"publish","type":"post","link":"https:\/\/visionpeninsular.com\/mid\/renan-llama-a-mantener-el-distanciamiento-social-para-frenar-el-covid-19\/","title":{"rendered":"Ren\u00e1n llama a mantener el distanciamiento social para frenar el Covid-19"},"content":{"rendered":"\n<p>Con un llamado a mantener la coordinaci\u00f3n de esfuerzos por\nel bienestar de los ciudadanos, el alcalde Ren\u00e1n Barrera Concha se reuni\u00f3 este\nviernes con los regidores integrantes del cabildo meridano, ante quienes brind\u00f3\nun informe sobre las acciones de prevenci\u00f3n que hasta el momento la comuna ha\nimplementado en el municipio para enfrentar el Covid-19.<\/p>\n\n\n\n<p>Acompa\u00f1ado del Secretario de la Comuna, Alejandro Ruz, el\nOficial Mayor Mario Mart\u00ednez Laviada y el Secretario de Participaci\u00f3n\nCiudadana, Julio Sauma Castillo, el Concejal pidi\u00f3 a los integrantes del\ncabildo meridano su estrecha colaboraci\u00f3n con las medidas preventivas que\nllevan a cabo las diversas \u00e1reas del ayuntamiento.<\/p>\n\n\n\n<figure class=\"wp-block-image size-large\"><img loading=\"lazy\" width=\"800\" height=\"490\" src=\"http:\/\/visionpeninsular.com\/mid\/wp-content\/uploads\/2020\/03\/Rena\u0301n-coronavirs-1-scaled-1.jpeg\" alt=\"\" class=\"wp-image-120816\" srcset=\"https:\/\/visionpeninsular.com\/mid\/wp-content\/uploads\/2020\/03\/Rena\u0301n-coronavirs-1-scaled-1.jpeg 800w, https:\/\/visionpeninsular.com\/mid\/wp-content\/uploads\/2020\/03\/Rena\u0301n-coronavirs-1-scaled-1-300x184.jpeg 300w, https:\/\/visionpeninsular.com\/mid\/wp-content\/uploads\/2020\/03\/Rena\u0301n-coronavirs-1-scaled-1-768x470.jpeg 768w\" sizes=\"(max-width: 800px) 100vw, 800px\" \/><\/figure>\n\n\n\n<p>\u201cLa principal acci\u00f3n que debemos tener en cuenta y promover,\nes el distanciamiento social\u201d, indic\u00f3.<\/p>\n\n\n\n<p>En este encuentro, que se llev\u00f3 a cabo en el Centro Cultural\n\u201cOlimpo\u201d, los regidores de todas las bancadas refrendaron su colaboraci\u00f3n a las\nmedidas que se est\u00e1n adoptando para frenar la expansi\u00f3n del Covid-19 en el\nmunicipio. El alcalde agradeci\u00f3 esta colaboraci\u00f3n y reiter\u00f3 su apertura a\nescuchar nuevas aportaciones y sugerencias que puedan enriquecer las\nestrategias de prevenci\u00f3n y cuidado.<\/p>\n\n\n\n<p>Barrera Concha enfatiz\u00f3 que gracias a la comunicaci\u00f3n que se\ntiene con el Gobierno Estatal y Federal, el Ayuntamiento de M\u00e9rida ha logrado\nadoptar las medidas necesarias y recomendaciones para salvaguardar la salud de\nlos ciudadanos, principalmente a los grupos m\u00e1s vulnerables como son los\nmenores de edad, los adultos mayores y personas con discapacidad.<\/p>\n\n\n\n<p>En ese sentido, enfatiz\u00f3 que \u201chay que reforzar el tema\nsanitario, tarea en la que se necesita la colaboraci\u00f3n de todos\u201d. Al respecto,\nse mostr\u00f3 convencido de que la ciudad superar\u00e1 los posibles problemas\necon\u00f3micos, destacando la capacidad y dinamismo de los ciudadanos para\nreactivarse econ\u00f3micamente.<\/p>\n\n\n\n<p>\u201cTenemos una gran tarea hoy como funcionarios municipales,\nque es la de no dejar solos a los ciudadanos y apoyarlos durante esta\ncontingencia sanitaria, pero tambi\u00e9n cuando \u00e9sta sea levantada, porque es\ncuando m\u00e1s van a necesitar de nosotros\u201d, destac\u00f3.<\/p>\n\n\n\n<p>Por su parte, el subdirector de Salud, Irving Sauri Cruz,\nrecord\u00f3 que entre las medidas preventivas llevadas a cabo por la comuna figuran\nlos filtros sanitarios en los mercados p\u00fablicos, la sanitizaci\u00f3n de las\noficinas del ayuntamiento, la flexibilidad en los horarios laborales de\nempleados municipales cuyos hijos sean menores de 12 a\u00f1os, as\u00ed como permanecer\npendientes ante el surgimiento de nuevos casos.<\/p>\n\n\n\n<p>En la reuni\u00f3n en la que tambi\u00e9n estuvo presente el director\nde Bienestar Social, Jes\u00fas Aguilar y Aguilar, se remarc\u00f3 que otras medidas de\nprevenci\u00f3n impulsadas han sido la cancelaci\u00f3n de todos los eventos de\nconcentraci\u00f3n masiva como M\u00e9rida en Domingo, Noche Mexicana, as\u00ed como los que\nconforman la Semana Meridana que son Lunes de Vaquer\u00eda, Remembranzas Musicales,\nNoche de Culturas, Recorridos nocturnos por el Cementerio General, Serenata de\nSanta Luc\u00eda, Juego de Pelota Pok ta Pok y Bici-ruta.<\/p>\n\n\n\n<p>Otros sitios que ya han sido cerrados por la contingencia\nsanitaria son los parques zool\u00f3gicos El Centenario y Animaya, Museos y Unidades\ndeportivas, as\u00ed como centros municipales que pudieran ser sitios de gran\nconcentraci\u00f3n de personas, finaliz\u00f3.<\/p>\n\n\n\n<p>Por \u00faltimo, en respuesta a inquietudes de los propios\nregidores se coment\u00f3 que aunque por ahora no hay una fecha pr\u00f3xima de\nconvocatoria para celebrar sesi\u00f3n de cabildo, ya se est\u00e1 analizando la\nposibilidad de que \u00e9stas se realicen en un sitio diferente al sal\u00f3n en el que\nde manera formal se llevan a cabo estas sesiones, con el fin de cumplir con las\nrecomendaciones sanitarias que es evitar la concentraci\u00f3n de grupo numeroso de\npersonas en un mismo espacio cerrado.<\/p>\n<div class='share-to-whatsapp-wrapper'><div class='share-on-whsp'>Share on: <\/div><a data-text='Ren\u00e1n llama a mantener el distanciamiento social para frenar el Covid-19' data-link='https:\/\/visionpeninsular.com\/mid\/renan-llama-a-mantener-el-distanciamiento-social-para-frenar-el-covid-19\/' class='whatsapp-button whatsapp-share'>WhatsApp<\/a><div class='clear '><\/div><\/div>","protected":false},"excerpt":{"rendered":"<p>Con un llamado a mantener la coordinaci\u00f3n de esfuerzos por el bienestar de los ciudadanos, el alcalde Ren\u00e1n Barrera Concha se reuni\u00f3 este viernes con los regidores integrantes del cabildo meridano, ante quienes brind\u00f3 un informe sobre las acciones de prevenci\u00f3n que hasta el momento la comuna ha implementado en el municipio para enfrentar el &hellip;<\/p>\n","protected":false},"author":5,"featured_media":120815,"comment_status":"open","ping_status":"open","sticky":false,"template":"","format":"standard","meta":{"_mi_skip_tracking":false},"categories":[49,37],"tags":[20122,20123,5338],"_links":{"self":[{"href":"https:\/\/visionpeninsular.com\/mid\/wp-json\/wp\/v2\/posts\/120813"}],"collection":[{"href":"https:\/\/visionpeninsular.com\/mid\/wp-json\/wp\/v2\/posts"}],"about":[{"href":"https:\/\/visionpeninsular.com\/mid\/wp-json\/wp\/v2\/types\/post"}],"author":[{"embeddable":true,"href":"https:\/\/visionpeninsular.com\/mid\/wp-json\/wp\/v2\/users\/5"}],"replies":[{"embeddable":true,"href":"https:\/\/visionpeninsular.com\/mid\/wp-json\/wp\/v2\/comments?post=120813"}],"version-history":[{"count":1,"href":"https:\/\/visionpeninsular.com\/mid\/wp-json\/wp\/v2\/posts\/120813\/revisions"}],"predecessor-version":[{"id":120817,"href":"https:\/\/visionpeninsular.com\/mid\/wp-json\/wp\/v2\/posts\/120813\/revisions\/120817"}],"wp:featuredmedia":[{"embeddable":true,"href":"https:\/\/visionpeninsular.com\/mid\/wp-json\/wp\/v2\/media\/120815"}],"wp:attachment":[{"href":"https:\/\/visionpeninsular.com\/mid\/wp-json\/wp\/v2\/media?parent=120813"}],"wp:term":[{"taxonomy":"category","embeddable":true,"href":"https:\/\/visionpeninsular.com\/mid\/wp-json\/wp\/v2\/categories?post=120813"},{"taxonomy":"post_tag","embeddable":true,"href":"https:\/\/visionpeninsular.com\/mid\/wp-json\/wp\/v2\/tags?post=120813"}],"curies":[{"name":"wp","href":"https:\/\/api.w.org\/{rel}","templated":true}]}}