{"id":120678,"date":"2020-03-18T11:03:11","date_gmt":"2020-03-18T17:03:11","guid":{"rendered":"http:\/\/visionpeninsular.com\/mid\/?p=120678"},"modified":"2020-03-18T11:03:19","modified_gmt":"2020-03-18T17:03:19","slug":"humildad-y-soberbia","status":"publish","type":"post","link":"https:\/\/visionpeninsular.com\/mid\/humildad-y-soberbia\/","title":{"rendered":"Humildad y Soberbia"},"content":{"rendered":"\n<p>El Papa y el Presidente<\/p>\n\n\n\n<p>Dulce Mar\u00eda Sauri Riancho (*)<\/p>\n\n\n\n<p>Fuente: Diario de Yucat\u00e1n<\/p>\n\n\n\n<p>Son dos personajes de gran relevancia. Uno de ellos, gu\u00eda\nespiritual de m\u00e1s de 1,300 millones de cat\u00f3licos del mundo y el otro,\npresidente de una naci\u00f3n con m\u00e1s de 125 millones de habitantes. Cada uno ejerce\nun liderazgo basado en un principio intangible que podr\u00edamos caracterizar como\n\u201cautoridad moral\u201d.<\/p>\n\n\n\n<p>El Papa, para las y los cat\u00f3licos, es el representante de\nDios en la Tierra y para quienes no profesan esta religi\u00f3n, es una persona con\nuna gran influencia en los asuntos internacionales.<\/p>\n\n\n\n<p>El presidente de la rep\u00fablica, Andr\u00e9s Manuel L\u00f3pez Obrador,\nes el jefe del Estado mexicano, cuyo mandato trasciende los 30 millones de\nvotos que obtuvo en la elecci\u00f3n de 2018. Cada uno \u2014el Papa y el Presidente\u2014 tiene\nsu propio \u00e1mbito de responsabilidad, pero sus palabras y sobre todo, sus actos,\ntraspasan su investidura formal y llegan a la vida cotidiana de las personas y\nfamilias, que los observan, admiran y tratan de emular.<\/p>\n\n\n\n<p>Este peso moral se muestra en toda su magnitud a ra\u00edz de la\npandemia del coronavirus clasificado como Covid-19.<\/p>\n\n\n\n<p>El Papa Francisco, cabeza de la Iglesia y Jefe del Estado\nVaticano, decidi\u00f3 aceptar sin reservas las llamadas del gobierno de Italia y\nsumarse a las acciones destinadas a combatir la pandemia que ha cobrado m\u00e1s de\n7,000 vidas, 1,300 de ellas italianas. Las fotograf\u00edas y v\u00eddeos que han\ncirculado en estos d\u00edas nos muestran al Papa dando la bendici\u00f3n dominical ante\nuna Plaza de San Pedro vac\u00eda.<\/p>\n\n\n\n<p>El Papa Francisco, con humildad que lo enaltece, contribuye\ncon su ejemplo a subrayar la importancia de respetar las dr\u00e1sticas medidas de\naislamiento que ha tomado el gobierno italiano para combatir la epidemia.\n\u00bfQui\u00e9n podr\u00e1 en la Iglesia negarse a acatar las restricciones que imponen las\nautoridades civiles, si el Papa pone el ejemplo? Esta actitud refuerza su\nautoridad moral ante los fieles cat\u00f3licos, pero tambi\u00e9n entre quienes no lo\nson, o profesan religi\u00f3n ninguna.<\/p>\n\n\n\n<p>Desde el inicio de la epidemia del Covid-19, las autoridades\nsanitarias internacionales intentaron contenerla, primero en su pa\u00eds de origen,\nChina, despu\u00e9s en Asia Pac\u00edfico, hasta que pas\u00f3 de alguna manera desconocida\na\u00fan, a Europa, siendo Italia el pa\u00eds m\u00e1s afectado en un principio. Dos semanas\ndespu\u00e9s, pr\u00e1cticamente todos los pa\u00edses europeos, incluyendo Noruega, Islandia\ny el reci\u00e9n separado Reino Unido, enfrentan la pandemia con disposiciones\ninimaginables hace apenas unas cuantas semanas. Canad\u00e1 y los Estados Unidos\nasumieron tambi\u00e9n dr\u00e1sticas determinaciones, como el cierre de sus vuelos con\nEuropa, adem\u00e1s de imponer restricciones al tr\u00e1nsito de personas por su\nterritorio. Varios mandatarios est\u00e1n aislados despu\u00e9s de haber estado en\ncontacto con portadores del Covid-19.<\/p>\n\n\n\n<p>Afortunadamente, el acceso a internet y las tecnolog\u00edas\ndigitales permiten permanecer en comunicaci\u00f3n, realizar trabajo a distancia y\nemplear estas herramientas para la educaci\u00f3n de ni\u00f1a\/os y j\u00f3venes forzados a\npermanecer en sus hogares.<\/p>\n\n\n\n<p>Otra parece ser la historia en M\u00e9xico. Las autoridades\nfederales han anunciado medidas de prevenci\u00f3n, que parecen insuficientes para\nenfrentar la amenaza. Todav\u00eda el \u201cpuente\u201d pasado se pudo ver a miles de\npersonas disfrutando de las playas de Acapulco o asistiendo a conciertos\nmultitudinarios.<\/p>\n\n\n\n<p>El argumento de \u201cno mata, es algo m\u00e1s que un simple catarro\no una gripa fuerte\u201d, se adereza con la aparentemente reducida mortalidad. \u201cSi\ns\u00f3lo se mueren 3 de cada 100 infectados, \u00a1menuda mala suerte si me toca!\u201d.<\/p>\n\n\n\n<p>Esta actitud despreocupada frente a la amenaza de la\nenfermedad no se parece a la adoptada en 2009, cuando M\u00e9xico se vio azotado por\nla gripa H1N1. Nuestro pa\u00eds fue el primero en reportar casos en el mundo\nentero, a partir del 17 de marzo de ese a\u00f1o, que se incrementaron a lo largo\ndel mes de abril hasta ascender a varios miles.<\/p>\n\n\n\n<p>Oficialmente, se analizaron los expedientes de 122 personas\nfallecidas a lo largo de la emergencia, que se prolong\u00f3 hasta el 6 de mayo de\nese a\u00f1o. (Ver http:\/\/www.scielo.org.mx\/scielo.php?script=sci_arttext&amp;pid\n=S0036-36342009000500003).<\/p>\n\n\n\n<p>En esa ocasi\u00f3n, el ahora presidente L\u00f3pez Obrador fue de los\nm\u00e1s ac\u00e9rrimos cr\u00edticos de las medidas adoptadas por el gobierno de Felipe\nCalder\u00f3n. Sin embargo, vistas en perspectiva, los acuerdos publicados en el\nDiario Oficial de la Federaci\u00f3n (25 y 30 de abril del 2009, respectivamente) en\nmateria de salubridad general y el que declar\u00f3 la suspensi\u00f3n de labores en la\nadministraci\u00f3n p\u00fablica federal y en el sector productivo de todo el pa\u00eds por\ncinco d\u00edas (del 1 al 5 de mayo), ordenaron las acciones de la sociedad en\ngeneral y permitieron un pronto restablecimiento de la normalidad en todo el\npa\u00eds. Para el entonces opositor pol\u00edtico, la ca\u00edda del PIB del segundo semestre\nde ese a\u00f1o se debi\u00f3 a las draconianas medidas de la administraci\u00f3n calderonista\npara combatir la epidemia. Sin lugar a dudas, tuvieron un costo elevado, m\u00e1s\ncuando se sumaron a la recesi\u00f3n internacional de 2008.<\/p>\n\n\n\n<p>\u00bfQu\u00e9 tanto inciden los recuerdos de 2009 en la estrategia de\n2020? Deben pesar cuando el actor protag\u00f3nico, Hugo L\u00f3pez Gatell, lo fue\ntambi\u00e9n entonces, aunque despu\u00e9s fue desplazado. Sin embargo, hay una\ndiferencia sustantiva. Ahora existe \u2014todav\u00eda\u2014 un liderazgo moral en la figura\npresidencial que est\u00e1 siendo despilfarrado, o m\u00e1s bien, volvi\u00e9ndose un factor\nde riesgo para la sociedad. Ante la pregunta sobre el empe\u00f1o del presidente\nL\u00f3pez Obrador de continuar sus actos p\u00fablicos, multitudinarios, abrazando y\nbesando a diestra y siniestra a los asistentes, la respuesta del subsecretario\nes de antolog\u00eda: \u201cLa fuerza del Presidente es moral, no es una fuerza de\ncontagio\u201d porque, \u201cel mandatario tiene la misma probabilidad de contagiar que\nusted o yo\u201d.<\/p>\n\n\n\n<p>Ni usted, amiga\/o lector, ni yo, besamos y abrazamos a\nmiles. Si nos contagiamos, sufrimos con nuestras familias. Si transmitimos la\nenfermedad, lo hacemos en nuestro entorno. No as\u00ed L\u00f3pez Obrador. Espero que el\nejemplo de humildad de Francisco domine la soberbia y la invulnerabilidad de\nque hace gala el presidente de la rep\u00fablica. Por el bien de millones que a\u00fan lo\nsiguen\u2026y lo emulan.\u2014M\u00e9rida, Yucat\u00e1n<\/p>\n\n\n\n<p>dulcesauri@gmail.com<\/p>\n\n\n\n<p>Licenciada en Sociolog\u00eda con doctorado en Historia.\nExgobernadora y diputada federal plurinominal del PRI<\/p>\n<div class='share-to-whatsapp-wrapper'><div class='share-on-whsp'>Share on: <\/div><a data-text='Humildad y Soberbia' data-link='https:\/\/visionpeninsular.com\/mid\/humildad-y-soberbia\/' class='whatsapp-button whatsapp-share'>WhatsApp<\/a><div class='clear '><\/div><\/div>","protected":false},"excerpt":{"rendered":"<p>El Papa y el Presidente Dulce Mar\u00eda Sauri Riancho (*) Fuente: Diario de Yucat\u00e1n Son dos personajes de gran relevancia. Uno de ellos, gu\u00eda espiritual de m\u00e1s de 1,300 millones de cat\u00f3licos del mundo y el otro, presidente de una naci\u00f3n con m\u00e1s de 125 millones de habitantes. Cada uno ejerce un liderazgo basado en &hellip;<\/p>\n","protected":false},"author":5,"featured_media":120372,"comment_status":"open","ping_status":"open","sticky":false,"template":"","format":"standard","meta":{"_mi_skip_tracking":false},"categories":[44],"tags":[904,20081,9364,20082],"_links":{"self":[{"href":"https:\/\/visionpeninsular.com\/mid\/wp-json\/wp\/v2\/posts\/120678"}],"collection":[{"href":"https:\/\/visionpeninsular.com\/mid\/wp-json\/wp\/v2\/posts"}],"about":[{"href":"https:\/\/visionpeninsular.com\/mid\/wp-json\/wp\/v2\/types\/post"}],"author":[{"embeddable":true,"href":"https:\/\/visionpeninsular.com\/mid\/wp-json\/wp\/v2\/users\/5"}],"replies":[{"embeddable":true,"href":"https:\/\/visionpeninsular.com\/mid\/wp-json\/wp\/v2\/comments?post=120678"}],"version-history":[{"count":1,"href":"https:\/\/visionpeninsular.com\/mid\/wp-json\/wp\/v2\/posts\/120678\/revisions"}],"predecessor-version":[{"id":120679,"href":"https:\/\/visionpeninsular.com\/mid\/wp-json\/wp\/v2\/posts\/120678\/revisions\/120679"}],"wp:featuredmedia":[{"embeddable":true,"href":"https:\/\/visionpeninsular.com\/mid\/wp-json\/wp\/v2\/media\/120372"}],"wp:attachment":[{"href":"https:\/\/visionpeninsular.com\/mid\/wp-json\/wp\/v2\/media?parent=120678"}],"wp:term":[{"taxonomy":"category","embeddable":true,"href":"https:\/\/visionpeninsular.com\/mid\/wp-json\/wp\/v2\/categories?post=120678"},{"taxonomy":"post_tag","embeddable":true,"href":"https:\/\/visionpeninsular.com\/mid\/wp-json\/wp\/v2\/tags?post=120678"}],"curies":[{"name":"wp","href":"https:\/\/api.w.org\/{rel}","templated":true}]}}