{"id":120450,"date":"2020-03-14T12:39:20","date_gmt":"2020-03-14T18:39:20","guid":{"rendered":"http:\/\/visionpeninsular.com\/mid\/?p=120450"},"modified":"2020-03-14T12:39:29","modified_gmt":"2020-03-14T18:39:29","slug":"platica-sobe-riesgos-informaticos-en-escuela-primaria-de-kanasin","status":"publish","type":"post","link":"https:\/\/visionpeninsular.com\/mid\/platica-sobe-riesgos-informaticos-en-escuela-primaria-de-kanasin\/","title":{"rendered":"Pl\u00e1tica sobe riesgos inform\u00e1ticos en escuela primaria de Kanas\u00edn"},"content":{"rendered":"\n<p>Con el objetivo de que toda la poblaci\u00f3n acceda a los\nesquemas preventivos que promueve la administraci\u00f3n que encabeza el Gobernador\nMauricio Vila Dosal, personal de la Direcci\u00f3n de Prevenci\u00f3n del Delito de la\nFiscal\u00eda General del Estado (FGE), impulsado por el titular de la instancia,\nWilbert Cetina Arjona, imparti\u00f3 la pl\u00e1tica \u201cRiesgos inform\u00e1ticos, tu privacidad\nen riesgo\u201d.<\/p>\n\n\n\n<p>\u201cMe gustar\u00eda que en cada escuela se den este tipo de\nprogramas, para que nos ayuden a informarnos\u201d, expres\u00f3 Ligia Castell\u00f3n Ik, una\nde las cerca de 200 madres y padres que respondieron a la convocatoria, emitida\npor las autoridades de la escuela primaria \u201cLuis Espinosa Morales\u201d, ubicada en\nla colonia Amalia Sol\u00f3rzano de Kanas\u00edn.<\/p>\n\n\n\n<p>Las y los representantes de familia avalaron esta\ninstrucci\u00f3n y reconocieron que es de suma importancia que se replique en otros\nplanteles la charla, la cual consideraron como de beneficio para la ni\u00f1ez, pues\naborda los temas de tecnolog\u00eda y la relaci\u00f3n que actualmente tienen con ella\nlas personas, sobre todo las y los infantes, para saber su uso adecuado,\npeligros y medidas de seguridad.<\/p>\n\n\n\n<p>\u201cHay que ayudar a los pap\u00e1s a concientizar los problemas que\nestamos viviendo a diario en las escuelas de nuestros hijos\u201d, a\u00f1adi\u00f3 la\nentrevistada.<\/p>\n\n\n\n<p>Mediante diversos ejemplos, se ense\u00f1\u00f3 los riesgos a los que\nse exponen ni\u00f1as y ni\u00f1os al usar celulares, tabletas y computadoras, as\u00ed como\nlos delitos en que pueden derivar ciertas acciones. Madres y padres\nagradecieron que el colegio se preocupe por llevar estas iniciativas y, sobre\ntodo, que las instituciones implementen estrategias que ayudan a la formaci\u00f3n\nde la infancia.<\/p>\n\n\n\n<p>\u201cNos abren los ojos como padres. Nosotros pensamos que la\ntecnolog\u00eda es un juguete, que una tablet no tiene ning\u00fan riesgo, pero nos damos\ncuenta con esta pl\u00e1tica que hay acceso a otro tipo de cosas sin que nos demos\ncuenta\u201d, expres\u00f3 un padre de familia, Edw\u00edn V\u00e1zquez P\u00e9rez.<\/p>\n\n\n\n<p>La supervisi\u00f3n y comunicaci\u00f3n con hijas e hijos, as\u00ed como la\nobservaci\u00f3n de cambios en sus actitudes y comportamientos, fueron aspectos en\nque se hizo hincapi\u00e9 como indicadores para detectar cualquier problem\u00e1tica.\nEstablecer horarios de uso, evitar proporcionar equipos a edades inapropiadas y\nhablar de frente sobre conductas como grooming, sexting y trata son algunos\nconsejos para prevenir.<\/p>\n\n\n\n<p>\u201cNo s\u00f3lo nosotros tenemos que estar enterados de la\nproblem\u00e1tica, sino tambi\u00e9n los ni\u00f1os, para saber c\u00f3mo se deben de proteger. Es\nimportante que nos unamos, padres, hijos y el mismo Gobierno, para apoyarnos en\nestas problem\u00e1ticas\u201d, se\u00f1al\u00f3 Moises V\u00e1zquez Chan, tambi\u00e9n pap\u00e1.<\/p>\n\n\n\n<p>Por su parte, la se\u00f1ora Rosal\u00eda Chan Canul manifest\u00f3 que le\ngustan las medidas de seguridad que est\u00e1 tomando la escuela y destac\u00f3 que\ntambi\u00e9n ellos deben apoyar, haci\u00e9ndoles ver a a sus hijas e hijos los peligros\nque pueden correr.<\/p>\n\n\n\n<p>La respuesta del sector fue positiva y su participaci\u00f3n\npermiti\u00f3 intercambiar experiencias e inquietudes, resolver dudas y entender\nconceptos nuevos. La pl\u00e1tica forma parte del amplio cat\u00e1logo de esquemas con\nque cuenta la referida Direcci\u00f3n, que pueden solicitarse para su impartici\u00f3n.<\/p>\n<div class='share-to-whatsapp-wrapper'><div class='share-on-whsp'>Share on: <\/div><a data-text='Pl\u00e1tica sobe riesgos inform\u00e1ticos en escuela primaria de Kanas\u00edn' data-link='https:\/\/visionpeninsular.com\/mid\/platica-sobe-riesgos-informaticos-en-escuela-primaria-de-kanasin\/' class='whatsapp-button whatsapp-share'>WhatsApp<\/a><div class='clear '><\/div><\/div>","protected":false},"excerpt":{"rendered":"<p>Con el objetivo de que toda la poblaci\u00f3n acceda a los esquemas preventivos que promueve la administraci\u00f3n que encabeza el Gobernador Mauricio Vila Dosal, personal de la Direcci\u00f3n de Prevenci\u00f3n del Delito de la Fiscal\u00eda General del Estado (FGE), impulsado por el titular de la instancia, Wilbert Cetina Arjona, imparti\u00f3 la pl\u00e1tica \u201cRiesgos inform\u00e1ticos, tu &hellip;<\/p>\n","protected":false},"author":5,"featured_media":120451,"comment_status":"open","ping_status":"open","sticky":false,"template":"","format":"standard","meta":{"_mi_skip_tracking":false},"categories":[50,37],"tags":[19997,19996,19995],"_links":{"self":[{"href":"https:\/\/visionpeninsular.com\/mid\/wp-json\/wp\/v2\/posts\/120450"}],"collection":[{"href":"https:\/\/visionpeninsular.com\/mid\/wp-json\/wp\/v2\/posts"}],"about":[{"href":"https:\/\/visionpeninsular.com\/mid\/wp-json\/wp\/v2\/types\/post"}],"author":[{"embeddable":true,"href":"https:\/\/visionpeninsular.com\/mid\/wp-json\/wp\/v2\/users\/5"}],"replies":[{"embeddable":true,"href":"https:\/\/visionpeninsular.com\/mid\/wp-json\/wp\/v2\/comments?post=120450"}],"version-history":[{"count":1,"href":"https:\/\/visionpeninsular.com\/mid\/wp-json\/wp\/v2\/posts\/120450\/revisions"}],"predecessor-version":[{"id":120452,"href":"https:\/\/visionpeninsular.com\/mid\/wp-json\/wp\/v2\/posts\/120450\/revisions\/120452"}],"wp:featuredmedia":[{"embeddable":true,"href":"https:\/\/visionpeninsular.com\/mid\/wp-json\/wp\/v2\/media\/120451"}],"wp:attachment":[{"href":"https:\/\/visionpeninsular.com\/mid\/wp-json\/wp\/v2\/media?parent=120450"}],"wp:term":[{"taxonomy":"category","embeddable":true,"href":"https:\/\/visionpeninsular.com\/mid\/wp-json\/wp\/v2\/categories?post=120450"},{"taxonomy":"post_tag","embeddable":true,"href":"https:\/\/visionpeninsular.com\/mid\/wp-json\/wp\/v2\/tags?post=120450"}],"curies":[{"name":"wp","href":"https:\/\/api.w.org\/{rel}","templated":true}]}}