{"id":120365,"date":"2020-03-13T11:21:07","date_gmt":"2020-03-13T17:21:07","guid":{"rendered":"http:\/\/visionpeninsular.com\/mid\/?p=120365"},"modified":"2020-03-13T11:21:44","modified_gmt":"2020-03-13T17:21:44","slug":"pospuesto-el-encuentro-de-las-meridas-de-yucatan-y-espana-por-covid-19","status":"publish","type":"post","link":"https:\/\/visionpeninsular.com\/mid\/pospuesto-el-encuentro-de-las-meridas-de-yucatan-y-espana-por-covid-19\/","title":{"rendered":"Pospuesto el Encuentro de las M\u00e9ridas de Yucat\u00e1n y Espa\u00f1a, por CoVid-19"},"content":{"rendered":"\n<p>El presidente de la Plataforma Empresarial de las M\u00e9ridas\ndel Mundo, Jorge Gruart Vila, destac\u00f3 la solidez de la relaci\u00f3n entre la\niniciativa privada de Espa\u00f1a y M\u00e9xico, la cual se fortalecer\u00e1 con el Tianguis\nTur\u00edstico 2020 en Yucat\u00e1n, actividad que se pospone ante la situaci\u00f3n que prevalece\nen el mundo con la pandemia del nuevo coronavirus Covid-19.<\/p>\n\n\n\n<p>El empresario espa\u00f1ol &nbsp;se\u00f1al\u00f3 &nbsp;que est\u00e1 de acuerdo con las medidas\npreventivas que tom\u00f3 el gobierno de M\u00e9xico, pues adem\u00e1s del encuentro entre los\nempresarios de M\u00e9rida, Extremadura y de M\u00e9rida, Yucat\u00e1n, tambi\u00e9n se pospone el\nhermanamiento entre ambas ciudades, entre otras actividades previstas y afirm\u00f3 que\ndesde el punto de vista empresarial, \u201cM\u00e9rida, Yucat\u00e1n est\u00e1 en un gran momento\nde despegue\u201d.<\/p>\n\n\n\n<p>Destac\u00f3 que con la firma de convenio de colaboraci\u00f3n de 2011\na la fecha se tiene el v\u00ednculo empresarial entre las M\u00e9ridas del Mundo, el cual\nest\u00e1 solidificado.<\/p>\n\n\n\n<p>\u201cLas M\u00e9ridas del Mundo es una marca comercial que pertenece\na la peque\u00f1a y mediana empresa de ambas ciudades de Espa\u00f1a y M\u00e9xico\u201d.<\/p>\n\n\n\n<p>Dijo que con estas acciones, &nbsp;al mismo tiempo se cumple con uno de los\nobjetivos, de convertir a Yucat\u00e1n en la puerta de entrada de productos\nespa\u00f1oles a Latinoam\u00e9rica as\u00ed como Extremadura como acceso de productos\nmexicanos al mercado europeo.<\/p>\n\n\n\n<p>Asimismo, record\u00f3 que los acuerdos previstos para este mes,\ndentro del Tianguis Tur\u00edstico, simplemente se aplazan (para el 19 al 21 de\nseptiembre pr\u00f3ximo), s\u00f3lo se cambi\u00f3 la fecha de las actividades a realizar,\ncomo los encuentros de negocios, los contratos, la presentaci\u00f3n de programas,\nla firma del hermanamiento de las M\u00e9ridas de Espa\u00f1a y M\u00e9xico, entre otras\nactividades previstas y destac\u00f3 que son 16 los empresarios espa\u00f1oles\ninteresados en hacer negocio en Yucat\u00e1n, los cuales tambi\u00e9n modificar\u00e1n su\nagenda.<\/p>\n\n\n\n<p>El arribo de los espa\u00f1oles estaba previsto para el\npr\u00f3ximo&nbsp; jueves 19; &nbsp;al d\u00eda siguiente se efectuar\u00eda el encuentro\nempresarial y para el domingo 22, el alcalde de M\u00e9rida, Espa\u00f1a, Antonio\nRodr\u00edguez Osuna, sustentar\u00eda la conferencia \u201cCiudades Patrimonio de la\nHumanidad\u201d.<\/p>\n\n\n\n<p>Posteriormente se ten\u00eda previsto la firma del hermanamiento\nentre ambas M\u00e9ridas, y luego se promocionar\u00eda el programa \u201cC\u00e1sate en M\u00e9rida,\nEspa\u00f1a, y en M\u00e9rida, M\u00e9xico\u201d.<\/p>\n<div class='share-to-whatsapp-wrapper'><div class='share-on-whsp'>Share on: <\/div><a data-text='Pospuesto el Encuentro de las M\u00e9ridas de Yucat\u00e1n y Espa\u00f1a, por CoVid-19' data-link='https:\/\/visionpeninsular.com\/mid\/pospuesto-el-encuentro-de-las-meridas-de-yucatan-y-espana-por-covid-19\/' class='whatsapp-button whatsapp-share'>WhatsApp<\/a><div class='clear '><\/div><\/div>","protected":false},"excerpt":{"rendered":"<p>El presidente de la Plataforma Empresarial de las M\u00e9ridas del Mundo, Jorge Gruart Vila, destac\u00f3 la solidez de la relaci\u00f3n entre la iniciativa privada de Espa\u00f1a y M\u00e9xico, la cual se fortalecer\u00e1 con el Tianguis Tur\u00edstico 2020 en Yucat\u00e1n, actividad que se pospone ante la situaci\u00f3n que prevalece en el mundo con la pandemia del &hellip;<\/p>\n","protected":false},"author":5,"featured_media":120367,"comment_status":"open","ping_status":"open","sticky":false,"template":"","format":"standard","meta":{"_mi_skip_tracking":false},"categories":[50,37],"tags":[19962,19963,19960,19961],"_links":{"self":[{"href":"https:\/\/visionpeninsular.com\/mid\/wp-json\/wp\/v2\/posts\/120365"}],"collection":[{"href":"https:\/\/visionpeninsular.com\/mid\/wp-json\/wp\/v2\/posts"}],"about":[{"href":"https:\/\/visionpeninsular.com\/mid\/wp-json\/wp\/v2\/types\/post"}],"author":[{"embeddable":true,"href":"https:\/\/visionpeninsular.com\/mid\/wp-json\/wp\/v2\/users\/5"}],"replies":[{"embeddable":true,"href":"https:\/\/visionpeninsular.com\/mid\/wp-json\/wp\/v2\/comments?post=120365"}],"version-history":[{"count":1,"href":"https:\/\/visionpeninsular.com\/mid\/wp-json\/wp\/v2\/posts\/120365\/revisions"}],"predecessor-version":[{"id":120368,"href":"https:\/\/visionpeninsular.com\/mid\/wp-json\/wp\/v2\/posts\/120365\/revisions\/120368"}],"wp:featuredmedia":[{"embeddable":true,"href":"https:\/\/visionpeninsular.com\/mid\/wp-json\/wp\/v2\/media\/120367"}],"wp:attachment":[{"href":"https:\/\/visionpeninsular.com\/mid\/wp-json\/wp\/v2\/media?parent=120365"}],"wp:term":[{"taxonomy":"category","embeddable":true,"href":"https:\/\/visionpeninsular.com\/mid\/wp-json\/wp\/v2\/categories?post=120365"},{"taxonomy":"post_tag","embeddable":true,"href":"https:\/\/visionpeninsular.com\/mid\/wp-json\/wp\/v2\/tags?post=120365"}],"curies":[{"name":"wp","href":"https:\/\/api.w.org\/{rel}","templated":true}]}}