{"id":120276,"date":"2020-03-12T09:28:53","date_gmt":"2020-03-12T15:28:53","guid":{"rendered":"http:\/\/visionpeninsular.com\/mid\/?p=120276"},"modified":"2020-03-12T09:29:02","modified_gmt":"2020-03-12T15:29:02","slug":"el-gobernador-mauricio-vila-dosal-se-reune-con-el-titular-de-la-sct-javier-jimenez-espriu","status":"publish","type":"post","link":"https:\/\/visionpeninsular.com\/mid\/el-gobernador-mauricio-vila-dosal-se-reune-con-el-titular-de-la-sct-javier-jimenez-espriu\/","title":{"rendered":"El Gobernador Mauricio Vila Dosal se re\u00fane con el titular de la SCT, Javier Jim\u00e9nez Espri\u00fa"},"content":{"rendered":"\n<p><em>&nbsp;El Gobernador Mauricio Vila Dosal se reuni\u00f3\ncon el titular de la Secretar\u00eda de Comunicaciones y Transportes (SCT), Javier\nJim\u00e9nez Espri\u00fa, para analizar el desarrollo de proyectos de infraestructura\nterrestre y telecomunicaciones en el estado que beneficien a las familias\nyucatecas.<\/em><\/p>\n\n\n\n<p>En el marco de la reuni\u00f3n realizada en la Ciudad de M\u00e9xico,\nVila Dosal agradeci\u00f3 al funcionario federal la disposici\u00f3n de trabajar en\nconjunto y reafirm\u00f3 la voluntad del Gobierno del Estado de sumar esfuerzos con\nel Gobierno federal en torno a la planeaci\u00f3n de obras y acciones que\ncontribuyan a fortalecer la competitividad del territorio yucatecas.<\/p>\n\n\n\n<figure class=\"wp-block-image size-large\"><img loading=\"lazy\" width=\"1024\" height=\"704\" src=\"http:\/\/visionpeninsular.com\/mid\/wp-content\/uploads\/2020\/03\/WhatsApp-Image-2020-03-11-at-8.52.13-PM-1.jpeg\" alt=\"\" class=\"wp-image-120279\" srcset=\"https:\/\/visionpeninsular.com\/mid\/wp-content\/uploads\/2020\/03\/WhatsApp-Image-2020-03-11-at-8.52.13-PM-1.jpeg 1024w, https:\/\/visionpeninsular.com\/mid\/wp-content\/uploads\/2020\/03\/WhatsApp-Image-2020-03-11-at-8.52.13-PM-1-300x206.jpeg 300w, https:\/\/visionpeninsular.com\/mid\/wp-content\/uploads\/2020\/03\/WhatsApp-Image-2020-03-11-at-8.52.13-PM-1-768x528.jpeg 768w, https:\/\/visionpeninsular.com\/mid\/wp-content\/uploads\/2020\/03\/WhatsApp-Image-2020-03-11-at-8.52.13-PM-1-110x75.jpeg 110w\" sizes=\"(max-width: 1024px) 100vw, 1024px\" \/><\/figure>\n\n\n\n<p>Por su parte, Jim\u00e9nez Espri\u00fa afirm\u00f3 que la SCT est\u00e1\ncomprometida con seguir impulsando la infraestructura necesaria que contribuya\na impulsar el progreso del pa\u00eds en todas sus regiones y asegur\u00f3 que Yucat\u00e1n no\nser\u00e1 la excepci\u00f3n, pues se mantiene un excelente trabajo de coordinaci\u00f3n con el\nGobierno de Vila Dosal.<\/p>\n\n\n\n<p>Asimismo, el funcionario federal reconoci\u00f3 las grandes\nventajas competitivas que ofrece Yucat\u00e1n y asegur\u00f3 que continuar\u00e1 con el apoyo\nal estado para la puesta en marcha de proyectos que beneficien a todos los\nyucatecos.<\/p>\n\n\n\n<figure class=\"wp-block-image size-large\"><img loading=\"lazy\" width=\"1024\" height=\"661\" src=\"http:\/\/visionpeninsular.com\/mid\/wp-content\/uploads\/2020\/03\/WhatsApp-Image-2020-03-11-at-8.52.13-PM.jpeg\" alt=\"\" class=\"wp-image-120280\" srcset=\"https:\/\/visionpeninsular.com\/mid\/wp-content\/uploads\/2020\/03\/WhatsApp-Image-2020-03-11-at-8.52.13-PM.jpeg 1024w, https:\/\/visionpeninsular.com\/mid\/wp-content\/uploads\/2020\/03\/WhatsApp-Image-2020-03-11-at-8.52.13-PM-300x194.jpeg 300w, https:\/\/visionpeninsular.com\/mid\/wp-content\/uploads\/2020\/03\/WhatsApp-Image-2020-03-11-at-8.52.13-PM-768x496.jpeg 768w\" sizes=\"(max-width: 1024px) 100vw, 1024px\" \/><\/figure>\n\n\n\n<p>Cabe mencionar que, Vila Dosal ha mantenido una estrecha\nrelaci\u00f3n con el Gobierno de M\u00e9xico, con el objetivo de garantizar el desarrollo\nde programas, estrategias y obras que mejoren las condiciones de vida de los\nyucatecos e impulsen el desarrollo del estado.\u2026<\/p>\n<div class='share-to-whatsapp-wrapper'><div class='share-on-whsp'>Share on: <\/div><a data-text='El Gobernador Mauricio Vila Dosal se re\u00fane con el titular de la SCT, Javier Jim\u00e9nez Espri\u00fa' data-link='https:\/\/visionpeninsular.com\/mid\/el-gobernador-mauricio-vila-dosal-se-reune-con-el-titular-de-la-sct-javier-jimenez-espriu\/' class='whatsapp-button whatsapp-share'>WhatsApp<\/a><div class='clear '><\/div><\/div>","protected":false},"excerpt":{"rendered":"<p>&nbsp;El Gobernador Mauricio Vila Dosal se reuni\u00f3 con el titular de la Secretar\u00eda de Comunicaciones y Transportes (SCT), Javier Jim\u00e9nez Espri\u00fa, para analizar el desarrollo de proyectos de infraestructura terrestre y telecomunicaciones en el estado que beneficien a las familias yucatecas. En el marco de la reuni\u00f3n realizada en la Ciudad de M\u00e9xico, Vila Dosal &hellip;<\/p>\n","protected":false},"author":5,"featured_media":120278,"comment_status":"open","ping_status":"open","sticky":false,"template":"","format":"standard","meta":{"_mi_skip_tracking":false},"categories":[49,37],"tags":[19937,19934,19935],"_links":{"self":[{"href":"https:\/\/visionpeninsular.com\/mid\/wp-json\/wp\/v2\/posts\/120276"}],"collection":[{"href":"https:\/\/visionpeninsular.com\/mid\/wp-json\/wp\/v2\/posts"}],"about":[{"href":"https:\/\/visionpeninsular.com\/mid\/wp-json\/wp\/v2\/types\/post"}],"author":[{"embeddable":true,"href":"https:\/\/visionpeninsular.com\/mid\/wp-json\/wp\/v2\/users\/5"}],"replies":[{"embeddable":true,"href":"https:\/\/visionpeninsular.com\/mid\/wp-json\/wp\/v2\/comments?post=120276"}],"version-history":[{"count":1,"href":"https:\/\/visionpeninsular.com\/mid\/wp-json\/wp\/v2\/posts\/120276\/revisions"}],"predecessor-version":[{"id":120281,"href":"https:\/\/visionpeninsular.com\/mid\/wp-json\/wp\/v2\/posts\/120276\/revisions\/120281"}],"wp:featuredmedia":[{"embeddable":true,"href":"https:\/\/visionpeninsular.com\/mid\/wp-json\/wp\/v2\/media\/120278"}],"wp:attachment":[{"href":"https:\/\/visionpeninsular.com\/mid\/wp-json\/wp\/v2\/media?parent=120276"}],"wp:term":[{"taxonomy":"category","embeddable":true,"href":"https:\/\/visionpeninsular.com\/mid\/wp-json\/wp\/v2\/categories?post=120276"},{"taxonomy":"post_tag","embeddable":true,"href":"https:\/\/visionpeninsular.com\/mid\/wp-json\/wp\/v2\/tags?post=120276"}],"curies":[{"name":"wp","href":"https:\/\/api.w.org\/{rel}","templated":true}]}}