{"id":120126,"date":"2020-03-09T08:52:36","date_gmt":"2020-03-09T14:52:36","guid":{"rendered":"http:\/\/visionpeninsular.com\/mid\/?p=120126"},"modified":"2020-03-09T08:52:43","modified_gmt":"2020-03-09T14:52:43","slug":"merida-se-cimbra-con-la-marcha-de-mujeres","status":"publish","type":"post","link":"https:\/\/visionpeninsular.com\/mid\/merida-se-cimbra-con-la-marcha-de-mujeres\/","title":{"rendered":"MERIDA SE CIMBRA CON LA MARCHA DE MUJERES"},"content":{"rendered":"\n<p>Convocadas por colectivos feministas y diversas asociaciones\nciviles, miles de mujeres, calculadas entre dos y cinco mil, &nbsp;se dieron cita para conmemorar el 8M, D\u00eda\nInternacional de la Mujer, con la exigencia de justicia y respeto a sus\nderechos, ante la creciente ola de feminicidios, acoso y hostigamiento tanto\nlaboral como sexual, tanto en la calle como en los diferentes \u00e1mbitos de la\nsociedad.<\/p>\n\n\n\n<figure class=\"wp-block-image size-large\"><img loading=\"lazy\" width=\"578\" height=\"1024\" src=\"http:\/\/visionpeninsular.com\/mid\/wp-content\/uploads\/2020\/03\/WhatsApp-Image-2020-03-08-at-8.49.01-PM-578x1024.jpeg\" alt=\"\" class=\"wp-image-120129\" srcset=\"https:\/\/visionpeninsular.com\/mid\/wp-content\/uploads\/2020\/03\/WhatsApp-Image-2020-03-08-at-8.49.01-PM-578x1024.jpeg 578w, https:\/\/visionpeninsular.com\/mid\/wp-content\/uploads\/2020\/03\/WhatsApp-Image-2020-03-08-at-8.49.01-PM-169x300.jpeg 169w, https:\/\/visionpeninsular.com\/mid\/wp-content\/uploads\/2020\/03\/WhatsApp-Image-2020-03-08-at-8.49.01-PM.jpeg 652w\" sizes=\"(max-width: 578px) 100vw, 578px\" \/><\/figure>\n\n\n\n<p>Vestidas de blanco, morado, portando algunas pa\u00f1oletas\nverdes y carteles alusivos, antes de las ocho de la ma\u00f1ana las mujeres comenzaron\na llegar al sitio de la cita, el Monumento a la Patria, que ya se encontraba\nprotegido con vallas y mujeres polic\u00edas en los alrededores.<\/p>\n\n\n\n<figure class=\"wp-block-embed-youtube wp-block-embed is-type-video is-provider-youtube wp-embed-aspect-4-3 wp-has-aspect-ratio\"><div class=\"wp-block-embed__wrapper\">\n<iframe loading=\"lazy\" title=\"8 Marzo\" width=\"618\" height=\"464\" src=\"https:\/\/www.youtube.com\/embed\/jnRBwrFcJhw?feature=oembed\" frameborder=\"0\" allow=\"accelerometer; autoplay; encrypted-media; gyroscope; picture-in-picture\" allowfullscreen><\/iframe>\n<\/div><\/figure>\n\n\n\n<p>Durante la marcha, se escuch\u00f3 el grito \u201cNos est\u00e1n matando\u201d,\nen alusi\u00f3n a los 10 feminicidios que cada d\u00eda ocurren en el pa\u00eds, pero tambi\u00e9n\nse escuch\u00f3 la valiente voz de j\u00f3venes universitarias pidiendo alto al acoso en\nsus centros de estudio, y la destituci\u00f3n de los maestros acosadores.<\/p>\n\n\n\n<p>Destac\u00f3 a la cabeza de la marcha las integrantes de la\nAgenda de las Mujeres por la Igualdad Sustantiva en Yucat\u00e1n, (AMISY) quienes\nacompa\u00f1aron a do\u00f1a Ligia Canto en su exigencia de justicia para su hija Ema Gabriela\nMolina Canto quien fuera brutalmente asesinada a la entrada de su casa.<\/p>\n\n\n\n<figure class=\"wp-block-image size-large\"><img loading=\"lazy\" width=\"1024\" height=\"683\" src=\"http:\/\/visionpeninsular.com\/mid\/wp-content\/uploads\/2020\/03\/WhatsApp-Image-2020-03-08-at-8.50.44-PM-1024x683.jpeg\" alt=\"\" class=\"wp-image-120131\" srcset=\"https:\/\/visionpeninsular.com\/mid\/wp-content\/uploads\/2020\/03\/WhatsApp-Image-2020-03-08-at-8.50.44-PM-1024x683.jpeg 1024w, https:\/\/visionpeninsular.com\/mid\/wp-content\/uploads\/2020\/03\/WhatsApp-Image-2020-03-08-at-8.50.44-PM-300x200.jpeg 300w, https:\/\/visionpeninsular.com\/mid\/wp-content\/uploads\/2020\/03\/WhatsApp-Image-2020-03-08-at-8.50.44-PM-768x512.jpeg 768w, https:\/\/visionpeninsular.com\/mid\/wp-content\/uploads\/2020\/03\/WhatsApp-Image-2020-03-08-at-8.50.44-PM.jpeg 1080w\" sizes=\"(max-width: 1024px) 100vw, 1024px\" \/><\/figure>\n\n\n\n<p>Do\u00f1a Ligia manifest\u00f3 que ella insiste en la exigencia de\njusticia para su hija, dando la cara, sin cubrirse el rostro, por estar\nconvencida de ser un leg\u00edtimo reclamo y esta asistida por el deecho.<\/p>\n\n\n\n<p>\u201cSomos la voz de quien ya no tiene voz\u201d, dijo.<\/p>\n\n\n\n<p>La marcha transcurri\u00f3 de manera pac\u00edfica, salvo por un\nincidente, en el que un padre de familia, participante de la Bici Ruta\nacompa\u00f1ado de su peque\u00f1o hijo, qued\u00f3 atrapado en medio del contingente femenino,\na quien unas mujeres encapuchadas exigieron que saliera, pues no estaba\npermitida la presencia de hombres en el evento.<\/p>\n\n\n\n<figure class=\"wp-block-embed-youtube wp-block-embed is-type-video is-provider-youtube wp-embed-aspect-4-3 wp-has-aspect-ratio\"><div class=\"wp-block-embed__wrapper\">\n<iframe loading=\"lazy\" title=\"8 de Marzo2\" width=\"618\" height=\"464\" src=\"https:\/\/www.youtube.com\/embed\/Xrt2GYG2sJo?feature=oembed\" frameborder=\"0\" allow=\"accelerometer; autoplay; encrypted-media; gyroscope; picture-in-picture\" allowfullscreen><\/iframe>\n<\/div><\/figure>\n\n\n\n<p>Cabe destacar que esta marcha, ha sido la m\u00e1s nutrida y &nbsp;mejor organizada de la que se tenga memoria en\nla entidad. <\/p>\n<div class='share-to-whatsapp-wrapper'><div class='share-on-whsp'>Share on: <\/div><a data-text='MERIDA SE CIMBRA CON LA MARCHA DE MUJERES' data-link='https:\/\/visionpeninsular.com\/mid\/merida-se-cimbra-con-la-marcha-de-mujeres\/' class='whatsapp-button whatsapp-share'>WhatsApp<\/a><div class='clear '><\/div><\/div>","protected":false},"excerpt":{"rendered":"<p>Convocadas por colectivos feministas y diversas asociaciones civiles, miles de mujeres, calculadas entre dos y cinco mil, &nbsp;se dieron cita para conmemorar el 8M, D\u00eda Internacional de la Mujer, con la exigencia de justicia y respeto a sus derechos, ante la creciente ola de feminicidios, acoso y hostigamiento tanto laboral como sexual, tanto en la &hellip;<\/p>\n","protected":false},"author":5,"featured_media":120128,"comment_status":"open","ping_status":"open","sticky":false,"template":"","format":"standard","meta":{"_mi_skip_tracking":false},"categories":[50,37],"tags":[10254,5562,19900,19899],"_links":{"self":[{"href":"https:\/\/visionpeninsular.com\/mid\/wp-json\/wp\/v2\/posts\/120126"}],"collection":[{"href":"https:\/\/visionpeninsular.com\/mid\/wp-json\/wp\/v2\/posts"}],"about":[{"href":"https:\/\/visionpeninsular.com\/mid\/wp-json\/wp\/v2\/types\/post"}],"author":[{"embeddable":true,"href":"https:\/\/visionpeninsular.com\/mid\/wp-json\/wp\/v2\/users\/5"}],"replies":[{"embeddable":true,"href":"https:\/\/visionpeninsular.com\/mid\/wp-json\/wp\/v2\/comments?post=120126"}],"version-history":[{"count":1,"href":"https:\/\/visionpeninsular.com\/mid\/wp-json\/wp\/v2\/posts\/120126\/revisions"}],"predecessor-version":[{"id":120133,"href":"https:\/\/visionpeninsular.com\/mid\/wp-json\/wp\/v2\/posts\/120126\/revisions\/120133"}],"wp:featuredmedia":[{"embeddable":true,"href":"https:\/\/visionpeninsular.com\/mid\/wp-json\/wp\/v2\/media\/120128"}],"wp:attachment":[{"href":"https:\/\/visionpeninsular.com\/mid\/wp-json\/wp\/v2\/media?parent=120126"}],"wp:term":[{"taxonomy":"category","embeddable":true,"href":"https:\/\/visionpeninsular.com\/mid\/wp-json\/wp\/v2\/categories?post=120126"},{"taxonomy":"post_tag","embeddable":true,"href":"https:\/\/visionpeninsular.com\/mid\/wp-json\/wp\/v2\/tags?post=120126"}],"curies":[{"name":"wp","href":"https:\/\/api.w.org\/{rel}","templated":true}]}}