{"id":120109,"date":"2020-03-08T19:13:49","date_gmt":"2020-03-09T01:13:49","guid":{"rendered":"http:\/\/visionpeninsular.com\/mid\/?p=120109"},"modified":"2020-03-08T19:13:55","modified_gmt":"2020-03-09T01:13:55","slug":"miles-de-mujeres-marchan-en-merida-para-pedir-alto-a-la-violencia-de-genero","status":"publish","type":"post","link":"https:\/\/visionpeninsular.com\/mid\/miles-de-mujeres-marchan-en-merida-para-pedir-alto-a-la-violencia-de-genero\/","title":{"rendered":"Miles de mujeres marchan en M\u00e9rida para pedir alto a la violencia de g\u00e9nero"},"content":{"rendered":"\n<p>En el marco del 8M, D\u00eda Internacional de la Mujer, cientos de mujeres, calculadas entre dos y cinco mil de acuerdo con diversas estimaciones, marcharon la ma\u00f1ana de este domingo para exigir un alto a la violencia de g\u00e9nero y a la discriminaci\u00f3n en Yucat\u00e1n, partiendo a las 9 de la ma\u00f1ana desde el Monumento a la Patria y hasta el Remate de Montejo, sin llegar\u00a0 a la Plaza Grande, \u00a0que era el destino inicial del recorrido.<\/p>\n\n\n\n<p>La mayor\u00eda de las mujeres iban vestidas de blanco, morado y\nalgunas portaban pa\u00f1oletas verdes y &nbsp;carteles\ncon frases alusivas a la lucha por la equidad y respeto a sus derechos.<\/p>\n\n\n\n<p>Cabe destacar, que en M\u00e9rida, &nbsp;la marcha que fue convocada por colectivos\nfeministas y asociaciones civiles, &nbsp;fue pac\u00edfica\na diferencia de los sucesos ocurridos en lugares como la Ciudad de M\u00e9xico y\nMonterrey, donde las manifestantes causaron destrozos, como ha sucedido en las\n\u00faltimas manifestaciones.<\/p>\n\n\n\n<p>&nbsp;El \u00fanico incidente\nregistrado durante la manifestaci\u00f3n, sucedi\u00f3 &nbsp;cuando un padre de familia acompa\u00f1ado de su\npeque\u00f1o hijo, quienes participaban de la Bici Ruta, &nbsp;qued\u00f3 en medio del contingente de las mujeres,\ny algunas de las encapuchadas comenzaron a pedirle que se fuera, porque era una\nmarcha exclusiva de mujeres.<\/p>\n\n\n\n<p>Ma\u00f1ana &nbsp;se realizar\u00e1\nla campa\u00f1a \u201cUn d\u00eda sin nosotras\u201d, que invita a las mujeres a quedarse en casa,\nsin realizar sus actividades habituales, incluyendo compras y labores.<\/p>\n<div class='share-to-whatsapp-wrapper'><div class='share-on-whsp'>Share on: <\/div><a data-text='Miles de mujeres marchan en M\u00e9rida para pedir alto a la violencia de g\u00e9nero' data-link='https:\/\/visionpeninsular.com\/mid\/miles-de-mujeres-marchan-en-merida-para-pedir-alto-a-la-violencia-de-genero\/' class='whatsapp-button whatsapp-share'>WhatsApp<\/a><div class='clear '><\/div><\/div>","protected":false},"excerpt":{"rendered":"<p>En el marco del 8M, D\u00eda Internacional de la Mujer, cientos de mujeres, calculadas entre dos y cinco mil de acuerdo con diversas estimaciones, marcharon la ma\u00f1ana de este domingo para exigir un alto a la violencia de g\u00e9nero y a la discriminaci\u00f3n en Yucat\u00e1n, partiendo a las 9 de la ma\u00f1ana desde el Monumento &hellip;<\/p>\n","protected":false},"author":5,"featured_media":120111,"comment_status":"open","ping_status":"open","sticky":false,"template":"","format":"standard","meta":{"_mi_skip_tracking":false},"categories":[50,37],"tags":[10254,18508],"_links":{"self":[{"href":"https:\/\/visionpeninsular.com\/mid\/wp-json\/wp\/v2\/posts\/120109"}],"collection":[{"href":"https:\/\/visionpeninsular.com\/mid\/wp-json\/wp\/v2\/posts"}],"about":[{"href":"https:\/\/visionpeninsular.com\/mid\/wp-json\/wp\/v2\/types\/post"}],"author":[{"embeddable":true,"href":"https:\/\/visionpeninsular.com\/mid\/wp-json\/wp\/v2\/users\/5"}],"replies":[{"embeddable":true,"href":"https:\/\/visionpeninsular.com\/mid\/wp-json\/wp\/v2\/comments?post=120109"}],"version-history":[{"count":1,"href":"https:\/\/visionpeninsular.com\/mid\/wp-json\/wp\/v2\/posts\/120109\/revisions"}],"predecessor-version":[{"id":120112,"href":"https:\/\/visionpeninsular.com\/mid\/wp-json\/wp\/v2\/posts\/120109\/revisions\/120112"}],"wp:featuredmedia":[{"embeddable":true,"href":"https:\/\/visionpeninsular.com\/mid\/wp-json\/wp\/v2\/media\/120111"}],"wp:attachment":[{"href":"https:\/\/visionpeninsular.com\/mid\/wp-json\/wp\/v2\/media?parent=120109"}],"wp:term":[{"taxonomy":"category","embeddable":true,"href":"https:\/\/visionpeninsular.com\/mid\/wp-json\/wp\/v2\/categories?post=120109"},{"taxonomy":"post_tag","embeddable":true,"href":"https:\/\/visionpeninsular.com\/mid\/wp-json\/wp\/v2\/tags?post=120109"}],"curies":[{"name":"wp","href":"https:\/\/api.w.org\/{rel}","templated":true}]}}